{"id":51836,"date":"2019-07-31T09:22:32","date_gmt":"2019-07-31T12:22:32","guid":{"rendered":"http:\/\/catolicanet.net\/wp-cnet\/?p=51836"},"modified":"2019-07-31T09:22:32","modified_gmt":"2019-07-31T12:22:32","slug":"incendio-destroi-igreja-historica-com-mais-de-120-anos","status":"publish","type":"post","link":"https:\/\/catolicanet.net\/wp-cnet\/incendio-destroi-igreja-historica-com-mais-de-120-anos\/","title":{"rendered":"Inc\u00eandio destr\u00f3i igreja hist\u00f3rica com mais de 120 anos"},"content":{"rendered":"<p><iframe loading=\"lazy\" width=\"696\" height=\"522\" src=\"https:\/\/www.youtube.com\/embed\/Sysd9H78VGg?feature=oembed\" frameborder=\"0\" allow=\"accelerometer; autoplay; encrypted-media; gyroscope; picture-in-picture\" allowfullscreen><\/iframe><\/p>\n<p>Uma hist\u00f3rica com mais de 120 anos foi destru\u00edda por um inc\u00eandio, na segunda-feira, 29 de julho, na Diocese de Austin, Texas (Estados Unidos), causando a dor da pequena comunidade de 244 fam\u00edlias.<\/p>\n<p>Trata-se da igreja de madeira da Visita\u00e7\u00e3o, que desde o final do s\u00e9culo XIX servia aos fi\u00e9is do sudoeste do Condado de Falls, muitos deles imigrantes da regi\u00e3o alem\u00e3 de Westfalia. Diz-se que seus mais de 20 vitrais provinham desta regi\u00e3o da Europa.<\/p>\n<p><iframe loading=\"lazy\" src=\"https:\/\/www.facebook.com\/plugins\/post.php?href=https%3A%2F%2Fwww.facebook.com%2Fmedia%2Fset%2F%3Fset%3Da.10157360612444618%26type%3D3&amp;width=500\" width=\"500\" height=\"795\" frameborder=\"0\" scrolling=\"no\" data-mce-fragment=\"1\"><\/iframe><\/p>\n<p>Em sua conta no Facebook, a Diocese de Austin transmitiu a dor do Bispo local, Dom Joe S. V\u00e1squez. &#8220;Fico triste pelo povo de Westfalia que sofreu essa tremenda perda&#8221;, expressou o Prelado, que agradeceu &#8220;a todos os bombeiros e departamentos que responderam ao inc\u00eandio&#8221;.<\/p>\n<p>A Diocese indicou que a par\u00f3quia foi fundada em 1893 e que n\u00e3o foram registrados feridos.<\/p>\n<p>Dom V\u00e1squez visitou o local e, de acordo com a imprensa, apesar da dor, mostrou-se otimista em poder reconstruir o edif\u00edcio.<\/p>\n<p>\u201cAcho que sim, temos que reconstruir. Com a grande tradi\u00e7\u00e3o deste lugar, h\u00e1 muitas coisas que n\u00e3o podemos abandonar&#8221;, disse.<\/p>\n<p>\u201cEste \u00e9 um lugar que significa muito para o povo. As pessoas trouxeram seus filhos para serem batizados aqui. Casaram-se aqui. Celebraram os sacramentos aqui. Foram enterrados por esta igreja. H\u00e1 um grande amor e tradi\u00e7\u00e3o nesta igreja\u201d, indicou.<\/p>\n","protected":false},"excerpt":{"rendered":"<p>Uma hist\u00f3rica com mais de 120 anos foi destru\u00edda por um inc\u00eandio, na segunda-feira, 29 de julho, na Diocese de Austin, Texas (Estados Unidos), causando a dor da pequena comunidade de 244 fam\u00edlias. Trata-se da igreja de madeira da Visita\u00e7\u00e3o, que desde o final do s\u00e9culo XIX servia aos fi\u00e9is do sudoeste do Condado de [&hellip;]<\/p>\n","protected":false},"author":1,"featured_media":51837,"comment_status":"open","ping_status":"closed","sticky":false,"template":"","format":"standard","meta":{"footnotes":""},"categories":[4],"tags":[],"class_list":["post-51836","post","type-post","status-publish","format-standard","has-post-thumbnail","hentry","category-cotidiano"],"_links":{"self":[{"href":"https:\/\/catolicanet.net\/wp-cnet\/wp-json\/wp\/v2\/posts\/51836","targetHints":{"allow":["GET"]}}],"collection":[{"href":"https:\/\/catolicanet.net\/wp-cnet\/wp-json\/wp\/v2\/posts"}],"about":[{"href":"https:\/\/catolicanet.net\/wp-cnet\/wp-json\/wp\/v2\/types\/post"}],"author":[{"embeddable":true,"href":"https:\/\/catolicanet.net\/wp-cnet\/wp-json\/wp\/v2\/users\/1"}],"replies":[{"embeddable":true,"href":"https:\/\/catolicanet.net\/wp-cnet\/wp-json\/wp\/v2\/comments?post=51836"}],"version-history":[{"count":1,"href":"https:\/\/catolicanet.net\/wp-cnet\/wp-json\/wp\/v2\/posts\/51836\/revisions"}],"predecessor-version":[{"id":51838,"href":"https:\/\/catolicanet.net\/wp-cnet\/wp-json\/wp\/v2\/posts\/51836\/revisions\/51838"}],"wp:featuredmedia":[{"embeddable":true,"href":"https:\/\/catolicanet.net\/wp-cnet\/wp-json\/wp\/v2\/media\/51837"}],"wp:attachment":[{"href":"https:\/\/catolicanet.net\/wp-cnet\/wp-json\/wp\/v2\/media?parent=51836"}],"wp:term":[{"taxonomy":"category","embeddable":true,"href":"https:\/\/catolicanet.net\/wp-cnet\/wp-json\/wp\/v2\/categories?post=51836"},{"taxonomy":"post_tag","embeddable":true,"href":"https:\/\/catolicanet.net\/wp-cnet\/wp-json\/wp\/v2\/tags?post=51836"}],"curies":[{"name":"wp","href":"https:\/\/api.w.org\/{rel}","templated":true}]}}