{"id":51827,"date":"2019-07-31T08:47:18","date_gmt":"2019-07-31T11:47:18","guid":{"rendered":"http:\/\/catolicanet.net\/wp-cnet\/?p=51827"},"modified":"2019-07-31T09:00:44","modified_gmt":"2019-07-31T12:00:44","slug":"mes-vocacional-tempo-especial-de-reflexao-e-oracao-pelas-vocacoes-e-ministerios","status":"publish","type":"post","link":"https:\/\/catolicanet.net\/wp-cnet\/mes-vocacional-tempo-especial-de-reflexao-e-oracao-pelas-vocacoes-e-ministerios\/","title":{"rendered":"M\u00eas Vocacional, tempo especial de reflex\u00e3o e ora\u00e7\u00e3o pelas voca\u00e7\u00f5es e minist\u00e9rios"},"content":{"rendered":"<p>Na caminhada vocacional, alguns eventos foram determinantes para a constru\u00e7\u00e3o da identidade que, hoje, caracteriza o servi\u00e7o de anima\u00e7\u00e3o vocacional na Igreja do Brasil. O m\u00eas vocacional \u00e9 um desses exemplos. Assumido em \u00e2mbito nacional, em 1981, por dioceses e regionais da Confer\u00eancia Nacional dos Bispos do Brasil (CNBB), seu intuito \u00e9 ser um tempo especial de reflex\u00e3o e ora\u00e7\u00e3o pelas voca\u00e7\u00f5es e minist\u00e9rios.<\/p>\n<p>Este ano, em espec\u00edfico, a inspira\u00e7\u00e3o principal do m\u00eas vocacional est\u00e1 em sintonia com o 4\u00ba Congresso Vocacional do Brasil que tem como tema \u201cVoca\u00e7\u00e3o e Discernimento\u201d e ser\u00e1 realizado de 05 a 08 de setembro, no Centro de Eventos do Santu\u00e1rio Nacional Nossa Senhora de Aparecida, em Aparecida (SP).\u00a0\u201cO assunto \u00e9 o discernimento, quer dizer, saber perceber, dar-se conta e responder ent\u00e3o ao chamado que cada um faz de n\u00f3s\u201d, afirma o presidente da Comiss\u00e3o para os Minist\u00e9rios Ordenados e a Vida Consagrada, dom Jo\u00e3o Francisco Salm.<\/p>\n<p>Hoje cada domingo do m\u00eas de agosto \u00e9 dedicado \u00e0 celebra\u00e7\u00e3o de uma determinada voca\u00e7\u00e3o. Dom Francisco Salm salienta que como membros da Igreja, filhos e filhas de Deus todas as pessoas t\u00eam chamados particulares para o servi\u00e7o e para uma presen\u00e7a espec\u00edfica na Igreja e no mundo. \u201cO dom e a capacidade de amar \u00e9 uma coisa muito grande em nossa vida\u201d, comenta.<\/p>\n<p>No primeiro domingo do m\u00eas, 04 de julho, celebra-se a voca\u00e7\u00e3o para o minist\u00e9rio ordenado: di\u00e1conos, padres e bispos; no segundo, a voca\u00e7\u00e3o para a vida e a fam\u00edlia (aten\u00e7\u00e3o especial aos pais); no terceiro, a voca\u00e7\u00e3o para a vida consagrada: religiosos e consagrados seculares, e por fim, no quarto, a voca\u00e7\u00e3o para os minist\u00e9rios servi\u00e7os na comunidade.<\/p>\n<p>Neste contexto, o portal da CNBB divulga com exclusividade a partir desta semana algumas entrevistas sobre o m\u00eas vocacional. A primeira delas \u00e9 com o dom Jo\u00e3o Francisco Salm:<\/p>\n<p><iframe loading=\"lazy\" width=\"696\" height=\"392\" src=\"https:\/\/www.youtube.com\/embed\/mxuAE0ajjaU?feature=oembed\" frameborder=\"0\" allow=\"accelerometer; autoplay; encrypted-media; gyroscope; picture-in-picture\" allowfullscreen><\/iframe><\/p>\n<p>&nbsp;<\/p>\n<p>&nbsp;<\/p>\n","protected":false},"excerpt":{"rendered":"<p>Na caminhada vocacional, alguns eventos foram determinantes para a constru\u00e7\u00e3o da identidade que, hoje, caracteriza o servi\u00e7o de anima\u00e7\u00e3o vocacional na Igreja do Brasil. O m\u00eas vocacional \u00e9 um desses exemplos. Assumido em \u00e2mbito nacional, em 1981, por dioceses e regionais da Confer\u00eancia Nacional dos Bispos do Brasil (CNBB), seu intuito \u00e9 ser um tempo [&hellip;]<\/p>\n","protected":false},"author":1,"featured_media":51828,"comment_status":"open","ping_status":"closed","sticky":false,"template":"","format":"standard","meta":{"footnotes":""},"categories":[13],"tags":[],"class_list":["post-51827","post","type-post","status-publish","format-standard","has-post-thumbnail","hentry","category-featured"],"_links":{"self":[{"href":"https:\/\/catolicanet.net\/wp-cnet\/wp-json\/wp\/v2\/posts\/51827","targetHints":{"allow":["GET"]}}],"collection":[{"href":"https:\/\/catolicanet.net\/wp-cnet\/wp-json\/wp\/v2\/posts"}],"about":[{"href":"https:\/\/catolicanet.net\/wp-cnet\/wp-json\/wp\/v2\/types\/post"}],"author":[{"embeddable":true,"href":"https:\/\/catolicanet.net\/wp-cnet\/wp-json\/wp\/v2\/users\/1"}],"replies":[{"embeddable":true,"href":"https:\/\/catolicanet.net\/wp-cnet\/wp-json\/wp\/v2\/comments?post=51827"}],"version-history":[{"count":1,"href":"https:\/\/catolicanet.net\/wp-cnet\/wp-json\/wp\/v2\/posts\/51827\/revisions"}],"predecessor-version":[{"id":51829,"href":"https:\/\/catolicanet.net\/wp-cnet\/wp-json\/wp\/v2\/posts\/51827\/revisions\/51829"}],"wp:featuredmedia":[{"embeddable":true,"href":"https:\/\/catolicanet.net\/wp-cnet\/wp-json\/wp\/v2\/media\/51828"}],"wp:attachment":[{"href":"https:\/\/catolicanet.net\/wp-cnet\/wp-json\/wp\/v2\/media?parent=51827"}],"wp:term":[{"taxonomy":"category","embeddable":true,"href":"https:\/\/catolicanet.net\/wp-cnet\/wp-json\/wp\/v2\/categories?post=51827"},{"taxonomy":"post_tag","embeddable":true,"href":"https:\/\/catolicanet.net\/wp-cnet\/wp-json\/wp\/v2\/tags?post=51827"}],"curies":[{"name":"wp","href":"https:\/\/api.w.org\/{rel}","templated":true}]}}