{"id":51818,"date":"2019-07-30T16:18:25","date_gmt":"2019-07-30T19:18:25","guid":{"rendered":"http:\/\/catolicanet.net\/wp-cnet\/?p=51818"},"modified":"2019-07-30T16:18:25","modified_gmt":"2019-07-30T19:18:25","slug":"nomeiam-presidente-da-conferencia-dos-bispos-africanos","status":"publish","type":"post","link":"https:\/\/catolicanet.net\/wp-cnet\/nomeiam-presidente-da-conferencia-dos-bispos-africanos\/","title":{"rendered":"Nomeiam presidente da Confer\u00eancia dos Bispos Africanos"},"content":{"rendered":"<p>Durante a Assembleia Plen\u00e1ria no Jubileu de Ouro das Confer\u00eancias Episcopais da \u00c1frica e Madagascar (SECAM), os prelados africanos elegeram como seu presidente o Bispo de Ouahigouya, Philippe Ou\u00e9draogo.<\/p>\n<p>A celebra\u00e7\u00e3o do Jubileu do Simp\u00f3sio de SECAM e sua 18\u00aa Assembleia Plen\u00e1ria aconteceram de 19 a 29 de julho, em Kampala (Uganda), com o tema: \u201cPara que conhe\u00e7am a Cristo e tenham vida em abund\u00e2ncia\u201d.<\/p>\n<p>Em sua mensagem final, publicada em 28 de julho, SECAM chamou seu jubileu de ouro de &#8220;um tempo de a\u00e7\u00e3o de gra\u00e7as&#8221; e de comunh\u00e3o.<\/p>\n<p>O simp\u00f3sio disse que o jubileu \u00e9 \u201cum compromisso a servi\u00e7o da reconcilia\u00e7\u00e3o, da justi\u00e7a e da paz que promove a comunh\u00e3o e a solidariedade pastoral que nos permite nos unir contra: a coloniza\u00e7\u00e3o ideol\u00f3gica, monop\u00f3lio de terras, desestabiliza\u00e7\u00e3o pol\u00edtica e democr\u00e1tica, tr\u00e1fico de seres humanos, terrorismo e tr\u00e1fico de armas, etc.\u201d.<\/p>\n<p>Os bispos dizem que SECAM deve ser &#8220;um sinal de esperan\u00e7a, especialmente para as fam\u00edlias e nossos pa\u00edses&#8221;.<\/p>\n<p>Do mesmo modo, assinalaram que \u201ca fam\u00edlia fundada na uni\u00e3o de homens e mulheres continua sendo o primeiro lugar de evangeliza\u00e7\u00e3o; \u00e9 por isso que SECAM continua insistindo em sua import\u00e2ncia, voca\u00e7\u00e3o e natureza conforme ordenado por Deus\u201d.<\/p>\n<p>Em outro momento, os prelados enfatizaram a import\u00e2ncia do desenvolvimento humano integral e &#8220;as dimens\u00f5es sociopol\u00edticas da evangeliza\u00e7\u00e3o&#8221;, e pediram aos &#8220;pol\u00edticos e governos que trabalhem pelo bem-estar de seu povo&#8221;.<\/p>\n<p>Os m\u00e1rtires de Uganda, disseram os bispos, \u201cnos lembram da import\u00e2ncia de permanecermos fi\u00e9is \u00e0 nossa f\u00e9 em Cristo e ao nosso compromisso batismal. S\u00e3o tamb\u00e9m modelos para todos os batizados, especialmente os catequistas\u201d.<\/p>\n<p>Carlos Lwanga, Jos\u00e9 Mkasa, junto com seus 20 companheiros, foram martirizados entre 1885 e 1887, em Uganda, por terem fundado a Sociedade dos Mission\u00e1rios da \u00c1frica, conhecida como os Padres Brancos, que foi respons\u00e1vel pela evangeliza\u00e7\u00e3o daquele continente durante o s\u00e9culo. XIX.<\/p>\n<p>SECAM tamb\u00e9m apontou que as crian\u00e7as &#8220;devem receber aten\u00e7\u00e3o especial e educa\u00e7\u00e3o crist\u00e3 de qualidade para serem testemunhas eficazes de Cristo&#8221;.<\/p>\n<p>Chamaram a aten\u00e7\u00e3o para o &#8220;papel insubstitu\u00edvel&#8221; das mulheres na igreja e na sociedade, dizendo que &#8220;sua participa\u00e7\u00e3o na educa\u00e7\u00e3o e na evangeliza\u00e7\u00e3o \u00e9 indispens\u00e1vel&#8221;.<\/p>\n<p>Na assembleia plen\u00e1ria, os membros de SECAM tamb\u00e9m fizeram uma s\u00e9rie de compromissos e exorta\u00e7\u00f5es.<\/p>\n<p>Comprometeram-se a investir \u201cmais profundamente na forma\u00e7\u00e3o b\u00edblica, teol\u00f3gica, moral e espiritual de todos os batizados; aliment\u00e1-los com a Palavra de Deus e os sacramentos, para que possam fazer o evangelho penetrar em todos os aspectos da vida\u201d, e fazer do jubileu \u201cum trampolim para a nova evangeliza\u00e7\u00e3o\u201d.<\/p>\n<p>Os bispos tamb\u00e9m se comprometeram a promover &#8220;a forma\u00e7\u00e3o humana e a educa\u00e7\u00e3o profissional, moral e espiritual de crian\u00e7as e jovens e ajud\u00e1-los a estar mais profundamente enraizados nos valores do evangelho&#8221;, bem como a aprofundar a colabora\u00e7\u00e3o com l\u00edderes pol\u00edticos e torn\u00e1-los respons\u00e1vel &#8220;por colocar os nossos recursos humanos e naturais a servi\u00e7o do desenvolvimento, reconcilia\u00e7\u00e3o, justi\u00e7a e paz&#8221;.<\/p>\n<p>Tamb\u00e9m exortaram as comunidades religiosas a serem fi\u00e9is \u00e0 sua voca\u00e7\u00e3o e a participarem do \u201cinterc\u00e2mbio mission\u00e1rio\u201d entre as dioceses, e recomendaram que \u201ca forma\u00e7\u00e3o dos sacerdotes visasse ajud\u00e1-los a desenvolver um relacionamento pessoal mais \u00edntimo com Cristo, a maturidade humana e espiritual, um senso de servi\u00e7o e responsabilidade e paix\u00e3o pela miss\u00e3o da igreja\u201d.<\/p>\n<p>&#8220;Encorajamos as Igrejas particulares a participarem na forma\u00e7\u00e3o, acompanhamento e orienta\u00e7\u00e3o dos funcion\u00e1rios p\u00fablicos e pol\u00edticos em seus respectivos lugares para combater a corrup\u00e7\u00e3o, promover um bom governo e uma melhor gest\u00e3o dos recursos humanos e naturais&#8221;, acrescentaram os bispos.<\/p>\n<p>SECAM elegeu Dom Sithembele Sipuka, de Mthatha, como seu primeiro vice-presidente, e Dom Lucio Muandula, de Xai-Xai, seu segundo vice-presidente. Pe. Terwase Henry Akaabiam foi nomeado secret\u00e1rio geral.<\/p>\n<p>O simp\u00f3sio surgiu dos desejos dos bispos africanos no Conc\u00edlio Vaticano II de falar com uma s\u00f3 voz.<\/p>\n<p>O Cardeal Ou\u00e9draogo anunciou que SECAM emitir\u00e1 o \u201cDocumento de Kampala\u201d ap\u00f3s a assembleia, para \u201cajudar o povo de Deus a aprofundar seu conhecimento de Cristo nosso Salvador e torn\u00e1-lo conhecido como o Caminho, a Verdade e a Vida\u201d.<\/p>\n<p>O simp\u00f3sio pretende que o documento \u201cse torne um texto de refer\u00eancia para nossa miss\u00e3o\u201d.<\/p>\n","protected":false},"excerpt":{"rendered":"<p>Durante a Assembleia Plen\u00e1ria no Jubileu de Ouro das Confer\u00eancias Episcopais da \u00c1frica e Madagascar (SECAM), os prelados africanos elegeram como seu presidente o Bispo de Ouahigouya, Philippe Ou\u00e9draogo. A celebra\u00e7\u00e3o do Jubileu do Simp\u00f3sio de SECAM e sua 18\u00aa Assembleia Plen\u00e1ria aconteceram de 19 a 29 de julho, em Kampala (Uganda), com o tema: [&hellip;]<\/p>\n","protected":false},"author":1,"featured_media":51819,"comment_status":"open","ping_status":"closed","sticky":false,"template":"","format":"standard","meta":{"footnotes":""},"categories":[4],"tags":[],"class_list":["post-51818","post","type-post","status-publish","format-standard","has-post-thumbnail","hentry","category-cotidiano"],"_links":{"self":[{"href":"https:\/\/catolicanet.net\/wp-cnet\/wp-json\/wp\/v2\/posts\/51818","targetHints":{"allow":["GET"]}}],"collection":[{"href":"https:\/\/catolicanet.net\/wp-cnet\/wp-json\/wp\/v2\/posts"}],"about":[{"href":"https:\/\/catolicanet.net\/wp-cnet\/wp-json\/wp\/v2\/types\/post"}],"author":[{"embeddable":true,"href":"https:\/\/catolicanet.net\/wp-cnet\/wp-json\/wp\/v2\/users\/1"}],"replies":[{"embeddable":true,"href":"https:\/\/catolicanet.net\/wp-cnet\/wp-json\/wp\/v2\/comments?post=51818"}],"version-history":[{"count":1,"href":"https:\/\/catolicanet.net\/wp-cnet\/wp-json\/wp\/v2\/posts\/51818\/revisions"}],"predecessor-version":[{"id":51820,"href":"https:\/\/catolicanet.net\/wp-cnet\/wp-json\/wp\/v2\/posts\/51818\/revisions\/51820"}],"wp:featuredmedia":[{"embeddable":true,"href":"https:\/\/catolicanet.net\/wp-cnet\/wp-json\/wp\/v2\/media\/51819"}],"wp:attachment":[{"href":"https:\/\/catolicanet.net\/wp-cnet\/wp-json\/wp\/v2\/media?parent=51818"}],"wp:term":[{"taxonomy":"category","embeddable":true,"href":"https:\/\/catolicanet.net\/wp-cnet\/wp-json\/wp\/v2\/categories?post=51818"},{"taxonomy":"post_tag","embeddable":true,"href":"https:\/\/catolicanet.net\/wp-cnet\/wp-json\/wp\/v2\/tags?post=51818"}],"curies":[{"name":"wp","href":"https:\/\/api.w.org\/{rel}","templated":true}]}}