{"id":51802,"date":"2019-07-30T14:46:18","date_gmt":"2019-07-30T17:46:18","guid":{"rendered":"http:\/\/catolicanet.net\/wp-cnet\/?p=51802"},"modified":"2019-07-30T14:46:18","modified_gmt":"2019-07-30T17:46:18","slug":"regional-norte-2-da-cnbb-emite-nota-sobre-a-tragedia-no-presidio-de-altamira","status":"publish","type":"post","link":"https:\/\/catolicanet.net\/wp-cnet\/regional-norte-2-da-cnbb-emite-nota-sobre-a-tragedia-no-presidio-de-altamira\/","title":{"rendered":"Regional Norte 2 da CNBB emite nota sobre a trag\u00e9dia no Pres\u00eddio de Altamira"},"content":{"rendered":"<p>Os bispos que comp\u00f5em o Regional Norte 2, que compreende os estados do Amap\u00e1 e Par\u00e1, da Confer\u00eancia Nacional dos Bispos do Brasil e a Arquidiocese de Bel\u00e9m emitiram uma nota p\u00fablica em rep\u00fadio \u00e0 toda e qualquer forma de viol\u00eancia e desrespeito \u00e0 dignidade humana diante dos fatos ocorridos no Pres\u00eddio Regional de Altamira.<\/p>\n<p>Leia a nota na \u00edntegra:<\/p>\n<p><strong>Nota sobre a viol\u00eancia<\/strong><\/p>\n<p><strong>Trag\u00e9dia no Pres\u00eddio Regional de Altamira\u00a0<\/strong><\/p>\n<p>30 de Julho de 2019<\/p>\n<p>Considerando a trag\u00e9dia acontecida no pres\u00eddio Regional de Altamira, no dia 29 de julho, a Confer\u00eancia Nacional dos Bispos do Brasil Regional Norte 2 e a Arquidiocese de Bel\u00e9m vem a p\u00fablico manifestar rep\u00fadio \u00e0 toda e qualquer forma de viol\u00eancia e desrespeito \u00e0 dignidade humana.<\/p>\n<p>O evento, lamentavelmente, n\u00e3o est\u00e1 isolado e \u00e9 mais um grito clamoroso acusando a ineficiente gest\u00e3o dos pres\u00eddios brasileiros caracterizada por fugas, rebeli\u00f5es, tens\u00e3o, ociosidade, p\u00e9ssimas estruturas, superlota\u00e7\u00e3o e neglig\u00eancia pedag\u00f3gica.<\/p>\n<p>Repudiamos a \u201ccultura do encarceramento em massa\u201d, bem como, a \u201cideologia da repress\u00e3o\u201d em vez da promo\u00e7\u00e3o da \u201ccultura preventiva\u201d dentro e fora dos pres\u00eddios.<\/p>\n<p>Por outro lado, bem sabemos, a cultura repressiva n\u00e3o tem consist\u00eancia para, de forma isolada, dar resposta \u00e0 gravidade e amplitude das causas da viol\u00eancia, que s\u00e3o m\u00faltiplas e profundas.<\/p>\n<p>Reiteramos a necessidade da promo\u00e7\u00e3o de pol\u00edticas p\u00fablicas integradas e a urg\u00eancia da promo\u00e7\u00e3o da preventividade, sobretudo, por meio de programas sociais voltados para o apoio \u00e0 fam\u00edlia, inf\u00e2ncia e juventude.<\/p>\n<p>Inspirados nas atitudes de Jesus Cristo, que tratou a todos com o m\u00e1ximo respeito, renovamos o nosso compromisso de presen\u00e7a diferenciada nas unidades prisionais atrav\u00e9s da Pastoral Carcer\u00e1ria.<\/p>\n<p>A promo\u00e7\u00e3o da justi\u00e7a n\u00e3o combina com a viol\u00eancia. Por isso, Deus n\u00e3o deseja a morte do pecador, mas sim que ele se converta e viva (cf. Ez 18, 23). Para isso precisamos de um Sistema Penal \u00e0 altura da dignidade humana para que a mais profunda remiss\u00e3o aconte\u00e7a na mente e no cora\u00e7\u00e3o de cada detento.<\/p>\n<p>\u00c9 preciso que continuemos a sonhar por mudan\u00e7as como nos pede a Palavra de Deus: \u201cN\u00e3o vos conformeis com este mundo, mas transformai-vos, renovando vossa maneira de pensar e julgar, para que possais distinguir o que \u00e9 da vontade de Deus, a saber, o que \u00e9 bom, o que lhe agrada, o que \u00e9 perfeito\u201d (Rm 12, 2).<\/p>\n<p>Que o sangue derramado nos pres\u00eddios seja semente de um sistema penal mais humano e coerente com a dignidade da pessoa humana!<\/p>\n<p>A todos chegue a nossa ben\u00e7\u00e3o de paz.<\/p>\n<p><strong>Bernardo Johannes Bahlmann<br \/>\n<\/strong>Bispo da Diocese de \u00d3bidos \u2013 PA<br \/>\nPresidente da CNBB Norte 2<\/p>\n<p><strong>Dom Alberto Taveira Corr\u00eaa<br \/>\n<\/strong>Arcebispo Metropolitano de Bel\u00e9m do Par\u00e1<br \/>\nVice-Presidente da CNBB Norte 2<\/p>\n<p><strong>Dom Irineu Roman<br \/>\n<\/strong>Bispo Auxiliar de Bel\u00e9m do Par\u00e1<br \/>\nSecret\u00e1rio da CNBB Norte 2<\/p>\n<p><strong>Dom Ant\u00f4nio de Assis Ribeiro<br \/>\n<\/strong>Bispo Auxiliar de Bel\u00e9m do Par\u00e1<\/p>\n","protected":false},"excerpt":{"rendered":"<p>Os bispos que comp\u00f5em o Regional Norte 2, que compreende os estados do Amap\u00e1 e Par\u00e1, da Confer\u00eancia Nacional dos Bispos do Brasil e a Arquidiocese de Bel\u00e9m emitiram uma nota p\u00fablica em rep\u00fadio \u00e0 toda e qualquer forma de viol\u00eancia e desrespeito \u00e0 dignidade humana diante dos fatos ocorridos no Pres\u00eddio Regional de Altamira. [&hellip;]<\/p>\n","protected":false},"author":1,"featured_media":51803,"comment_status":"open","ping_status":"closed","sticky":false,"template":"","format":"standard","meta":{"footnotes":""},"categories":[7],"tags":[],"class_list":["post-51802","post","type-post","status-publish","format-standard","has-post-thumbnail","hentry","category-cnbb"],"_links":{"self":[{"href":"https:\/\/catolicanet.net\/wp-cnet\/wp-json\/wp\/v2\/posts\/51802","targetHints":{"allow":["GET"]}}],"collection":[{"href":"https:\/\/catolicanet.net\/wp-cnet\/wp-json\/wp\/v2\/posts"}],"about":[{"href":"https:\/\/catolicanet.net\/wp-cnet\/wp-json\/wp\/v2\/types\/post"}],"author":[{"embeddable":true,"href":"https:\/\/catolicanet.net\/wp-cnet\/wp-json\/wp\/v2\/users\/1"}],"replies":[{"embeddable":true,"href":"https:\/\/catolicanet.net\/wp-cnet\/wp-json\/wp\/v2\/comments?post=51802"}],"version-history":[{"count":1,"href":"https:\/\/catolicanet.net\/wp-cnet\/wp-json\/wp\/v2\/posts\/51802\/revisions"}],"predecessor-version":[{"id":51804,"href":"https:\/\/catolicanet.net\/wp-cnet\/wp-json\/wp\/v2\/posts\/51802\/revisions\/51804"}],"wp:featuredmedia":[{"embeddable":true,"href":"https:\/\/catolicanet.net\/wp-cnet\/wp-json\/wp\/v2\/media\/51803"}],"wp:attachment":[{"href":"https:\/\/catolicanet.net\/wp-cnet\/wp-json\/wp\/v2\/media?parent=51802"}],"wp:term":[{"taxonomy":"category","embeddable":true,"href":"https:\/\/catolicanet.net\/wp-cnet\/wp-json\/wp\/v2\/categories?post=51802"},{"taxonomy":"post_tag","embeddable":true,"href":"https:\/\/catolicanet.net\/wp-cnet\/wp-json\/wp\/v2\/tags?post=51802"}],"curies":[{"name":"wp","href":"https:\/\/api.w.org\/{rel}","templated":true}]}}