{"id":51794,"date":"2019-07-30T13:45:02","date_gmt":"2019-07-30T16:45:02","guid":{"rendered":"http:\/\/catolicanet.net\/wp-cnet\/?p=51794"},"modified":"2019-07-30T13:45:02","modified_gmt":"2019-07-30T16:45:02","slug":"o-pediatra-brasileiro-de-92-anos-que-atende-criancas-de-graca-ser-medico-e-isso","status":"publish","type":"post","link":"https:\/\/catolicanet.net\/wp-cnet\/o-pediatra-brasileiro-de-92-anos-que-atende-criancas-de-graca-ser-medico-e-isso\/","title":{"rendered":"O pediatra brasileiro de 92 anos que atende crian\u00e7as de gra\u00e7a: \u201cSer m\u00e9dico \u00e9 isso\u201d"},"content":{"rendered":"<h2 class=\"subtitle\">Ele pr\u00f3prio sofre com dores musculares: &#8220;A gente levanta com dor, mas vem trabalhar e acaba melhorando durante o dia&#8221;<\/h2>\n<div class=\"base-post-content\">Ele se formou em Medicina em 1951. Fez mestrado nos Estados Unidos e doutorado na Fran\u00e7a. Perdeu as contas de quantos pacientes j\u00e1 atendeu ao longo das d\u00e9cadas. Hoje, aos 92 anos e aposentado desde 2005, ele poderia desfrutar da tranquilidade do merecido descanso. Mas ele prefere continuar atendendo, e de gra\u00e7a, as crian\u00e7as necessitadas do litoral paranaense.O <strong>pediatra brasileiro Ivan Fontoura<\/strong> resume com simplicidade a sua identifica\u00e7\u00e3o entre quem \u00e9 e o que faz:<\/p>\n<blockquote><p><em>\u201cSer m\u00e9dico \u00e9 isso\u201d.<\/em><\/p><\/blockquote>\n<h3>\u201cA medicina \u00e9 um v\u00edcio bom\u201d<\/h3>\n<p>Faz tr\u00eas anos que, toda segunda e quinta-feira, ele dirige 12 quil\u00f4metros at\u00e9 o pequeno consult\u00f3rio do bairro Jardim Jacarand\u00e1, no munic\u00edpio de Pontal do Paran\u00e1, para atender pequenos grandes pacientes como Brayan Josviaki, de 6 anos. Ele \u00e9 neto da cozinheira Raquel Martins de Souza e recebe o atendimento do doutor Ivan desde que nasceu. A vov\u00f3 testemunha, <a href=\"https:\/\/www.semprefamilia.com.br\/ser-medico-e-isso-diz-pediatra-de-92-anos-que-atende-criancas-de-graca\/\" target=\"_blank\" rel=\"noopener noreferrer\">conforme relatado por mat\u00e9ria do site <em>Sempre Fam\u00edlia<\/em><\/a>:<\/p>\n<blockquote><p><em>\u201cEle \u00e9 um m\u00e9dico super competente, atencioso e cuida de todas as crian\u00e7as que o procuram\u201d.<\/em><\/p><\/blockquote>\n<p>O pediatra est\u00e1 dispon\u00edvel tamb\u00e9m para emerg\u00eancias fora do hor\u00e1rio de expediente, o que explica os seus in\u00fameros atrasos para almo\u00e7ar.<\/p>\n<blockquote>\n<div id=\"aleteia-welcome\" data-google-query-id=\"CNn0t5WL3eMCFYF2wQodcTEIBg\">\n<div id=\"google_ads_iframe_\/64500793\/PT_DESK_ARTICLE_WELCOME_1X1_0__container__\"><iframe id=\"google_ads_iframe_\/64500793\/PT_DESK_ARTICLE_WELCOME_1X1_0\" title=\"3rd party ad content\" name=\"google_ads_iframe_\/64500793\/PT_DESK_ARTICLE_WELCOME_1X1_0\" width=\"1\" height=\"1\" frameborder=\"0\" marginwidth=\"0\" marginheight=\"0\" scrolling=\"no\" data-google-container-id=\"3\" data-load-complete=\"true\" data-mce-fragment=\"1\"><\/iframe><\/div>\n<\/div>\n<p><em>\u201cO importante para ele \u00e9 atender as crian\u00e7as. S\u00f3 depois que termina, ele pensa em almo\u00e7ar\u201d.<\/em><\/p><\/blockquote>\n<p>Quem conta isso \u00e9 a pr\u00f3pria Raquel, que sabe do que fala: como trabalha num restaurante dos arredores, ela est\u00e1 acostumada a receber o m\u00e9dico depois das 3 da tarde para almo\u00e7ar nos dias de consultas. E as consultas gratuitas j\u00e1 chegaram a 40 em um s\u00f3 dia.<\/p>\n<p>Entrevistado pelo <em>Sempre Fam\u00edlia<\/em>, o doutor Ivan contou que se aposentou como diretor do Hospital Pequeno Pr\u00edncipe, em Curitiba, recuperou as energias em apenas 6 meses de aposentadoria e come\u00e7ou a sentir saudades do trabalho.<\/p>\n<div class=\"nativo-inread\"><\/div>\n<blockquote><p><em>\u201cA medicina \u00e9 um v\u00edcio bom, sabe? A gente fica contente ao ajudar essas pessoas em uma situa\u00e7\u00e3o dif\u00edcil e mais ainda quando as coisas d\u00e3o certo\u201d.<\/em><\/p><\/blockquote>\n<p>Foi por causa dessa saudade de ajudar pessoas que ele e a esposa, Eva Fontoura, enfermeira, resolveram voltar \u00e0 ativa como volunt\u00e1rios.<\/p>\n<blockquote><p><em>\u201cCome\u00e7amos a atender na nossa casa, depois ajudamos pacientes do lix\u00e3o de Paranagu\u00e1 por seis anos e agora estamos atendendo aqui em Pontal\u201d.<\/em><\/p><\/blockquote>\n<p>A decis\u00e3o se torna ainda mais corajosa quando se sabe que o pediatra sofre com dores musculares e dificuldades de audi\u00e7\u00e3o.<\/p>\n<blockquote><p><em>\u201cTenho 92 anos e oito meses, ent\u00e3o isso faz parte. A gente levanta com dor, mas vem trabalhar e acaba se entretendo e melhorando durante o dia\u201d.<\/em><\/p><\/blockquote>\n<h3>Inspira\u00e7\u00e3o para amar o pr\u00f3ximo<\/h3>\n<p>O empres\u00e1rio Wolnei Moroz, que vive na regi\u00e3o, declara ao Sempre Fam\u00edlia que a ren\u00fancia do pediatra a uma vida c\u00f4moda em prol dos necessitados locais \u00e9 inspiradora.<\/p>\n<blockquote><p><em>\u201cO doutor Ivan dedica a vida dele ao amor ao pr\u00f3ximo, coisa que pouca gente faz na atualidade\u201d.<\/em><\/p><\/blockquote>\n<p>Um filho e quatro netos do m\u00e9dico s\u00e3o formados em medicina e tamb\u00e9m declaram a inspira\u00e7\u00e3o que vem de Ivan. O pediatra, ali\u00e1s, tamb\u00e9m \u00e9 muito elogiado por seu irm\u00e3o famoso, Ary Fontoura, ator de grande popularidade que participou de dezenas de telenovelas. Em sua conta no Instagram, Ary afirma que o irm\u00e3o \u00e9 \u201c<em>exemplo extraordin\u00e1rio de amor ao pr\u00f3ximo<\/em>\u201c.<\/p>\n<h3>Do sonho de inf\u00e2ncia \u00e0 satisfa\u00e7\u00e3o que n\u00e3o tem pre\u00e7o<\/h3>\n<p>Ivan Fontoura nasceu em Lapa, a 75 quil\u00f4metros de Curitiba, e desde os 4 anos de idade come\u00e7ou a manifestar o desejo de ser m\u00e9dico para ajudar outras crian\u00e7as.<\/p>\n<p>O diploma de Medicina pela Universidade Federal do Paran\u00e1 (UFPR) foi conquistado com muito empenho aos 24 anos de idade, seguido por especializa\u00e7\u00f5es que lhe valeram as principais honrarias do Conselho Regional de Medicina do Paran\u00e1 (CRM-PR).<\/p>\n<p>O Diploma de M\u00e9rito \u00c9tico-Profissional entregue ao pediatra em 2007 se deve, segundo o CRM, \u00e0s suas mais de cinco d\u00e9cadas de trabalho, ao passo que a Medalha de Lucas \u2013 Tributo ao M\u00e9rito M\u00e9dico reconhece a sua atividade social no litoral parananese.<\/p>\n<p>Os ganhos que hoje motivam o doutor Ivan a n\u00e3o parar, no entanto, s\u00e3o de outra natureza:<\/p>\n<blockquote><p><em>\u201cJ\u00e1 ganhei o suficiente em termos financeiros. Ent\u00e3o, hoje, eu ganho apenas satisfa\u00e7\u00e3o. Para mim, ser m\u00e9dico \u00e9 isso\u201d.<\/em><\/p><\/blockquote>\n<\/div>\n","protected":false},"excerpt":{"rendered":"<p>Ele pr\u00f3prio sofre com dores musculares: &#8220;A gente levanta com dor, mas vem trabalhar e acaba melhorando durante o dia&#8221; Ele se formou em Medicina em 1951. Fez mestrado nos Estados Unidos e doutorado na Fran\u00e7a. Perdeu as contas de quantos pacientes j\u00e1 atendeu ao longo das d\u00e9cadas. Hoje, aos 92 anos e aposentado desde [&hellip;]<\/p>\n","protected":false},"author":1,"featured_media":51795,"comment_status":"open","ping_status":"closed","sticky":false,"template":"","format":"standard","meta":{"footnotes":""},"categories":[4],"tags":[],"class_list":["post-51794","post","type-post","status-publish","format-standard","has-post-thumbnail","hentry","category-cotidiano"],"_links":{"self":[{"href":"https:\/\/catolicanet.net\/wp-cnet\/wp-json\/wp\/v2\/posts\/51794","targetHints":{"allow":["GET"]}}],"collection":[{"href":"https:\/\/catolicanet.net\/wp-cnet\/wp-json\/wp\/v2\/posts"}],"about":[{"href":"https:\/\/catolicanet.net\/wp-cnet\/wp-json\/wp\/v2\/types\/post"}],"author":[{"embeddable":true,"href":"https:\/\/catolicanet.net\/wp-cnet\/wp-json\/wp\/v2\/users\/1"}],"replies":[{"embeddable":true,"href":"https:\/\/catolicanet.net\/wp-cnet\/wp-json\/wp\/v2\/comments?post=51794"}],"version-history":[{"count":1,"href":"https:\/\/catolicanet.net\/wp-cnet\/wp-json\/wp\/v2\/posts\/51794\/revisions"}],"predecessor-version":[{"id":51796,"href":"https:\/\/catolicanet.net\/wp-cnet\/wp-json\/wp\/v2\/posts\/51794\/revisions\/51796"}],"wp:featuredmedia":[{"embeddable":true,"href":"https:\/\/catolicanet.net\/wp-cnet\/wp-json\/wp\/v2\/media\/51795"}],"wp:attachment":[{"href":"https:\/\/catolicanet.net\/wp-cnet\/wp-json\/wp\/v2\/media?parent=51794"}],"wp:term":[{"taxonomy":"category","embeddable":true,"href":"https:\/\/catolicanet.net\/wp-cnet\/wp-json\/wp\/v2\/categories?post=51794"},{"taxonomy":"post_tag","embeddable":true,"href":"https:\/\/catolicanet.net\/wp-cnet\/wp-json\/wp\/v2\/tags?post=51794"}],"curies":[{"name":"wp","href":"https:\/\/api.w.org\/{rel}","templated":true}]}}