{"id":51791,"date":"2019-07-30T13:39:42","date_gmt":"2019-07-30T16:39:42","guid":{"rendered":"http:\/\/catolicanet.net\/wp-cnet\/?p=51791"},"modified":"2019-07-30T13:41:29","modified_gmt":"2019-07-30T16:41:29","slug":"bispos-repudiam-massacre-em-presidio-de-altamira-e-pedem-respeito-a-dignidade-humana","status":"publish","type":"post","link":"https:\/\/catolicanet.net\/wp-cnet\/bispos-repudiam-massacre-em-presidio-de-altamira-e-pedem-respeito-a-dignidade-humana\/","title":{"rendered":"Bispos repudiam massacre em pres\u00eddio de Altamira e pedem respeito \u00e0 dignidade humana"},"content":{"rendered":"<p>Diante do massacre ocorrido na \u00faltima segunda-feira, quando 57 detentos foram assassinados durante uma rebeli\u00e3o no Centro de Recupera\u00e7\u00e3o Regional de Altamira (PA), os bispos do Regional Norte 2 da CNBB expressaram seu \u201crep\u00fadio \u00e0 toda e qualquer forma de viol\u00eancia e desrespeito \u00e0 dignidade humana\u201d.<\/p>\n<p>A rebeli\u00e3o, que durou cerca de cinco horas, deixou 57 mortos, dos quais 16 foram decapitados e 41 asfixiados, depois que detentos atearam fogo em celas.<\/p>\n<p>Tudo come\u00e7ou pela manh\u00e3 com uma briga entre fac\u00e7\u00f5es criminosas. Segundo a Superintend\u00eancia do Sistema Penitenci\u00e1rio do Par\u00e1 (Susipe), detentos de um grupo invadiram o anexo onde estavam os presidi\u00e1rios da organiza\u00e7\u00e3o rival e incendiaram as celas.<\/p>\n<p>Durante a rebeli\u00e3o, dois agentes penitenci\u00e1rios chegaram a ser feitos ref\u00e9ns, mas foram liberados em seguida.<\/p>\n<p>Ap\u00f3s o ocorrido, o Gabinete de Gest\u00e3o de Seguran\u00e7a P\u00fablica determinou que 46 presos envolvidos no confronto fossem transferidos, destes 16 foram identificados como l\u00edderes das fac\u00e7\u00f5es criminosas.<\/p>\n<p>Em nota publicada nesta ter\u00e7a-feira, 30 de julho a Confer\u00eancia Nacional dos Bispos do Brasil Regional Norte 2 e a Arquidiocese de Bel\u00e9m lamentaram que o massacre no pres\u00eddio de Altamira \u201cn\u00e3o est\u00e1 isolado e \u00e9 mais um grito clamoroso acusando a ineficiente gest\u00e3o dos pres\u00eddios brasileiros caracterizada por fugas, rebeli\u00f5es, tens\u00e3o, ociosidade, p\u00e9ssimas estruturas, superlota\u00e7\u00e3o e neglig\u00eancia pedag\u00f3gica\u201d.<\/p>\n<p>Segundo o Conselho Nacional de Justi\u00e7a (CNJ), foi feita uma inspe\u00e7\u00e3o no Centro de Recupera\u00e7\u00e3o de Altamira neste m\u00eas de julho e constatadas condi\u00e7\u00f5es \u201cp\u00e9ssimas\u201d, al\u00e9m de superlota\u00e7\u00e3o. A unidade, com capacidade para 200 reclusos, albergava atualmente 311.<\/p>\n<p>Neste sentido, os Bispos afirmaram que repudiam \u201ca \u2018cultura do encarceramento em massa\u2019, bem como, a \u2018ideologia da repress\u00e3o\u2019 em vez da promo\u00e7\u00e3o da \u2018cultura preventiva\u2019 dentro e fora dos pres\u00eddios\u201d.<\/p>\n<p>Por outro lado, sublinharam que \u201ca cultura repressiva n\u00e3o tem consist\u00eancia para, de forma isolada, dar resposta \u00e0 gravidade e amplitude das causas da viol\u00eancia, que s\u00e3o m\u00faltiplas e profundas\u201d.<\/p>\n<p>Assim, reiteraram \u201ca necessidade da promo\u00e7\u00e3o de pol\u00edticas p\u00fablicas integradas e a urg\u00eancia da promo\u00e7\u00e3o da preventividade\u201d, de modo especial, \u201cpor meio de programas sociais voltados para o apoio \u00e0 fam\u00edlia, inf\u00e2ncia e juventude\u201d.<\/p>\n<p>\u201cA promo\u00e7\u00e3o da justi\u00e7a \u2013 indicaram os Prelados \u2013 n\u00e3o combina com a viol\u00eancia\u201d. Por isso, assinalaram que \u201cDeus n\u00e3o deseja a morte do pecador, mas sim que ele se converta e viva\u201d.<\/p>\n<p>Por\u00e9m, os Bispos indicaram que, para tal, \u201cprecisamos de um Sistema Penal \u00e0 altura da dignidade humana para que a mais profunda remiss\u00e3o aconte\u00e7a na mente e no cora\u00e7\u00e3o de cada detento\u201d.<\/p>\n<p>\u201cQue o sangue derramado nos pres\u00eddios seja semente de um sistema penal mais humano e coerente com a dignidade da pessoa humana\u201d, acrescentam.<\/p>\n<p>Na nota, ressaltam ainda que, \u201cinspirados nas atitudes de Jesus Cristo, que tratou a todos com o m\u00e1ximo respeito, renovamos o nosso compromisso de presen\u00e7a diferenciada nas unidades prisionais atrav\u00e9s da Pastoral Carcer\u00e1ria\u201d.<\/p>\n<p><strong>Presen\u00e7a da Igreja<\/strong><\/p>\n<p>Diante desse massacre no pres\u00eddio de Altamira, a Pastoral Carcer\u00e1ria publicou uma nota em sua p\u00e1gina do Facebook, na qual pediu ora\u00e7\u00f5es, \u201ctanto pelas pessoas que est\u00e3o encarceradas em Altamira, quanto pelos familiares que perderam seus parentes\u201d.<\/p>\n<p>Muitos familiares de detentos acompanharam os fatos na porta do pres\u00eddio, aguardando informa\u00e7\u00f5es. Essas fam\u00edlias receberam o consolo e apoio de Padre Patr\u00edcio Brenan, o qual realiza um trabalho de evangeliza\u00e7\u00e3o todas as segundas-feiras no Centro de Recupera\u00e7\u00e3o Regional de Altamira.<\/p>\n<p>\u201cFoi angustiante ver aquelas mulheres em desespero, sem saber se seus entes queridos estavam mortos ou vivos. Passaram o dia sem receber informa\u00e7\u00f5es\u201d, contou o sacerdote ao site da revista \u2018\u00c9poca\u2019.<\/p>\n<p>Na manh\u00e3 desta ter\u00e7a-feira, o governo do Par\u00e1 divulgou a lista com os nomes dos detentos que foram mortos durante o massacre.<\/p>\n","protected":false},"excerpt":{"rendered":"<p>Diante do massacre ocorrido na \u00faltima segunda-feira, quando 57 detentos foram assassinados durante uma rebeli\u00e3o no Centro de Recupera\u00e7\u00e3o Regional de Altamira (PA), os bispos do Regional Norte 2 da CNBB expressaram seu \u201crep\u00fadio \u00e0 toda e qualquer forma de viol\u00eancia e desrespeito \u00e0 dignidade humana\u201d. A rebeli\u00e3o, que durou cerca de cinco horas, deixou [&hellip;]<\/p>\n","protected":false},"author":1,"featured_media":51793,"comment_status":"open","ping_status":"closed","sticky":false,"template":"","format":"standard","meta":{"footnotes":""},"categories":[4],"tags":[],"class_list":["post-51791","post","type-post","status-publish","format-standard","has-post-thumbnail","hentry","category-cotidiano"],"_links":{"self":[{"href":"https:\/\/catolicanet.net\/wp-cnet\/wp-json\/wp\/v2\/posts\/51791","targetHints":{"allow":["GET"]}}],"collection":[{"href":"https:\/\/catolicanet.net\/wp-cnet\/wp-json\/wp\/v2\/posts"}],"about":[{"href":"https:\/\/catolicanet.net\/wp-cnet\/wp-json\/wp\/v2\/types\/post"}],"author":[{"embeddable":true,"href":"https:\/\/catolicanet.net\/wp-cnet\/wp-json\/wp\/v2\/users\/1"}],"replies":[{"embeddable":true,"href":"https:\/\/catolicanet.net\/wp-cnet\/wp-json\/wp\/v2\/comments?post=51791"}],"version-history":[{"count":1,"href":"https:\/\/catolicanet.net\/wp-cnet\/wp-json\/wp\/v2\/posts\/51791\/revisions"}],"predecessor-version":[{"id":51792,"href":"https:\/\/catolicanet.net\/wp-cnet\/wp-json\/wp\/v2\/posts\/51791\/revisions\/51792"}],"wp:featuredmedia":[{"embeddable":true,"href":"https:\/\/catolicanet.net\/wp-cnet\/wp-json\/wp\/v2\/media\/51793"}],"wp:attachment":[{"href":"https:\/\/catolicanet.net\/wp-cnet\/wp-json\/wp\/v2\/media?parent=51791"}],"wp:term":[{"taxonomy":"category","embeddable":true,"href":"https:\/\/catolicanet.net\/wp-cnet\/wp-json\/wp\/v2\/categories?post=51791"},{"taxonomy":"post_tag","embeddable":true,"href":"https:\/\/catolicanet.net\/wp-cnet\/wp-json\/wp\/v2\/tags?post=51791"}],"curies":[{"name":"wp","href":"https:\/\/api.w.org\/{rel}","templated":true}]}}