{"id":51787,"date":"2019-07-30T11:40:25","date_gmt":"2019-07-30T14:40:25","guid":{"rendered":"http:\/\/catolicanet.net\/wp-cnet\/?p=51787"},"modified":"2019-07-30T11:40:25","modified_gmt":"2019-07-30T14:40:25","slug":"beato-anacleto-gonzalez-flores-e-padroeiro-dos-leigos-mexicanos","status":"publish","type":"post","link":"https:\/\/catolicanet.net\/wp-cnet\/beato-anacleto-gonzalez-flores-e-padroeiro-dos-leigos-mexicanos\/","title":{"rendered":"Beato Anacleto Gonz\u00e1lez Flores \u00e9 Padroeiro dos leigos mexicanos"},"content":{"rendered":"<div class=\"article__subTitle\">O leigo mexicano Anacleto Gonz\u00e1lez Flores foi assassinado em 1\u00ba de abril de 1927, juntamente com tr\u00eas jovens da A\u00e7\u00e3o Cat\u00f3lica da Juventude Mexicana, tendo sido beatificado em 20 de novembro de 2005 em Guadalajara, juntamente com outros 12 m\u00e1rtires da &#8220;guerra cristera&#8221;. Durante a revolu\u00e7\u00e3o mexicana, nos anos entre 1920 e 1930, eles n\u00e3o hesitaram em derramar seu sangue para n\u00e3o negar a f\u00e9 cat\u00f3lica.<\/div>\n<div class=\"title__separator\"><\/div>\n<div class=\"article__text\">\n<p><b>Cidade do Vaticano<\/b><\/p>\n<p>&#8220;Com grande alegria, a Confer\u00eancia Episcopal Mexicana anuncia que a Congrega\u00e7\u00e3o para o Culto Divino e a Disciplina dos Sacramentos aprovou que o Beato Anacleto Gonz\u00e1lez Flores, m\u00e1rtir, seja Padroeiro dos Leigos Mexicanos.&#8221;<\/p>\n<div>\n<div class=\"article__embed article__embed--unwrap article__embed--dark\">\n<div class=\"article__innerTitle\">Ou\u00e7a e compartilhe!<\/div>\n<!--[if lt IE 9]><script>document.createElement('audio');<\/script><![endif]-->\n<audio class=\"wp-audio-shortcode\" id=\"audio-51787-1\" preload=\"none\" style=\"width: 100%;\" controls=\"controls\"><source type=\"audio\/mpeg\" src=\"https:\/\/media.vaticannews.va\/media\/audio\/s1\/2019\/07\/30\/16\/135154781_F135154781.mp3?_=1\" \/><a href=\"https:\/\/media.vaticannews.va\/media\/audio\/s1\/2019\/07\/30\/16\/135154781_F135154781.mp3\">https:\/\/media.vaticannews.va\/media\/audio\/s1\/2019\/07\/30\/16\/135154781_F135154781.mp3<\/a><\/audio><\/div>\n<\/div>\n<p>A not\u00edcia foi dada em um comunicado pelo bispo auxiliar de Monterrey e secret\u00e1rio geral da Confer\u00eancia Episcopal Mexicana (CEM) , Dom Alfonso Miranda Guardiola.<\/p>\n<h2>Institu\u00eddo o Dia dos Leigos<\/h2>\n<p>No texto, recorda-se que a 103\u00aa Assembleia Plen\u00e1ria da Confer\u00eancia Episcopal Mexicana havia votado por unanimidade a proposta de declarar o Beato Anacleto Padroeiro dos Leigos e instituir no terceiro final de semana de novembro, Solenidade de Cristo Rei do Universo, o Dia do Leigo.<\/p>\n<p>&#8220;Na alegria da ora\u00e7\u00e3o, confiamo-nos ao novo Padroeiro dos Leigos &#8211; conclui Dom Miranda Guardiola. Que o exemplo do seu amor dedicado a Deus nos recorde que o caminho da santidade \u00e9 um mart\u00edrio vivificante, que \u00e9 poss\u00edvel, somente gra\u00e7as \u00e0 for\u00e7a de Deus&#8221; .<\/p>\n<h2>M\u00e1rtir da &#8220;guerra cristera&#8221;<\/h2>\n<p>O leigo mexicano Anacleto Gonz\u00e1lez Flores foi assassinado em 1\u00ba de abril de 1927, juntamente com tr\u00eas jovens da A\u00e7\u00e3o Cat\u00f3lica da Juventude Mexicana, tendo sido beatificado em 20 de novembro de 2005 em Guadalajara, juntamente com outros 12 m\u00e1rtires da &#8220;guerra cristera&#8221;. Durante a revolu\u00e7\u00e3o mexicana, nos anos entre 1920 e 1930, eles n\u00e3o hesitaram em derramar seu sangue para n\u00e3o negar a f\u00e9 cat\u00f3lica.<\/p>\n<p><img loading=\"lazy\" decoding=\"async\" class=\"aligncenter size-full wp-image-51789\" src=\"http:\/\/catolicanet.net\/wp-cnet\/wp-content\/uploads\/cq5dam..1500.844-1.jpeg\" alt=\"\" width=\"1500\" height=\"844\" srcset=\"https:\/\/catolicanet.net\/wp-cnet\/wp-content\/uploads\/cq5dam..1500.844-1.jpeg 1500w, https:\/\/catolicanet.net\/wp-cnet\/wp-content\/uploads\/cq5dam..1500.844-1-300x169.jpeg 300w, https:\/\/catolicanet.net\/wp-cnet\/wp-content\/uploads\/cq5dam..1500.844-1-768x432.jpeg 768w, https:\/\/catolicanet.net\/wp-cnet\/wp-content\/uploads\/cq5dam..1500.844-1-1024x576.jpeg 1024w, https:\/\/catolicanet.net\/wp-cnet\/wp-content\/uploads\/cq5dam..1500.844-1-600x338.jpeg 600w, https:\/\/catolicanet.net\/wp-cnet\/wp-content\/uploads\/cq5dam..1500.844-1-696x392.jpeg 696w, https:\/\/catolicanet.net\/wp-cnet\/wp-content\/uploads\/cq5dam..1500.844-1-1068x601.jpeg 1068w, https:\/\/catolicanet.net\/wp-cnet\/wp-content\/uploads\/cq5dam..1500.844-1-746x420.jpeg 746w\" sizes=\"auto, (max-width: 1500px) 100vw, 1500px\" \/><\/p>\n<div>\n<div class=\"article__embed article__embed--unwrap\">\n<figure><picture><source srcset=\"\/content\/dam\/vaticannews\/multimedia\/2019\/07\/30\/anacleto-gonzalezAEM.jpg\/_jcr_content\/renditions\/cq5dam.thumbnail.cropped.1500.844.jpeg 2x, \/content\/dam\/vaticannews\/multimedia\/2019\/07\/30\/anacleto-gonzalezAEM.jpg\/_jcr_content\/renditions\/cq5dam.thumbnail.cropped.750.422.jpeg 1x\" media=\"(min-width: 1024px)\" data-original-set=\"\/content\/dam\/vaticannews\/multimedia\/2019\/07\/30\/anacleto-gonzalezAEM.jpg\/_jcr_content\/renditions\/cq5dam.thumbnail.cropped.1500.844.jpeg 2x, \/content\/dam\/vaticannews\/multimedia\/2019\/07\/30\/anacleto-gonzalezAEM.jpg\/_jcr_content\/renditions\/cq5dam.thumbnail.cropped.750.422.jpeg 1x\" \/><source srcset=\"\/content\/dam\/vaticannews\/multimedia\/2019\/07\/30\/anacleto-gonzalezAEM.jpg\/_jcr_content\/renditions\/cq5dam.thumbnail.cropped.1000.563.jpeg 2x, \/content\/dam\/vaticannews\/multimedia\/2019\/07\/30\/anacleto-gonzalezAEM.jpg\/_jcr_content\/renditions\/cq5dam.thumbnail.cropped.500.281.jpeg 1x\" media=\"(min-width: 768px)\" data-original-set=\"\/content\/dam\/vaticannews\/multimedia\/2019\/07\/30\/anacleto-gonzalezAEM.jpg\/_jcr_content\/renditions\/cq5dam.thumbnail.cropped.1000.563.jpeg 2x, \/content\/dam\/vaticannews\/multimedia\/2019\/07\/30\/anacleto-gonzalezAEM.jpg\/_jcr_content\/renditions\/cq5dam.thumbnail.cropped.500.281.jpeg 1x\" \/><source srcset=\"\/content\/dam\/vaticannews\/multimedia\/2019\/07\/30\/anacleto-gonzalezAEM.jpg\/_jcr_content\/renditions\/cq5dam.thumbnail.cropped.500.281.jpeg\" data-original-set=\"\/content\/dam\/vaticannews\/multimedia\/2019\/07\/30\/anacleto-gonzalezAEM.jpg\/_jcr_content\/renditions\/cq5dam.thumbnail.cropped.500.281.jpeg\" \/><\/picture><\/figure>\n<div class=\"photo_embed--Title\">Anacleto Gonz\u00e1lez Flores foi beatificado em 20 de novembro de 2005 em Guadalajara, juntamente com outros 12 m\u00e1rtires da &#8220;guerra cristera&#8221;.<\/div>\n<\/div>\n<\/div>\n<h2>A coragem de viver e defender a f\u00e9 crist\u00e3<\/h2>\n<p>O ent\u00e3o Prefeito da Congrega\u00e7\u00e3o para as Causas dos Santos, cardeal Jos\u00e9 Saraiva Martins, que havia presidido o rito de beatifica\u00e7\u00e3o, recordou que &#8220;a Igreja do \u2018ir e pregar\u2019 \u00e9 a Igreja dos m\u00e1rtires, mission\u00e1ria e martirizada. Por esta raz\u00e3o, a mensagem dos m\u00e1rtires tem uma grand\u00edssima atualidade para n\u00f3s que vivemos no terceiro mil\u00eanio, porque eles nos ensinam a sua for\u00e7a de vontade, a coragem de viver e defender a f\u00e9 crist\u00e3 que recebemos no batismo&#8221;.<\/p>\n<h2>Anacleto, o &#8220;Gandhi mexicano&#8221;<\/h2>\n<p>Anacleto Gonz\u00e1lez Flores nasceu em 13 de julho de 1888 em uma fam\u00edlia pobre de Tepatitl\u00e1n, Jalisco. Depois de um per\u00edodo no semin\u00e1rio, dedicou-se a v\u00e1rios trabalhos antes de se formar em Direito. Pedagogo, orador, catequista e l\u00edder social, membro da Ordem Franciscana Secular, empenhou-se em uma \u00e1rdua batalha em defesa da f\u00e9 cat\u00f3lica e da religiosidade do povo mexicano, motivo pelo qual recebeu do Papa Pio XI a Cruz <i>Pro Ecclesia et Pontifice<\/i>.<\/p>\n<p>Escritor de livros e artigos, pai atencioso com os dois filhos, para os mexicanos era &#8220;o mestre Cleto&#8221;, fundador da Associa\u00e7\u00e3o Cat\u00f3lica da juventude mexicana de Guadalajara e da Uni\u00e3o Popular. Mas \u00e9 tamb\u00e9m \u00a0conhecido como o &#8220;Gandhi mexicano&#8221;, porque durante a guerra civil defendia o pacifismo e a luta n\u00e3o violenta. Na madrugada de 1\u00ba de abril de 1927, foi preso e transferido para o quartel do Colorado, onde foi submetido a torturas cru\u00e9is. Antes de morrer, com o cora\u00e7\u00e3o traspassado por uma baioneta, perdoou seus algozes. (Ag\u00eancia Fides)<\/p>\n<p>&nbsp;<\/p>\n<p>&nbsp;<\/p>\n<\/div>\n","protected":false},"excerpt":{"rendered":"<p>O leigo mexicano Anacleto Gonz\u00e1lez Flores foi assassinado em 1\u00ba de abril de 1927, juntamente com tr\u00eas jovens da A\u00e7\u00e3o Cat\u00f3lica da Juventude Mexicana, tendo sido beatificado em 20 de novembro de 2005 em Guadalajara, juntamente com outros 12 m\u00e1rtires da &#8220;guerra cristera&#8221;. Durante a revolu\u00e7\u00e3o mexicana, nos anos entre 1920 e 1930, eles n\u00e3o [&hellip;]<\/p>\n","protected":false},"author":1,"featured_media":51788,"comment_status":"open","ping_status":"closed","sticky":false,"template":"","format":"standard","meta":{"footnotes":""},"categories":[3],"tags":[],"class_list":["post-51787","post","type-post","status-publish","format-standard","has-post-thumbnail","hentry","category-vaticano"],"_links":{"self":[{"href":"https:\/\/catolicanet.net\/wp-cnet\/wp-json\/wp\/v2\/posts\/51787","targetHints":{"allow":["GET"]}}],"collection":[{"href":"https:\/\/catolicanet.net\/wp-cnet\/wp-json\/wp\/v2\/posts"}],"about":[{"href":"https:\/\/catolicanet.net\/wp-cnet\/wp-json\/wp\/v2\/types\/post"}],"author":[{"embeddable":true,"href":"https:\/\/catolicanet.net\/wp-cnet\/wp-json\/wp\/v2\/users\/1"}],"replies":[{"embeddable":true,"href":"https:\/\/catolicanet.net\/wp-cnet\/wp-json\/wp\/v2\/comments?post=51787"}],"version-history":[{"count":1,"href":"https:\/\/catolicanet.net\/wp-cnet\/wp-json\/wp\/v2\/posts\/51787\/revisions"}],"predecessor-version":[{"id":51790,"href":"https:\/\/catolicanet.net\/wp-cnet\/wp-json\/wp\/v2\/posts\/51787\/revisions\/51790"}],"wp:featuredmedia":[{"embeddable":true,"href":"https:\/\/catolicanet.net\/wp-cnet\/wp-json\/wp\/v2\/media\/51788"}],"wp:attachment":[{"href":"https:\/\/catolicanet.net\/wp-cnet\/wp-json\/wp\/v2\/media?parent=51787"}],"wp:term":[{"taxonomy":"category","embeddable":true,"href":"https:\/\/catolicanet.net\/wp-cnet\/wp-json\/wp\/v2\/categories?post=51787"},{"taxonomy":"post_tag","embeddable":true,"href":"https:\/\/catolicanet.net\/wp-cnet\/wp-json\/wp\/v2\/tags?post=51787"}],"curies":[{"name":"wp","href":"https:\/\/api.w.org\/{rel}","templated":true}]}}