{"id":51776,"date":"2019-07-30T09:24:56","date_gmt":"2019-07-30T12:24:56","guid":{"rendered":"http:\/\/catolicanet.net\/wp-cnet\/?p=51776"},"modified":"2019-07-30T09:24:56","modified_gmt":"2019-07-30T12:24:56","slug":"milhares-de-jovens-esperados-para-o-perdao-de-assis-2019","status":"publish","type":"post","link":"https:\/\/catolicanet.net\/wp-cnet\/milhares-de-jovens-esperados-para-o-perdao-de-assis-2019\/","title":{"rendered":"Milhares de jovens esperados para o Perd\u00e3o de Assis 2019"},"content":{"rendered":"<div class=\"article__subTitle\">O Perd\u00e3o de Assis est\u00e1 intimamente ligado \u00e0 Ponci\u00fancula, a pequena igrejinha reconstru\u00edda por S\u00e3o Francisco e hoje no interior da Bas\u00edlica Santa Maria dos Anjos, em Assis. Em uma noite de inverno do ano 1216, o Pobre de Assis foi circundado por uma luz suave que o convidou a ir at\u00e9 a esta capela. Ali se prostrou e adorou Jesus e venerou a Virgem e os Anjos.<\/div>\n<div class=\"title__separator\"><\/div>\n<div class=\"article__text\">\n<p><b>Benedetta Capelli &#8211; Cidade do Vaticano<\/b><\/p>\n<p>O Para\u00edso para todos, que Francisco pediu ao Senhor, faz-se pr\u00f3ximo neste particular per\u00edodo do ano, que coincide com a noite atribulada e cheia de luz que o pobrezinho de Assis viveu na pequena igreja da Porci\u00fancula, 803 anos atr\u00e1s.<\/p>\n<p>Na noite de segunda-feira, 29, na cidade da \u00dambria, teve in\u00edcio o Tr\u00edduo preparat\u00f3rio \u00e0 festa do Perd\u00e3o. Na quinta-feira, 1\u00ba de agosto, ser\u00e1 celebrada a Missa \u00e0s 11, seguida pela Prociss\u00e3o de \u201cAbertura do Perd\u00e3o\u201d, assim chamada porque, a partir daquele momento, isto \u00e9, das 12 horas de 1\u00b0 de agosto, at\u00e9 \u00e0s 24 horas do dia 2, a Indulg\u00eancia Plen\u00e1ria concedida diariamente na Porci\u00fancula se estende a todas as igrejas paroquiais espalhadas no mundo, e tamb\u00e9m a todas as igrejas franciscanas. Na sexta-feira, chegam os participantes da 39\u00aa Marcha Franciscana, que neste ano tem por tema \u201cNo teu lugar\u201d.<\/p>\n<h2>A Indulg\u00eancia da Porci\u00fancula<\/h2>\n<p>Em Assis, cruzando o limiar da Porci\u00fancula, pode-se obter a Indulg\u00eancia Plen\u00e1ria para si ou para os falecidos. \u00c9 necess\u00e1ria uma Confiss\u00e3o, participa\u00e7\u00e3o na Missa e na Eucaristia, renova\u00e7\u00e3o durante a visita da Profiss\u00e3o de F\u00e9 recitando o Credo e o Pai Nosso, e por fim rezar segundo as\u00a0 inten\u00e7\u00f5es do Papa e pelo Papa.<\/p>\n<p>Especialmente neste per\u00edodo, s\u00e3o muitos os eventos realizados em Assis, como conta ao Vatican News padre Francesco Piloni, respons\u00e1vel pelo Servi\u00e7o de Orienta\u00e7\u00e3o aos jovens (SOG):<\/p>\n<div>\n<div class=\"article__embed article__embed--unwrap article__embed--dark\">\n<div class=\"article__innerTitle\">Ou\u00e7a e compartilhe!<\/div>\n<!--[if lt IE 9]><script>document.createElement('audio');<\/script><![endif]-->\n<audio class=\"wp-audio-shortcode\" id=\"audio-51776-1\" preload=\"none\" style=\"width: 100%;\" controls=\"controls\"><source type=\"audio\/mpeg\" src=\"https:\/\/media.vaticannews.va\/media\/audio\/s1\/2019\/07\/30\/11\/135154079_F135154079.mp3?_=1\" \/><a href=\"https:\/\/media.vaticannews.va\/media\/audio\/s1\/2019\/07\/30\/11\/135154079_F135154079.mp3\">https:\/\/media.vaticannews.va\/media\/audio\/s1\/2019\/07\/30\/11\/135154079_F135154079.mp3<\/a><\/audio><\/div>\n<\/div>\n<p>R. &#8211; <i>O Perd\u00e3o de Assis \u00e9 sempre um grande dom daquela atribulada noite de 1216, quando Francisco desejou para todos o dom do Para\u00edso. Neste ano nos preparamos com os eventos da celebra\u00e7\u00e3o: o Tr\u00edduo de prepara\u00e7\u00e3o para o Perd\u00e3o, e depois as celebra\u00e7\u00f5es que tem in\u00edcio j\u00e1 a partir de primeiro de agosto, com eventos que mostram a preciosidade de saber que a miseric\u00f3rdia do Senhor chega a todos os peregrinos. Gosto de recordar como os peregrinos que chegam nestes dias t\u00eam um profundo desejo de passar pela Porci\u00fancula, uma igreja sempre aberta, como o cora\u00e7\u00e3o misericordioso de Deus, do Pai; e de encontrar dentro daquele lugar, o sacramento, o encontro, o mesmo abra\u00e7o com aquele rosto que sempre permanece fiel, que \u00e9 o rosto do Pai, o rosto misericordioso de quem entregou tudo por n\u00f3s. Em modo particular, os eventos recordam os muitos jovens que passaram ao longo destes anos. Por 39 anos eles t\u00eam vindo de v\u00e1rias partes da It\u00e1lia com a Marcha Franciscana, que nasceu h\u00e1 39 anos e que re\u00fane jovens que t\u00eam o desejo de caminhar como peregrinos do perd\u00e3o, em dire\u00e7\u00e3o a Assis. Este ano em particular, o itiner\u00e1rio da Marcha tem por tema &#8220;No teu lugar&#8221;: \u00a0slogan que quer narrar o itiner\u00e1rio b\u00edblico e franciscano que acompanhar\u00e1 os jovens peregrinos que chegar\u00e3o \u00e0 Porci\u00fancula em 2 de agosto. &#8220;No teu lugar&#8221; significa precisamente isto: constantemente sentimos por parte dos jovens o desejo de encontrar o pr\u00f3prio lugar. Parece que continuamente as pessoas est\u00e3o cada vez mais ocupadas, independende da idade, em buscar um lugar, um tempo. Queremos com eles percorrer a experi\u00eancia nas Escrituras. Chegaremos a buscar este lugar, que Francisco j\u00e1 nos havia indicado, que \u00e9 tudo no Para\u00edso: este novo c\u00e9u e esta nova terra que j\u00e1 podemos saborear constantemente, mas encontrar ainda mais neste ano, em 2 de agosto, na Porci\u00fancula.<\/i><\/p>\n<p><b>A experi\u00eancia da Marcha, unida \u00e0 ora\u00e7\u00e3o, certamente muda o cora\u00e7\u00e3o de quem percorre este caminho. Nestes anos, imagino que o senhor tenha testemunhado muitas convers\u00f5es. Assim, esse &#8220;teu lugar&#8221;, \u00e9 encontrado na natureza, no caminhar juntos, em ser uma comunidade, em querer alcan\u00e7ar um objetivo que \u00e9 antes de tudo f\u00edsio, como \u00e9 o de Assis &#8230;<\/b><\/p>\n<p>R. &#8211; <i>Um amigo biblista disse certo dia que &#8220;amar-se \u00e9 como gerar um filho, perdoar \u00e9 como ressuscitar um morto&#8221;. Este ano, como nos outros, estamos certos de que veremos novos jovens que far\u00e3o uma experi\u00eancia de ressurrei\u00e7\u00e3o. Temos visto nestes anos como o amor \u00e9 poderoso, mas o perd\u00e3o faz realmente renascer vidas novas. E voc\u00ea disse bem &#8230; o livro da Cria\u00e7\u00e3o, da natureza, da \u00dambria, mas penso em nossa bela It\u00e1lia, a experi\u00eancia do encontro: viver 24 horas lado a lado com outros irm\u00e3os, outros peregrinos; a experi\u00eancia do Sacramento da Reconcilia\u00e7\u00e3o e a escuta da Palavra de Deus: assim, estes s\u00e3o os elementos que caracterizam a Marcha e fazem do caminhante um homem alegre, um homem que tem esperan\u00e7a. E isso ser\u00e1 visto em 2 de agosto na sa\u00edda da Porci\u00fancula, atrav\u00e9s do rosto e do olhos desses jovens que renascer\u00e3o.<\/i><\/p>\n<p><img loading=\"lazy\" decoding=\"async\" class=\"aligncenter size-full wp-image-51778\" src=\"http:\/\/catolicanet.net\/wp-cnet\/wp-content\/uploads\/cq5dam.thuopped.1500.844.jpeg\" alt=\"\" width=\"1500\" height=\"844\" srcset=\"https:\/\/catolicanet.net\/wp-cnet\/wp-content\/uploads\/cq5dam.thuopped.1500.844.jpeg 1500w, https:\/\/catolicanet.net\/wp-cnet\/wp-content\/uploads\/cq5dam.thuopped.1500.844-300x169.jpeg 300w, https:\/\/catolicanet.net\/wp-cnet\/wp-content\/uploads\/cq5dam.thuopped.1500.844-768x432.jpeg 768w, https:\/\/catolicanet.net\/wp-cnet\/wp-content\/uploads\/cq5dam.thuopped.1500.844-1024x576.jpeg 1024w, https:\/\/catolicanet.net\/wp-cnet\/wp-content\/uploads\/cq5dam.thuopped.1500.844-600x338.jpeg 600w, https:\/\/catolicanet.net\/wp-cnet\/wp-content\/uploads\/cq5dam.thuopped.1500.844-696x392.jpeg 696w, https:\/\/catolicanet.net\/wp-cnet\/wp-content\/uploads\/cq5dam.thuopped.1500.844-1068x601.jpeg 1068w, https:\/\/catolicanet.net\/wp-cnet\/wp-content\/uploads\/cq5dam.thuopped.1500.844-746x420.jpeg 746w\" sizes=\"auto, (max-width: 1500px) 100vw, 1500px\" \/><\/p>\n<div>\n<div class=\"article__embed article__embed--unwrap\">\n<figure><picture><source srcset=\"\/content\/dam\/vaticannews\/multimedia\/2018\/10\/23\/20181023_112428.jpg\/_jcr_content\/renditions\/cq5dam.thumbnail.cropped.1500.844.jpeg 2x, \/content\/dam\/vaticannews\/multimedia\/2018\/10\/23\/20181023_112428.jpg\/_jcr_content\/renditions\/cq5dam.thumbnail.cropped.750.422.jpeg 1x\" media=\"(min-width: 1024px)\" data-original-set=\"\/content\/dam\/vaticannews\/multimedia\/2018\/10\/23\/20181023_112428.jpg\/_jcr_content\/renditions\/cq5dam.thumbnail.cropped.1500.844.jpeg 2x, \/content\/dam\/vaticannews\/multimedia\/2018\/10\/23\/20181023_112428.jpg\/_jcr_content\/renditions\/cq5dam.thumbnail.cropped.750.422.jpeg 1x\" \/><source srcset=\"\/content\/dam\/vaticannews\/multimedia\/2018\/10\/23\/20181023_112428.jpg\/_jcr_content\/renditions\/cq5dam.thumbnail.cropped.1000.563.jpeg 2x, \/content\/dam\/vaticannews\/multimedia\/2018\/10\/23\/20181023_112428.jpg\/_jcr_content\/renditions\/cq5dam.thumbnail.cropped.500.281.jpeg 1x\" media=\"(min-width: 768px)\" data-original-set=\"\/content\/dam\/vaticannews\/multimedia\/2018\/10\/23\/20181023_112428.jpg\/_jcr_content\/renditions\/cq5dam.thumbnail.cropped.1000.563.jpeg 2x, \/content\/dam\/vaticannews\/multimedia\/2018\/10\/23\/20181023_112428.jpg\/_jcr_content\/renditions\/cq5dam.thumbnail.cropped.500.281.jpeg 1x\" \/><source srcset=\"\/content\/dam\/vaticannews\/multimedia\/2018\/10\/23\/20181023_112428.jpg\/_jcr_content\/renditions\/cq5dam.thumbnail.cropped.500.281.jpeg\" data-original-set=\"\/content\/dam\/vaticannews\/multimedia\/2018\/10\/23\/20181023_112428.jpg\/_jcr_content\/renditions\/cq5dam.thumbnail.cropped.500.281.jpeg\" \/><\/picture><\/figure>\n<div class=\"photo_embed--Title\">A Porci\u00fancula, no interior da Bas\u00edlica Santa Maria dos Anjos<\/div>\n<\/div>\n<\/div>\n<\/div>\n","protected":false},"excerpt":{"rendered":"<p>O Perd\u00e3o de Assis est\u00e1 intimamente ligado \u00e0 Ponci\u00fancula, a pequena igrejinha reconstru\u00edda por S\u00e3o Francisco e hoje no interior da Bas\u00edlica Santa Maria dos Anjos, em Assis. Em uma noite de inverno do ano 1216, o Pobre de Assis foi circundado por uma luz suave que o convidou a ir at\u00e9 a esta capela. [&hellip;]<\/p>\n","protected":false},"author":1,"featured_media":51777,"comment_status":"open","ping_status":"closed","sticky":false,"template":"","format":"standard","meta":{"footnotes":""},"categories":[3],"tags":[],"class_list":["post-51776","post","type-post","status-publish","format-standard","has-post-thumbnail","hentry","category-vaticano"],"_links":{"self":[{"href":"https:\/\/catolicanet.net\/wp-cnet\/wp-json\/wp\/v2\/posts\/51776","targetHints":{"allow":["GET"]}}],"collection":[{"href":"https:\/\/catolicanet.net\/wp-cnet\/wp-json\/wp\/v2\/posts"}],"about":[{"href":"https:\/\/catolicanet.net\/wp-cnet\/wp-json\/wp\/v2\/types\/post"}],"author":[{"embeddable":true,"href":"https:\/\/catolicanet.net\/wp-cnet\/wp-json\/wp\/v2\/users\/1"}],"replies":[{"embeddable":true,"href":"https:\/\/catolicanet.net\/wp-cnet\/wp-json\/wp\/v2\/comments?post=51776"}],"version-history":[{"count":1,"href":"https:\/\/catolicanet.net\/wp-cnet\/wp-json\/wp\/v2\/posts\/51776\/revisions"}],"predecessor-version":[{"id":51779,"href":"https:\/\/catolicanet.net\/wp-cnet\/wp-json\/wp\/v2\/posts\/51776\/revisions\/51779"}],"wp:featuredmedia":[{"embeddable":true,"href":"https:\/\/catolicanet.net\/wp-cnet\/wp-json\/wp\/v2\/media\/51777"}],"wp:attachment":[{"href":"https:\/\/catolicanet.net\/wp-cnet\/wp-json\/wp\/v2\/media?parent=51776"}],"wp:term":[{"taxonomy":"category","embeddable":true,"href":"https:\/\/catolicanet.net\/wp-cnet\/wp-json\/wp\/v2\/categories?post=51776"},{"taxonomy":"post_tag","embeddable":true,"href":"https:\/\/catolicanet.net\/wp-cnet\/wp-json\/wp\/v2\/tags?post=51776"}],"curies":[{"name":"wp","href":"https:\/\/api.w.org\/{rel}","templated":true}]}}