{"id":51748,"date":"2019-07-29T16:14:23","date_gmt":"2019-07-29T19:14:23","guid":{"rendered":"http:\/\/catolicanet.net\/wp-cnet\/?p=51748"},"modified":"2019-07-29T16:14:23","modified_gmt":"2019-07-29T19:14:23","slug":"como-um-casamento-sobrevive-a-dor-da-perda-de-um-filho","status":"publish","type":"post","link":"https:\/\/catolicanet.net\/wp-cnet\/como-um-casamento-sobrevive-a-dor-da-perda-de-um-filho\/","title":{"rendered":"Como um casamento sobrevive \u00e0 dor da perda de um filho?"},"content":{"rendered":"<h2 class=\"subtitle\">Perder um filho \u00e9 uma dor sem tamanho para o casal, mas \u00e9 poss\u00edvel evitar que o luto se torne uma pedra entre os dois<\/h2>\n<div class=\"base-post-content\">A perda de um filho \u00e9, sem d\u00favida, uma das piores situa\u00e7\u00f5es que um casal pode enfrentar. N\u00e3o h\u00e1 dor mais profunda. E ela pode se transformar em um turbilh\u00e3o de emo\u00e7\u00f5es negativas que, muitas vezes, destr\u00f3i o casamento como rescaldo da trag\u00e9dia. O <a href=\"https:\/\/www.semprefamilia.com.br\/como-um-casamento-sobrevive-a-dor-da-perda-de-um-filho\/\" target=\"_blank\" rel=\"noopener noreferrer\">Sempre Fam\u00edlia<\/a> resolveu tocar nessa ferida aberta para muitas fam\u00edlias e foi atr\u00e1s de uma especialista que falou das <strong>condi\u00e7\u00f5es necess\u00e1rias para que a uni\u00e3o sobreviva<\/strong> a essa situa\u00e7\u00e3o t\u00e3o dif\u00edcil.Dave Willis \u00e9 colunista do site norte-americano <a href=\"https:\/\/marriagetoday.com\/marriagehelp\/how-does-a-marriage-survive-the-loss-of-a-child\/\" target=\"_blank\" rel=\"noopener noreferrer\">Marriage Today<\/a>, que d\u00e1 dicas sobre fam\u00edlia e casamento. Em um <a href=\"https:\/\/marriagetoday.com\/marriagehelp\/how-does-a-marriage-survive-the-loss-of-a-child\/\" target=\"_blank\" rel=\"noopener noreferrer\">post sobre o luto<\/a>, resolveu contar a trajet\u00f3ria de um casal muito pr\u00f3ximo a ele que passou por essa triste e dolorosa experi\u00eancia. \u201cJay e Mandra s\u00e3o o tipo de casal que qualquer um gostaria de ter por perto. Quando voltamos a morar na nossa cidade, h\u00e1 alguns anos, Jay foi o primeiro a aparecer para nos ajudar com a mudan\u00e7a. E tamb\u00e9m foi o \u00faltimo a sair, depois de carregar sozinho a maioria das coisas mais pesadas\u201d, escreveu Dave. Um dia, no entanto, uma trag\u00e9dia atingiu o lar desse casal incr\u00edvel e os abalou profundamente.<\/p>\n<h3>Passar pelo sofrimento lado a lado<\/h3>\n<p>Dave conta que Jay estava em casa com os tr\u00eas filhos, enquanto Mandra havia sa\u00eddo. Ele entrou em casa para trocar o beb\u00ea e sua filha Jayden, de 4 anos, ficou brincando no quintal. Alguns minutos depois, o pai voltou, mas Jayden n\u00e3o estava mais l\u00e1. Ele come\u00e7ou, ent\u00e3o, a andar pela casa procurando a menina, sem sucesso. Nesse momento,\u00a0entrou em p\u00e2nico e saiu pela rua perguntando aos vizinhos se tinham visto sua filha. Durante alguns segundos angustiantes, Jay resolveu olhar a piscina.<\/p>\n<p>Ele n\u00e3o tinha pensado nisso antes, porque ela sempre foi cuidadosa em ficar longe da \u00e1gua. Quando chegou l\u00e1, Jay viu a filha deitada no fundo da piscina. Instintivamente, mergulhou e tirou a menina de dentro da \u00e1gua. Com a filha nos bra\u00e7os, correu at\u00e9 a casa de uma vizinha que \u00e9 enfermeira e juntos tentaram reanimar a menina at\u00e9 que a ambul\u00e2ncia chegasse. Os momentos seguintes foram muito confusos para todos.<\/p>\n<p>\u201cCheguei ao hospital pouco tempo depois de receber a not\u00edcia e me sentei com eles em uma sala de espera. N\u00f3s tr\u00eas choramos, oramos e esperamos. Esper\u00e1vamos o melhor tentando nos preparar para o pior. O m\u00e9dico finalmente entrou na sala com o capel\u00e3o do hospital para dar a not\u00edcia que est\u00e1vamos torcendo para n\u00e3o ouvir\u201d, relata o amigo.<\/p>\n<p>A linda garotinha Jayden estava sendo mantida viva com a ajuda de aparelhos e n\u00e3o havia mais nada que os m\u00e9dicos pudessem fazer. Algumas horas depois, com a m\u00e3e deitada ao lado dela no leito do hospital, a menina foi declarada morta. \u201cFoi a hora mais sombria que eu vi um casal enfrentando\u201d,\u00a0afirma Dave.<\/p>\n<p>Mas em meio \u00e0 tanta dor algo chamou a aten\u00e7\u00e3o de Dave: enquanto Jay estava revivendo a cena o tempo todo em sua mente e se culpando pela morte da menina, Mandra calmamente o acariciava nas costas dizendo: \u201cAmor, a culpa n\u00e3o \u00e9 sua. Voc\u00ea \u00e9 um pai maravilhoso. Fez tudo o que podia ter feito. Eu amo muito voc\u00ea. Voc\u00ea \u00e9 um pai t\u00e3o bom\u201d.<\/p>\n<p>Isso se tornou <strong>um momento decisivo no casamento deles<\/strong>. \u201cJay e Mandra escolheram <strong>passar pelo sofrimento lado a lado<\/strong>. Atrav\u00e9s da dor deles, continuaram a <strong>crescer no amor<\/strong> um pelo outro e pelos filhos, Chloe e Austin. O legado de Jayden vive em seus cora\u00e7\u00f5es e nas muitas vidas que ela tocou nos curtos anos que passou por aqui. Esta fam\u00edlia continua a inspirar todos que a conhece\u201d, conta Dave em seu texto.<\/p>\n<h3>Sem culpas<\/h3>\n<p>Para a psic\u00f3loga Thereza Cristina Arruda Salom\u00e9 D\u2019Esp\u00edndula, especializada em Tanatologia (campo da Psicologia que estuda a morte e o luto), muitos casais acabam permitindo \u2013 numa situa\u00e7\u00e3o como a do casal Jay e Mandra \u2013 que o luto coloque uma pedra entre eles. \u201c\u00c9 bastante previs\u00edvel que isso aconte\u00e7a. Vai depender muito de como esse casal interage e, principalmente, se existe um<strong> sentimento de culpa<\/strong>sobre a morte\u201d, explica. Ainda segundo a especialista, \u201cse houver essa culpabiliza\u00e7\u00e3o de um em rela\u00e7\u00e3o ao outro, existe uma grande possibilidade desse casamento acabar ou ent\u00e3o de sofrer um grande abalo\u201d.<\/p>\n<p>A psic\u00f3loga afirma que, em casos assim, o desejado \u00e9 que<strong> toda a fam\u00edlia se apoie<\/strong> e que n\u00e3o haja cobran\u00e7as, tanto sobre \u201cde quem \u00e9 a culpa\u201d quanto sobre a intensidade do sofrimento de cada um. \u201cN\u00e3o adianta dizer para uma m\u00e3e para ela parar de ficar chorando pelos cantos, que j\u00e1 se passaram tantos meses e que ela j\u00e1 deveria estar melhor. A gente pode imaginar a dimens\u00e3o do sofrimento e ela n\u00e3o vai parar de chorar t\u00e3o cedo. \u00c9 preciso que <strong>cada um respeite a dor e o tempo de luto do outro<\/strong> para que o casamento sobreviva a um impacto desse tamanho\u201d, concluiu.<\/p>\n<\/div>\n","protected":false},"excerpt":{"rendered":"<p>Perder um filho \u00e9 uma dor sem tamanho para o casal, mas \u00e9 poss\u00edvel evitar que o luto se torne uma pedra entre os dois A perda de um filho \u00e9, sem d\u00favida, uma das piores situa\u00e7\u00f5es que um casal pode enfrentar. N\u00e3o h\u00e1 dor mais profunda. E ela pode se transformar em um turbilh\u00e3o [&hellip;]<\/p>\n","protected":false},"author":1,"featured_media":51749,"comment_status":"open","ping_status":"closed","sticky":false,"template":"","format":"standard","meta":{"footnotes":""},"categories":[4],"tags":[],"class_list":["post-51748","post","type-post","status-publish","format-standard","has-post-thumbnail","hentry","category-cotidiano"],"_links":{"self":[{"href":"https:\/\/catolicanet.net\/wp-cnet\/wp-json\/wp\/v2\/posts\/51748","targetHints":{"allow":["GET"]}}],"collection":[{"href":"https:\/\/catolicanet.net\/wp-cnet\/wp-json\/wp\/v2\/posts"}],"about":[{"href":"https:\/\/catolicanet.net\/wp-cnet\/wp-json\/wp\/v2\/types\/post"}],"author":[{"embeddable":true,"href":"https:\/\/catolicanet.net\/wp-cnet\/wp-json\/wp\/v2\/users\/1"}],"replies":[{"embeddable":true,"href":"https:\/\/catolicanet.net\/wp-cnet\/wp-json\/wp\/v2\/comments?post=51748"}],"version-history":[{"count":1,"href":"https:\/\/catolicanet.net\/wp-cnet\/wp-json\/wp\/v2\/posts\/51748\/revisions"}],"predecessor-version":[{"id":51750,"href":"https:\/\/catolicanet.net\/wp-cnet\/wp-json\/wp\/v2\/posts\/51748\/revisions\/51750"}],"wp:featuredmedia":[{"embeddable":true,"href":"https:\/\/catolicanet.net\/wp-cnet\/wp-json\/wp\/v2\/media\/51749"}],"wp:attachment":[{"href":"https:\/\/catolicanet.net\/wp-cnet\/wp-json\/wp\/v2\/media?parent=51748"}],"wp:term":[{"taxonomy":"category","embeddable":true,"href":"https:\/\/catolicanet.net\/wp-cnet\/wp-json\/wp\/v2\/categories?post=51748"},{"taxonomy":"post_tag","embeddable":true,"href":"https:\/\/catolicanet.net\/wp-cnet\/wp-json\/wp\/v2\/tags?post=51748"}],"curies":[{"name":"wp","href":"https:\/\/api.w.org\/{rel}","templated":true}]}}