{"id":5171,"date":"2014-10-07T16:02:49","date_gmt":"2014-10-07T19:02:49","guid":{"rendered":"http:\/\/catolicanet.net\/wp-cnet\/sinodo-participantes-ganham-coletanea-sobre-familia\/"},"modified":"2017-04-06T15:20:47","modified_gmt":"2017-04-06T18:20:47","slug":"sinodo-participantes-ganham-coletanea-sobre-familia","status":"publish","type":"post","link":"https:\/\/catolicanet.net\/wp-cnet\/sinodo-participantes-ganham-coletanea-sobre-familia\/","title":{"rendered":"S\u00ednodo: participantes ganham colet\u00e2nea sobre Fam\u00edlia"},"content":{"rendered":"<p style=\"text-align: justify;\"><img decoding=\"async\" src=\"http:\/\/catolicanet.com.br\/images\/stories\/bispos\/participantessinodofamilia.jpg\" border=\"0\" align=\"left\" \/>O Pontif\u00edcio Conselho para a Fam\u00edlia presenteou todos os participantes do S\u00ednodo Extraordin\u00e1rio sobre a Fam\u00edlia com a obra &#8216;Enchiridion da fam\u00edlia e da vida\u2019, publicada pela Editora do Vaticano. Em mais de 3500 p\u00e1ginas, a obra re\u00fane centenas de documentos conciliares e magisteriais relativos \u00e0 vida familiar desde o Conc\u00edlio de Floren\u00e7a, de 1439, at\u00e9 os mais recentes pronunciamentos do Papa Francisco, abrangendo 13 pontificados.<\/p>\n<p>Enc\u00edclicas, cartas, discursos, constitui\u00e7\u00f5es apost\u00f3licas, \u2018motu proprio\u2019, homilias e mensagens radiof\u00f4nicas: os textos apresentados no &#8216;Enchiridion&#8217; atestam a continuidade de uma tradi\u00e7\u00e3o que, a partir da B\u00edblia, tem se desenvolvido ao longo da hist\u00f3ria humana, em meio a \u00e9pocas e culturas, experi\u00eancias eclesiais, aten\u00e7\u00f5es pastorais e reflex\u00f5es teol\u00f3gicas. A introdu\u00e7\u00e3o ao volume \u00e9 do Arcebispo Vincenzo Paglia, Presidente do Pontif\u00edcio Conselho para a Fam\u00edlia.<\/p>\n<p>\u201cDesde as suas origens, a Igreja sentiu a responsabilidade de ajudar as fam\u00edlias crist\u00e3s a viver segundo princ\u00edpios evang\u00e9licos e o pr\u00f3prio desenvolvimento do cristianismo aconteceu atrav\u00e9s da rede de fam\u00edlias: isto demonstra a estreita rela\u00e7\u00e3o entre a vida da Igreja e a vida das fam\u00edlias crist\u00e3s\u201d, destaca ainda Dom Paglia. \u201cAs dificuldades hist\u00f3ricas do matrim\u00f4nio e da fam\u00edlia, em n\u00edvel cultural, civil e eclesial s\u00e3o hoje um novo desafio e um tempo oportuno para toda a Igreja\u201d.<\/p>\n<p><strong>Fonte:<\/strong> R\u00e1dio Vaticano<br \/><strong>Local:<\/strong> Cidade do Vaticano<\/p>\n","protected":false},"excerpt":{"rendered":"<p>O Pontif\u00edcio Conselho para a Fam\u00edlia presenteou todos os participantes do S\u00ednodo Extraordin\u00e1rio sobre a Fam\u00edlia com a obra &#8216;Enchiridion da fam\u00edlia e da vida\u2019, publicada pela Editora do Vaticano. Em mais de 3500 p\u00e1ginas, a obra re\u00fane centenas de documentos conciliares e magisteriais relativos \u00e0 vida familiar desde o Conc\u00edlio de Floren\u00e7a, de 1439, [&hellip;]<\/p>\n","protected":false},"author":1,"featured_media":0,"comment_status":"closed","ping_status":"closed","sticky":false,"template":"","format":"standard","meta":{"footnotes":""},"categories":[4],"tags":[],"class_list":["post-5171","post","type-post","status-publish","format-standard","hentry","category-cotidiano"],"_links":{"self":[{"href":"https:\/\/catolicanet.net\/wp-cnet\/wp-json\/wp\/v2\/posts\/5171","targetHints":{"allow":["GET"]}}],"collection":[{"href":"https:\/\/catolicanet.net\/wp-cnet\/wp-json\/wp\/v2\/posts"}],"about":[{"href":"https:\/\/catolicanet.net\/wp-cnet\/wp-json\/wp\/v2\/types\/post"}],"author":[{"embeddable":true,"href":"https:\/\/catolicanet.net\/wp-cnet\/wp-json\/wp\/v2\/users\/1"}],"replies":[{"embeddable":true,"href":"https:\/\/catolicanet.net\/wp-cnet\/wp-json\/wp\/v2\/comments?post=5171"}],"version-history":[{"count":1,"href":"https:\/\/catolicanet.net\/wp-cnet\/wp-json\/wp\/v2\/posts\/5171\/revisions"}],"predecessor-version":[{"id":10046,"href":"https:\/\/catolicanet.net\/wp-cnet\/wp-json\/wp\/v2\/posts\/5171\/revisions\/10046"}],"wp:attachment":[{"href":"https:\/\/catolicanet.net\/wp-cnet\/wp-json\/wp\/v2\/media?parent=5171"}],"wp:term":[{"taxonomy":"category","embeddable":true,"href":"https:\/\/catolicanet.net\/wp-cnet\/wp-json\/wp\/v2\/categories?post=5171"},{"taxonomy":"post_tag","embeddable":true,"href":"https:\/\/catolicanet.net\/wp-cnet\/wp-json\/wp\/v2\/tags?post=5171"}],"curies":[{"name":"wp","href":"https:\/\/api.w.org\/{rel}","templated":true}]}}