{"id":51682,"date":"2019-07-26T15:01:25","date_gmt":"2019-07-26T18:01:25","guid":{"rendered":"http:\/\/catolicanet.net\/wp-cnet\/?p=51682"},"modified":"2019-07-26T15:01:25","modified_gmt":"2019-07-26T18:01:25","slug":"jerusalem-incendio-florestal-atinge-monte-tabor-local-da-transfiguracao","status":"publish","type":"post","link":"https:\/\/catolicanet.net\/wp-cnet\/jerusalem-incendio-florestal-atinge-monte-tabor-local-da-transfiguracao\/","title":{"rendered":"Jerusal\u00e9m: Inc\u00eandio florestal atinge Monte Tabor, local da Transfigura\u00e7\u00e3o"},"content":{"rendered":"<p>Na noite de quinta-feira, 25 de julho, houve um grande inc\u00eandio na encosta leste do Monte Tabor, a pouca dist\u00e2ncia da Bas\u00edlica da Transfigura\u00e7\u00e3o, na Galileia (Israel).<\/p>\n<p><iframe loading=\"lazy\" src=\"https:\/\/www.facebook.com\/plugins\/post.php?href=https%3A%2F%2Fwww.facebook.com%2FcustodiaTS%2Fposts%2F3172003556174763&amp;width=500\" width=\"500\" height=\"932\" frameborder=\"0\" scrolling=\"no\" data-mce-fragment=\"1\"><\/iframe><\/p>\n<p>Segundo o Patriarcado Latino de Jerusal\u00e9m, nesta sexta-feira, 26 de julho, o fogo j\u00e1 foi controlado e os bombeiros e um representante da Autoridade de Parques de Israel est\u00e3o presentes na \u00e1rea e a mant\u00eam sob controle constante.<\/p>\n<p>O Patriarcado observou que, &#8220;felizmente, todos os moradores, inclusive os religiosos, foram evacuados da \u00e1rea de inc\u00eandio e nenhuma perda humana foi relatada&#8221;. Tamb\u00e9m n\u00e3o ocorreram danos nas igrejas do entorno, especialmente no mosteiro franciscano.<\/p>\n<p>Frei Ricardo Maria Bustos, vig\u00e1rio e diretor local da Cust\u00f3dia da Terra Santa, prov\u00edncia da Ordem Franciscana, informou que por volta das 17h (hora local), &#8220;a pol\u00edcia chegou ao santu\u00e1rio e evacuou, por seguran\u00e7a, a comunidade de frades menores franciscanos que cuidam do santu\u00e1rio e a comunidade de Mundo X, que fica de forma est\u00e1vel ao lado do convento&#8221;.<\/p>\n<p>O frade indicou que permaneceu no local do inc\u00eandio junto com um jovem da comunidade para avaliar a situa\u00e7\u00e3o e ajudar o trabalho da pol\u00edcia.<\/p>\n<p>\u201cPediram-nos para acessar um ponto de observa\u00e7\u00e3o alto para avaliar a extens\u00e3o do inc\u00eandio. De l\u00e1, notamos que as chamas tinham chegado a 200 metros do convento, mas o maior perigo j\u00e1 havia passado e o fogo estava controlado\u201d.<\/p>\n<p>Frei Ricardo informou que por volta das 21h, o estado de emerg\u00eancia passou e os freis e outros jovens leigos puderam voltar ao local.<\/p>\n<p>A Cust\u00f3dia da Terra Santa informou que tudo est\u00e1 voltando ao normal e os primeiros grupos de peregrinos poder\u00e3o, em breve, visitar a regi\u00e3o. Espera-se que no in\u00edcio da tarde, quando geralmente h\u00e1 ventos fortes, o perigo tenha passado completamente.<\/p>\n<p>&#8220;Precisamente ontem mudamos a est\u00e1tua de S\u00e3o Francisco para um lugar mais vis\u00edvel&#8221;, indicou o frade. \u201cDirigi meu olhar para ele quando saia do convento, em uma situa\u00e7\u00e3o de confus\u00e3o geral e disse-lhe: voc\u00ea \u00e9 o \u00fanico que pode dominar o irm\u00e3o fogo. Isso deve ser para n\u00f3s uma confirma\u00e7\u00e3o de que S\u00e3o Francisco cuida de seus filhos\u201d, afirmou Frei Ricardo.<\/p>\n","protected":false},"excerpt":{"rendered":"<p>Na noite de quinta-feira, 25 de julho, houve um grande inc\u00eandio na encosta leste do Monte Tabor, a pouca dist\u00e2ncia da Bas\u00edlica da Transfigura\u00e7\u00e3o, na Galileia (Israel). Segundo o Patriarcado Latino de Jerusal\u00e9m, nesta sexta-feira, 26 de julho, o fogo j\u00e1 foi controlado e os bombeiros e um representante da Autoridade de Parques de Israel [&hellip;]<\/p>\n","protected":false},"author":1,"featured_media":51683,"comment_status":"open","ping_status":"closed","sticky":false,"template":"","format":"standard","meta":{"footnotes":""},"categories":[4],"tags":[],"class_list":["post-51682","post","type-post","status-publish","format-standard","has-post-thumbnail","hentry","category-cotidiano"],"_links":{"self":[{"href":"https:\/\/catolicanet.net\/wp-cnet\/wp-json\/wp\/v2\/posts\/51682","targetHints":{"allow":["GET"]}}],"collection":[{"href":"https:\/\/catolicanet.net\/wp-cnet\/wp-json\/wp\/v2\/posts"}],"about":[{"href":"https:\/\/catolicanet.net\/wp-cnet\/wp-json\/wp\/v2\/types\/post"}],"author":[{"embeddable":true,"href":"https:\/\/catolicanet.net\/wp-cnet\/wp-json\/wp\/v2\/users\/1"}],"replies":[{"embeddable":true,"href":"https:\/\/catolicanet.net\/wp-cnet\/wp-json\/wp\/v2\/comments?post=51682"}],"version-history":[{"count":1,"href":"https:\/\/catolicanet.net\/wp-cnet\/wp-json\/wp\/v2\/posts\/51682\/revisions"}],"predecessor-version":[{"id":51684,"href":"https:\/\/catolicanet.net\/wp-cnet\/wp-json\/wp\/v2\/posts\/51682\/revisions\/51684"}],"wp:featuredmedia":[{"embeddable":true,"href":"https:\/\/catolicanet.net\/wp-cnet\/wp-json\/wp\/v2\/media\/51683"}],"wp:attachment":[{"href":"https:\/\/catolicanet.net\/wp-cnet\/wp-json\/wp\/v2\/media?parent=51682"}],"wp:term":[{"taxonomy":"category","embeddable":true,"href":"https:\/\/catolicanet.net\/wp-cnet\/wp-json\/wp\/v2\/categories?post=51682"},{"taxonomy":"post_tag","embeddable":true,"href":"https:\/\/catolicanet.net\/wp-cnet\/wp-json\/wp\/v2\/tags?post=51682"}],"curies":[{"name":"wp","href":"https:\/\/api.w.org\/{rel}","templated":true}]}}