{"id":51679,"date":"2019-07-26T14:44:51","date_gmt":"2019-07-26T17:44:51","guid":{"rendered":"http:\/\/catolicanet.net\/wp-cnet\/?p=51679"},"modified":"2019-07-26T14:46:29","modified_gmt":"2019-07-26T17:46:29","slug":"pastoral-dos-nomades-realiza-sua-32a-assembleia-nacional-em-vila-velha-es","status":"publish","type":"post","link":"https:\/\/catolicanet.net\/wp-cnet\/pastoral-dos-nomades-realiza-sua-32a-assembleia-nacional-em-vila-velha-es\/","title":{"rendered":"Pastoral dos N\u00f4mades realiza sua 32\u00aa Assembleia Nacional em Vila Velha (ES)"},"content":{"rendered":"<p>Aconteceu de 16 a 19 de julho, a 32\u00aa Assembleia Nacional da Pastoral dos N\u00f4mades do Brasil, ligada ao Setor Mobilidade Humana da Comiss\u00e3o Episcopal Pastoral para a A\u00e7\u00e3o Sociotransformadora da Confer\u00eancia Nacional dos Bispos do Brasil (CNBB).\u00a0A Assembleia anual, que aconteceu na Casa de Forma\u00e7\u00e3o Martina Toloni em Vila Velha (ES), contou com mais de 40 agentes de pastoral de todo o Brasil e participantes entre os n\u00f4mades. O tema foi \u201cNovos Rumos\u201d.<\/p>\n<p><a href=\"http:\/\/www.cnbb.org.br\/pastoral-dos-nomades-realiza-sua-32a-assembleia-nacional-em-vila-velha-es\/grupo-nomades\/\"><img loading=\"lazy\" decoding=\"async\" class=\"size-medium wp-image-223269 alignright\" src=\"http:\/\/www.cnbb.org.br\/wp-content\/uploads\/sites\/32\/2019\/07\/Grupo-Nomades-300x150.jpg\" srcset=\"http:\/\/www.cnbb.org.br\/wp-content\/uploads\/sites\/32\/2019\/07\/Grupo-Nomades-300x150.jpg 300w, http:\/\/www.cnbb.org.br\/wp-content\/uploads\/sites\/32\/2019\/07\/Grupo-Nomades-768x384.jpg 768w, http:\/\/www.cnbb.org.br\/wp-content\/uploads\/sites\/32\/2019\/07\/Grupo-Nomades.jpg 800w\" alt=\"\" width=\"300\" height=\"150\" \/><\/a>A forma\u00e7\u00e3o de novos agentes da Pastoral dos N\u00f4mades foi o ponto principal discutido, entre espiritualidades, mesas redondas, partilhas e celebra\u00e7\u00f5es.\u00a0Dinha, Cigana Calin, de Porto Seguro (BA), conta como foi a experi\u00eancia de participar pela primeira vez da Assembleia Nacional da Pastoral dos N\u00f4mades: \u201cPara n\u00f3s \u00e9 um sentimento de igualdade, de que estamos unidos na mesma luta. Trago em meu cora\u00e7\u00e3o o sentimento de uni\u00e3o, de que precisamos somar for\u00e7as. Precisamos orar e termos momentos com Deus. \u00c9 necess\u00e1rio e levo isso a partir deste encontro.\u201d<\/p>\n<p>A Ana Lamenha, agente de pastoral na arquidiocese do Rio de Janeiro, tamb\u00e9m exp\u00f5e o que leva em seu cora\u00e7\u00e3o a partir de sua primeira experi\u00eancia com Pastoral: \u201cFoi a primeira vez que participei da Assembleia da Pastoral dos N\u00f4mades do Brasil. Cheguei com muitas expectativas em rela\u00e7\u00e3o \u00e0 Igreja estar mais perto dos circenses que sofrem\u201d. Como os s\u00e3o itinerantes e a igreja est\u00e1 presente em todo o territ\u00f3rio brasileiro, ela acredita que a Igreja poderia avan\u00e7ar, junto \u00e0s suas pastorais nas comunidades, para acolher os Circos que passarem por sua regi\u00e3o\u201d, disse.<\/p>\n<p>A assembleia foi conclu\u00edda com um almo\u00e7o fraterno e a Santa Missa de envio, onde dom Jos\u00e9 Edson de Oliveira, bispo referencial da Pastoral N\u00f4mades exortou a import\u00e2ncia da partilha e da viv\u00eancia entre os irm\u00e3os n\u00f4mades.<\/p>\n<p><em>Com colabora\u00e7\u00e3o de C\u00edcero Pereira \u2013 texto e fotos<\/em><\/p>\n","protected":false},"excerpt":{"rendered":"<p>Aconteceu de 16 a 19 de julho, a 32\u00aa Assembleia Nacional da Pastoral dos N\u00f4mades do Brasil, ligada ao Setor Mobilidade Humana da Comiss\u00e3o Episcopal Pastoral para a A\u00e7\u00e3o Sociotransformadora da Confer\u00eancia Nacional dos Bispos do Brasil (CNBB).\u00a0A Assembleia anual, que aconteceu na Casa de Forma\u00e7\u00e3o Martina Toloni em Vila Velha (ES), contou com mais [&hellip;]<\/p>\n","protected":false},"author":1,"featured_media":51681,"comment_status":"open","ping_status":"closed","sticky":false,"template":"","format":"standard","meta":{"footnotes":""},"categories":[7],"tags":[],"class_list":["post-51679","post","type-post","status-publish","format-standard","has-post-thumbnail","hentry","category-cnbb"],"_links":{"self":[{"href":"https:\/\/catolicanet.net\/wp-cnet\/wp-json\/wp\/v2\/posts\/51679","targetHints":{"allow":["GET"]}}],"collection":[{"href":"https:\/\/catolicanet.net\/wp-cnet\/wp-json\/wp\/v2\/posts"}],"about":[{"href":"https:\/\/catolicanet.net\/wp-cnet\/wp-json\/wp\/v2\/types\/post"}],"author":[{"embeddable":true,"href":"https:\/\/catolicanet.net\/wp-cnet\/wp-json\/wp\/v2\/users\/1"}],"replies":[{"embeddable":true,"href":"https:\/\/catolicanet.net\/wp-cnet\/wp-json\/wp\/v2\/comments?post=51679"}],"version-history":[{"count":1,"href":"https:\/\/catolicanet.net\/wp-cnet\/wp-json\/wp\/v2\/posts\/51679\/revisions"}],"predecessor-version":[{"id":51680,"href":"https:\/\/catolicanet.net\/wp-cnet\/wp-json\/wp\/v2\/posts\/51679\/revisions\/51680"}],"wp:featuredmedia":[{"embeddable":true,"href":"https:\/\/catolicanet.net\/wp-cnet\/wp-json\/wp\/v2\/media\/51681"}],"wp:attachment":[{"href":"https:\/\/catolicanet.net\/wp-cnet\/wp-json\/wp\/v2\/media?parent=51679"}],"wp:term":[{"taxonomy":"category","embeddable":true,"href":"https:\/\/catolicanet.net\/wp-cnet\/wp-json\/wp\/v2\/categories?post=51679"},{"taxonomy":"post_tag","embeddable":true,"href":"https:\/\/catolicanet.net\/wp-cnet\/wp-json\/wp\/v2\/tags?post=51679"}],"curies":[{"name":"wp","href":"https:\/\/api.w.org\/{rel}","templated":true}]}}