{"id":51626,"date":"2019-07-25T15:29:43","date_gmt":"2019-07-25T18:29:43","guid":{"rendered":"http:\/\/catolicanet.net\/wp-cnet\/?p=51626"},"modified":"2019-07-25T15:29:43","modified_gmt":"2019-07-25T18:29:43","slug":"igreja-assistencia-a-familia-traz-padre-de-franca-para-a-diocese-da-guarda","status":"publish","type":"post","link":"https:\/\/catolicanet.net\/wp-cnet\/igreja-assistencia-a-familia-traz-padre-de-franca-para-a-diocese-da-guarda\/","title":{"rendered":"Igreja: Assist\u00eancia \u00e0 fam\u00edlia traz padre de Fran\u00e7a para a Diocese da Guarda"},"content":{"rendered":"<p><em>D. Manuel Fel\u00edcio publicou as nomea\u00e7\u00f5es para o novo ano pastoral<\/em><\/p>\n<p><span id=\"more-145186\"><\/span>Guarda, 25 jul 2019 (Ecclesia) \u2013 O bispo da Guarda publicou as nomea\u00e7\u00f5es para o novo ano pastoral 2019-2020 onde se destaca chegada do padre Francisco Mata, natural de Inguias, mas ordenado sacerdote na Diocese francesa de Bayonn.<\/p>\n<div id=\"attachment_134374\" class=\"wp-caption alignleft fbx-instance\"><\/div>\n<p>\u201cAgora solicitou ao seu bispo, D. Mark Aillet, autoriza\u00e7\u00e3o para acompanhar os pais, que desejaram vir para Portugal. H\u00e1 um acordo assinado entre o bispo da Guarda e o bispo de Byonne sobre a perman\u00eancia deste sacerdote na nossa Diocese sem deixar de pertencer ao Presbit\u00e9rio de Bayonne\u201d, explica D. Manuel Fel\u00edcio.<\/p>\n<p>Os pais de Francisco Mata estavam emigrados em Fran\u00e7a onde o agora sacerdote frequentou o semin\u00e1rio e foi ordenado na Diocese de Bayonne, em 2005, integrado no seu presbit\u00e9rio.<\/p>\n<p>O padre Francisco Mata vai ficar respons\u00e1vel por quatro par\u00f3quias \u2013 Manteigas (Santa Maria e S. Pedro), Sameiro (S. Jo\u00e3o Baptista), Vale de Amoreira (Nossa Senhora da Anuncia\u00e7\u00e3o) e Valhelhas (Santa Maria Maior) \u2013 e segundo o acordo assinado entre os dois bispos \u201cpermanece ao servi\u00e7o\u201d na Guarda \u201cdurante tr\u00eas anos podendo ou n\u00e3o essa perman\u00eancia ser renovada, a contento das partes\u201d.<\/p>\n<p>O padre\u00a0Carlos de Sousa\u00a0foi escolhido como vig\u00e1rio episcopal para o Clero, \u201csubstituindo nestas fun\u00e7\u00f5es\u201d o atual bispo de Viseu, D. Ant\u00f3nio Luciano, a quem a diocese expressa \u201creconhecimento por todo o servi\u00e7o prestado\u201d.<\/p>\n<p>D. Manuel Fel\u00edcio confirmou o padre Jacek Cesary Baginsky, dos Mission\u00e1rios do Verbo Divino, reitor do santu\u00e1rio de Nossa Senhora das Dores, em Paul, assumindo mais tr\u00eas par\u00f3quias.<\/p>\n<p>Nas nomea\u00e7\u00f5es <a href=\"https:\/\/diocesedaguarda.pt\/noticias\/ler\/146-nomeacoes-para-o-ano-pastoral-2019-2020\" target=\"_blank\" rel=\"noopener noreferrer\">publicadas<\/a> hoje no s\u00edtio online da Diocese da Guarda, o seu bispo nomeou o padre\u00a0V\u00edtor Manuel Ramos\u00a0capel\u00e3o (assistente Espiritual e Religioso) do Hospital Sousa Martins, na Guarda, e o padre\u00a0Rui Manique \u00e9 o novo assistente diocesano do Corpo Nacional de Escutas.<\/p>\n","protected":false},"excerpt":{"rendered":"<p>D. Manuel Fel\u00edcio publicou as nomea\u00e7\u00f5es para o novo ano pastoral Guarda, 25 jul 2019 (Ecclesia) \u2013 O bispo da Guarda publicou as nomea\u00e7\u00f5es para o novo ano pastoral 2019-2020 onde se destaca chegada do padre Francisco Mata, natural de Inguias, mas ordenado sacerdote na Diocese francesa de Bayonn. \u201cAgora solicitou ao seu bispo, D. [&hellip;]<\/p>\n","protected":false},"author":1,"featured_media":51627,"comment_status":"open","ping_status":"closed","sticky":false,"template":"","format":"standard","meta":{"footnotes":""},"categories":[4],"tags":[],"class_list":["post-51626","post","type-post","status-publish","format-standard","has-post-thumbnail","hentry","category-cotidiano"],"_links":{"self":[{"href":"https:\/\/catolicanet.net\/wp-cnet\/wp-json\/wp\/v2\/posts\/51626","targetHints":{"allow":["GET"]}}],"collection":[{"href":"https:\/\/catolicanet.net\/wp-cnet\/wp-json\/wp\/v2\/posts"}],"about":[{"href":"https:\/\/catolicanet.net\/wp-cnet\/wp-json\/wp\/v2\/types\/post"}],"author":[{"embeddable":true,"href":"https:\/\/catolicanet.net\/wp-cnet\/wp-json\/wp\/v2\/users\/1"}],"replies":[{"embeddable":true,"href":"https:\/\/catolicanet.net\/wp-cnet\/wp-json\/wp\/v2\/comments?post=51626"}],"version-history":[{"count":1,"href":"https:\/\/catolicanet.net\/wp-cnet\/wp-json\/wp\/v2\/posts\/51626\/revisions"}],"predecessor-version":[{"id":51628,"href":"https:\/\/catolicanet.net\/wp-cnet\/wp-json\/wp\/v2\/posts\/51626\/revisions\/51628"}],"wp:featuredmedia":[{"embeddable":true,"href":"https:\/\/catolicanet.net\/wp-cnet\/wp-json\/wp\/v2\/media\/51627"}],"wp:attachment":[{"href":"https:\/\/catolicanet.net\/wp-cnet\/wp-json\/wp\/v2\/media?parent=51626"}],"wp:term":[{"taxonomy":"category","embeddable":true,"href":"https:\/\/catolicanet.net\/wp-cnet\/wp-json\/wp\/v2\/categories?post=51626"},{"taxonomy":"post_tag","embeddable":true,"href":"https:\/\/catolicanet.net\/wp-cnet\/wp-json\/wp\/v2\/tags?post=51626"}],"curies":[{"name":"wp","href":"https:\/\/api.w.org\/{rel}","templated":true}]}}