{"id":51623,"date":"2019-07-25T15:26:07","date_gmt":"2019-07-25T18:26:07","guid":{"rendered":"http:\/\/catolicanet.net\/wp-cnet\/?p=51623"},"modified":"2019-07-25T15:26:07","modified_gmt":"2019-07-25T18:26:07","slug":"sociedade-avos-desafiados-a-ensinar-aos-netos-que-e-mais-importante-interagir-com-pessoas-do-que-lidar-com-maquinas","status":"publish","type":"post","link":"https:\/\/catolicanet.net\/wp-cnet\/sociedade-avos-desafiados-a-ensinar-aos-netos-que-e-mais-importante-interagir-com-pessoas-do-que-lidar-com-maquinas\/","title":{"rendered":"Sociedade: Av\u00f3s desafiados a ensinar aos netos que \u00e9 \u00abmais importante interagir com pessoas do que lidar com m\u00e1quinas\u00bb"},"content":{"rendered":"<p><em>Mensagem da Comiss\u00e3o Episcopal do Laicado e Fam\u00edlia para Dia dos Av\u00f3s rejeita formas \u00abde impaci\u00eancia, de indiferen\u00e7a, de desprezo e de viol\u00eancia\u00bb em rela\u00e7\u00e3o aos mais velhos<\/em><\/p>\n<p>A Comiss\u00e3o Episcopal do Laicado e Fam\u00edlia rejeita \u201cqualquer forma de viol\u00eancia\u201d sobre os mais velhos e afirma que os av\u00f3s s\u00e3o desafiados a ensinar aos netos que \u00e9 \u201cmais importante interagir com pessoas do que lidar com m\u00e1quinas\u201d.<\/p>\n<p>\u201cN\u00e3o basta que os av\u00f3s passem para as m\u00e3os dos netos instrumentos eletr\u00f3nicos sofisticados e reconhecer neles as compet\u00eancias inatas para lidar com as novas tecnologias\u201d, alertam os bispos na mensagem para o Dia dos Av\u00f3s.<\/p>\n<p>Para a Comiss\u00e3o Episcopal do Laicado e Fam\u00edlia (CELF), \u00e9 cada vez \u201cmais urgente\u201d ajudar os netos a \u201cinteriorizar que a comunica\u00e7\u00e3o, a ternura, a rela\u00e7\u00e3o, o olhar e o abra\u00e7o humanos s\u00e3o insubstitu\u00edveis\u201d.<\/p>\n<blockquote><p>\u201cImporta que aprendam que \u00e9 mais importante escutar, contemplar, conversar, partilhar, discutir e interagir com pessoas do que lidar com m\u00e1quinas\u201d, refere a CELF.<\/p><\/blockquote>\n<p>Os bispos do setor do laicado e fam\u00edlia na Confer\u00eancia Episcopal Portuguesa desafiam os av\u00f3s a \u201cenfrentar algumas resist\u00eancias\u201d, convidando os netos a \u201cvoltar um pouco atr\u00e1s no tempo\u201d dando prioridade \u00e0s rela\u00e7\u00f5es entre pessoas.<\/p>\n<p>\u201cQue os encontros e reencontros, deste tempo de ver\u00e3o, sejam ocasi\u00e3o prop\u00edcia para que os av\u00f3s transmitam os grandes valores humanos e crist\u00e3os aos seus netos\u201d, refere a CELF.<\/p>\n<p>Para esta comiss\u00e3o, \u201cos av\u00f3s crist\u00e3os poder\u00e3o colorir os m\u00faltiplos espa\u00e7os cinzentos da vida atual com a fraternidade, sensibilidade social, defesa das pessoas fr\u00e1geis, com f\u00e9 luminosa e a esperan\u00e7a ativa\u201d.<\/p>\n<p>Na mensagem para o Dia dos Av\u00f3s, que se assinala a 26 de julho, dia da mem\u00f3ria lit\u00fargica de S. Joaquim e S. Ana, av\u00f3s de Jesus, a CELF lembrou aos netos para \u201cvalorizar o papel insubstitu\u00edvel dos seus av\u00f3s e de todos os idosos\u201d.<\/p>\n<blockquote><p>\u201cN\u00e3o podemos aceitar uma mentalidade de impaci\u00eancia, de indiferen\u00e7a, de desprezo e muito menos tolerar qualquer forma de viol\u00eancia, explora\u00e7\u00e3o ou abuso em rela\u00e7\u00e3o aos mais velhos\u201d, alertaram.<\/p><\/blockquote>\n<p>Para os bispos que coordenam o setor do laicado e fam\u00edlia na CEP, \u00e9 necess\u00e1rio \u201cdespertar o sentido coletivo de gratid\u00e3o, apre\u00e7o, hospitalidade\u201d que fa\u00e7a o idoso sentir-se parte da \u201cfam\u00edlia, comunidade e sociedade\u201d.<\/p>\n<p>\u201cUnimo-nos aos netos e com eles felicitamos os av\u00f3s neste dia que lhes queremos dedicar com alegria e gratid\u00e3o\u201d, escrevem os bispos da Comiss\u00e3o Episcopal Laicado e Fam\u00edlia na Mensagem <a href=\"https:\/\/agencia.ecclesia.pt\/portal\/mensagem-da-comissao-episcopal-do-laicado-e-familia-para-o-dia-dos-avos\/\" target=\"_blank\" rel=\"noopener noreferrer\">publicada<\/a> a meados deste m\u00eas de julho.<\/p>\n","protected":false},"excerpt":{"rendered":"<p>Mensagem da Comiss\u00e3o Episcopal do Laicado e Fam\u00edlia para Dia dos Av\u00f3s rejeita formas \u00abde impaci\u00eancia, de indiferen\u00e7a, de desprezo e de viol\u00eancia\u00bb em rela\u00e7\u00e3o aos mais velhos A Comiss\u00e3o Episcopal do Laicado e Fam\u00edlia rejeita \u201cqualquer forma de viol\u00eancia\u201d sobre os mais velhos e afirma que os av\u00f3s s\u00e3o desafiados a ensinar aos netos [&hellip;]<\/p>\n","protected":false},"author":1,"featured_media":51624,"comment_status":"open","ping_status":"closed","sticky":false,"template":"","format":"standard","meta":{"footnotes":""},"categories":[4],"tags":[],"class_list":["post-51623","post","type-post","status-publish","format-standard","has-post-thumbnail","hentry","category-cotidiano"],"_links":{"self":[{"href":"https:\/\/catolicanet.net\/wp-cnet\/wp-json\/wp\/v2\/posts\/51623","targetHints":{"allow":["GET"]}}],"collection":[{"href":"https:\/\/catolicanet.net\/wp-cnet\/wp-json\/wp\/v2\/posts"}],"about":[{"href":"https:\/\/catolicanet.net\/wp-cnet\/wp-json\/wp\/v2\/types\/post"}],"author":[{"embeddable":true,"href":"https:\/\/catolicanet.net\/wp-cnet\/wp-json\/wp\/v2\/users\/1"}],"replies":[{"embeddable":true,"href":"https:\/\/catolicanet.net\/wp-cnet\/wp-json\/wp\/v2\/comments?post=51623"}],"version-history":[{"count":1,"href":"https:\/\/catolicanet.net\/wp-cnet\/wp-json\/wp\/v2\/posts\/51623\/revisions"}],"predecessor-version":[{"id":51625,"href":"https:\/\/catolicanet.net\/wp-cnet\/wp-json\/wp\/v2\/posts\/51623\/revisions\/51625"}],"wp:featuredmedia":[{"embeddable":true,"href":"https:\/\/catolicanet.net\/wp-cnet\/wp-json\/wp\/v2\/media\/51624"}],"wp:attachment":[{"href":"https:\/\/catolicanet.net\/wp-cnet\/wp-json\/wp\/v2\/media?parent=51623"}],"wp:term":[{"taxonomy":"category","embeddable":true,"href":"https:\/\/catolicanet.net\/wp-cnet\/wp-json\/wp\/v2\/categories?post=51623"},{"taxonomy":"post_tag","embeddable":true,"href":"https:\/\/catolicanet.net\/wp-cnet\/wp-json\/wp\/v2\/tags?post=51623"}],"curies":[{"name":"wp","href":"https:\/\/api.w.org\/{rel}","templated":true}]}}