{"id":51570,"date":"2019-07-24T10:43:28","date_gmt":"2019-07-24T13:43:28","guid":{"rendered":"http:\/\/catolicanet.net\/wp-cnet\/?p=51570"},"modified":"2019-07-24T10:43:28","modified_gmt":"2019-07-24T13:43:28","slug":"11-mutirao-brasileiro-de-comunicacao-muticom","status":"publish","type":"post","link":"https:\/\/catolicanet.net\/wp-cnet\/11-mutirao-brasileiro-de-comunicacao-muticom\/","title":{"rendered":"11\u00b0 Mutir\u00e3o Brasileiro de Comunica\u00e7\u00e3o &#8211; Muticom"},"content":{"rendered":"<div class=\"article__subTitle\">O 11\u00b0 Mutir\u00e3o Brasileiro de Comunica\u00e7\u00e3o (Muticom), com o tema Comunica\u00e7\u00e3o, Democracia e Responsabilidade Social, aconteceu de 18 a 21 de julho, no Centro Pastoral Dom Fernando, em Goi\u00e2nia.<\/div>\n<div class=\"title__separator\"><\/div>\n<div class=\"article__text\">\n<p><b>Talita Salgado &#8211;\u00a0Arquidiocese de Goi\u00e2nia<\/b><\/p>\n<p>O evento, promovido pela Confer\u00eancia Nacional dos Bispos do Brasil (CNBB) e realizado na Arquidiocese de Goi\u00e2nia, acontece a cada dois anos e, nesta edi\u00e7\u00e3o, reuniu comunicadores de praticamente todo o Brasil, tendo participantes de 23 dos 26 estados brasileiros. Com um novo formato, o Muticom 2019 teve mais de 30 assessores de conte\u00fado, divididos em grandes confer\u00eancias, workshops e palestras nas \u201cTrilhas de Conhecimento\u201d, que seguiram os tr\u00eas pilares da tem\u00e1tica principal.<\/p>\n<p>Entre os nomes convidados estavam professores e pesquisadores de mais de oito institui\u00e7\u00f5es p\u00fablicas e particulares de ensino superior do pa\u00eds, religiosos, religiosas, autoridades da sociedade civil e militar, profissionais de diversas \u00e1reas, principalmente da comunica\u00e7\u00e3o, alguns com experi\u00eancia e forma\u00e7\u00e3o internacionais.<\/p>\n<h2>Diversidade e atualidade<\/h2>\n<p>O conte\u00fado diversificado proporcionou uma experi\u00eancia rica ao participantes, abordando a quest\u00e3o socioambiental, o comportamento em redes sociais e os crimes cibern\u00e9ticos, a gest\u00e3o de crise e comunica\u00e7\u00e3o institucional, a inclus\u00e3o social, o envelhecimento e seus desafios, a mulher na comunica\u00e7\u00e3o e na sociedade, a midiatiza\u00e7\u00e3o e responsabilidades na Igreja e no mundo, o futuro da democracia, a comunica\u00e7\u00e3o dos papas, al\u00e9m de conte\u00fados mais pr\u00e1ticos como fotografia, drone, v\u00eddeos para Instagram, tend\u00eancias do design, m\u00e9todo de implanta\u00e7\u00e3o da Pastoral da Comunica\u00e7\u00e3o, entre outros.<\/p>\n<p>Destacaram-se algumas presen\u00e7as reconhecidas nacionalmente na grande m\u00eddia, como o Tenente <b>Pedro Aihara<\/b>, respons\u00e1vel pela comunica\u00e7\u00e3o do Corpo de Bombeiros Militar de Minas Gerais durante a trag\u00e9dia de Brumadinho; a delegada <b>Sabrina Leles,<\/b> Titular da Delegacia de Repress\u00e3o a Crimes Cibern\u00e9ticos do Estado de Goi\u00e1s, que participou de recente document\u00e1rio sobre o tema no canal Discovery; os jornalistas da GloboNews, <b>Gerson Camarotti<\/b>, autor dos livros \u201cSegredos do conclave\u201d, que contou os bastidores da elei\u00e7\u00e3o do <b>Papa Francisco<\/b> no Vaticano e, recentemente, o livro \u201cPara onde vai a Igreja?\u201d, e<b> Nilson Klava<\/b>, que conquistou a plateia ao compartilhar sua experi\u00eancia na pr\u00e1tica do jornalismo pol\u00edtico. O professor e mestre <b>Fernando Morgado<\/b> destacou as crises e oportunidades nas m\u00eddias digitais, mostrando as contradi\u00e7\u00f5es entre senso comum e realidade, de acordo com pesquisas e n\u00fameros.<\/p>\n<p>Durante o evento, foi lan\u00e7ado o livro: \u201cOs Papas da comunica\u00e7\u00e3o\u201d, escrito por dois nomes importantes da comunica\u00e7\u00e3o da Igreja no Brasil, as irm\u00e3s paulinas, professoras e doutoras, <b>Helena Corazza e Joana Puntel.<\/b><\/p>\n<h2>Novidades<\/h2>\n<p>Pela primeira vez, o Muticom trouxe um conte\u00fado exclusivo para di\u00e1conos, padres e bispos, o Media training, com orienta\u00e7\u00e3o do Prof. Dr <b>Mois\u00e9s Sbardelotto<\/b>, que reuniu mais de 90 participantes. O jornalista e professor ressaltou a import\u00e2ncia de a Igreja ter um bom relacionamento com a m\u00eddia, estar aberta e dispon\u00edvel para estabelecer um di\u00e1logo, sobretudo no que diz respeito \u00e0 pr\u00f3pria Igreja. Se a Igreja n\u00e3o se posicionar a respeito de seus assuntos, outros o far\u00e3o, e pode n\u00e3o ser feito da maneira correta. Ele destacou tamb\u00e9m a presen\u00e7a nas redes sociais: como homens ordenados, a postura deve encarnar os valores do Evangelho.<\/p>\n<p>Nesta edi\u00e7\u00e3o do Muticom, aconteceu a entrega dos Pr\u00eamios de Comunica\u00e7\u00e3o da CNBB, que contemplam trabalhos nos campos do Cinema, R\u00e1dio, TV, Imprensa e da Internet.<br \/>\nO evento foi concebido dentro do conceito de uma cidade, batizada de Cidade da Comunh\u00e3o, estruturada com \u00e1rea de conviv\u00eancia, alimenta\u00e7\u00e3o, interven\u00e7\u00f5es art\u00edsticas como a Alameda Umbrella sky e o painel \u201cAsas e Conex\u00f5es\u201d, do artista <b>Eron Telka<\/b>, e o palco onde foram realizadas as apresenta\u00e7\u00f5es culturais da catira, dan\u00e7a t\u00edpica de Goi\u00e1s, e o projeto musical Risen.<\/p>\n<h2>A comunica\u00e7\u00e3o que gera comunh\u00e3o<\/h2>\n<p>O 11\u00ba Muticom destacou a espiritualidade como base fundamental para as reflex\u00f5es em torno da tem\u00e1tica e para toda a\u00e7\u00e3o do comunicador. No primeiro dia por v\u00eddeo-mensagem, o Prefeito do Dicast\u00e9rio para a Comunica\u00e7\u00e3o, <b>Paolo Ruffini<\/b>, saudou os participantes como um gesto de unidade e comunh\u00e3o entre Roma e o Brasil.<\/p>\n<p>A Cidade da Comunh\u00e3o foi espa\u00e7o genu\u00edno de encontro de comunicadores cat\u00f3licos ou n\u00e3o e a presen\u00e7a importante do clero, entre eles 9 bispos; os anfitri\u00f5es <b>Dom Washington Cruz,<\/b> arcebispo de Goi\u00e2nia; <b>Dom Levi Bonatto<\/b>, bispo auxiliar de Goi\u00e2nia e referencial para comunica\u00e7\u00e3o; e <b>Dom Joaquim Giovanni Mol Guimar\u00e3es<\/b>, bispo auxiliar de Belo Horizonte (MG) e presidente da Comiss\u00e3o Episcopal Pastoral para a Comunica\u00e7\u00e3o da CNBB, que presidiram as Santas Missas no decorrer do mutir\u00e3o.<\/p>\n<p>Na celebra\u00e7\u00e3o de encerramento no Santu\u00e1rio-Bas\u00edlica do Divino Pai Eterno, em Trindade, Dom Washington Cruz presidiu Missa Solene, exaltando a experi\u00eancia vivida durante os quatro dias de evento, agradeceu a participa\u00e7\u00e3o e ressaltou:<\/p>\n<div>\n<div class=\"article__embed article__embed--border embed_style\">\n<blockquote><p>\u201c Tamb\u00e9m, como comunicadores crist\u00e3os, desejamos que toda a comunica\u00e7\u00e3o social esteja a servi\u00e7o da paz, da cidadania, da justi\u00e7a, da democracia e da solidariedade. Que cada um de n\u00f3s, querido irm\u00e3o e irm\u00e3, assuma o seu lugar, o seu trabalho, a sua miss\u00e3o, como resultado de um encontro, como o eco de uma escuta, como fruto de um grande amizade, de um profundo amor, que nos une a Jesus para sempre. \u201d<\/p><\/blockquote>\n<\/div>\n<\/div>\n<p>Dom Mol agradeceu \u00e0 Arquidiocese de Goi\u00e2nia e a todos os evolvidos no servi\u00e7o e ressaltou que \u201cos comunicadores s\u00e3o servidores e anunciadores do Evangelho, n\u00e3o s\u00f3 pelos equipamentos importantes, sofisticados, com tanta tecnologia, mas de uma maneira muito particular e sem a qual n\u00e3o \u00e9 poss\u00edvel evangelizar: a pr\u00f3pria f\u00e9. A sua f\u00e9 crist\u00e3, o seu amor \u00e0s pessoas, \u00e0s comunidades, aos pobres, a todo povo de Deus\u201d. E por fim, Dom Mol afirmou que em breve todos saber\u00e3o, pelos meios de comunica\u00e7\u00e3o, onde ser\u00e1 o 12\u00ba Mutir\u00e3o Brasileiro de Comunica\u00e7\u00e3o.<\/p>\n<\/div>\n","protected":false},"excerpt":{"rendered":"<p>O 11\u00b0 Mutir\u00e3o Brasileiro de Comunica\u00e7\u00e3o (Muticom), com o tema Comunica\u00e7\u00e3o, Democracia e Responsabilidade Social, aconteceu de 18 a 21 de julho, no Centro Pastoral Dom Fernando, em Goi\u00e2nia. Talita Salgado &#8211;\u00a0Arquidiocese de Goi\u00e2nia O evento, promovido pela Confer\u00eancia Nacional dos Bispos do Brasil (CNBB) e realizado na Arquidiocese de Goi\u00e2nia, acontece a cada dois [&hellip;]<\/p>\n","protected":false},"author":1,"featured_media":51571,"comment_status":"open","ping_status":"closed","sticky":false,"template":"","format":"standard","meta":{"footnotes":""},"categories":[3],"tags":[],"class_list":["post-51570","post","type-post","status-publish","format-standard","has-post-thumbnail","hentry","category-vaticano"],"_links":{"self":[{"href":"https:\/\/catolicanet.net\/wp-cnet\/wp-json\/wp\/v2\/posts\/51570","targetHints":{"allow":["GET"]}}],"collection":[{"href":"https:\/\/catolicanet.net\/wp-cnet\/wp-json\/wp\/v2\/posts"}],"about":[{"href":"https:\/\/catolicanet.net\/wp-cnet\/wp-json\/wp\/v2\/types\/post"}],"author":[{"embeddable":true,"href":"https:\/\/catolicanet.net\/wp-cnet\/wp-json\/wp\/v2\/users\/1"}],"replies":[{"embeddable":true,"href":"https:\/\/catolicanet.net\/wp-cnet\/wp-json\/wp\/v2\/comments?post=51570"}],"version-history":[{"count":1,"href":"https:\/\/catolicanet.net\/wp-cnet\/wp-json\/wp\/v2\/posts\/51570\/revisions"}],"predecessor-version":[{"id":51572,"href":"https:\/\/catolicanet.net\/wp-cnet\/wp-json\/wp\/v2\/posts\/51570\/revisions\/51572"}],"wp:featuredmedia":[{"embeddable":true,"href":"https:\/\/catolicanet.net\/wp-cnet\/wp-json\/wp\/v2\/media\/51571"}],"wp:attachment":[{"href":"https:\/\/catolicanet.net\/wp-cnet\/wp-json\/wp\/v2\/media?parent=51570"}],"wp:term":[{"taxonomy":"category","embeddable":true,"href":"https:\/\/catolicanet.net\/wp-cnet\/wp-json\/wp\/v2\/categories?post=51570"},{"taxonomy":"post_tag","embeddable":true,"href":"https:\/\/catolicanet.net\/wp-cnet\/wp-json\/wp\/v2\/tags?post=51570"}],"curies":[{"name":"wp","href":"https:\/\/api.w.org\/{rel}","templated":true}]}}