{"id":51549,"date":"2019-07-24T08:47:19","date_gmt":"2019-07-24T11:47:19","guid":{"rendered":"http:\/\/catolicanet.net\/wp-cnet\/?p=51549"},"modified":"2019-07-24T08:48:39","modified_gmt":"2019-07-24T11:48:39","slug":"51549-2","status":"publish","type":"post","link":"https:\/\/catolicanet.net\/wp-cnet\/51549-2\/","title":{"rendered":"Cardeal Zenari: \u201cNa S\u00edria duplicar esfor\u00e7os para acabar com o sofrimento&#8221;"},"content":{"rendered":"<div class=\"article__subTitle\">O n\u00fancio na S\u00edria, cardeal Mario Zenari, comenta a carta que o Papa Francisco enviou ao presidente s\u00edrio Bashar Hafez al-Assad. O cardeal fez parte da comitiva que entregou a carta ao presidente<\/div>\n<div class=\"title__separator\"><\/div>\n<div class=\"article__text\">\n<p>Cidade do Vaticano<\/p>\n<p>\u201cA carta foi mais uma demonstra\u00e7\u00e3o do quanto Papa Francisco tenha em seu cora\u00e7\u00e3o o destino da popula\u00e7\u00e3o s\u00edria e o quanto seja sens\u00edvel aos seus sofrimentos que j\u00e1 duram nove anos\u201d. S\u00e3o palavras do n\u00fancio apost\u00f3lico na S\u00edria, cardeal Mario Zenari, ao comentar a carta que o Papa Francisco enviou ao presidente da S\u00edria Bashar Hafez al-Assad. A carta com a data de 28 de junho passado, foi entregue pelo cardeal Peter Kodwo Appiah Turkson, prefeito do Dicast\u00e9rio para o Servi\u00e7o do Desenvolvimento Humano Integral. Dom Zenari que fazia parte da comitiva, falou ao <i>Vatican News <\/i>sobre a carta.<\/p>\n<p>Emin\u00eancia, com esta iniciativa o Papa Francisco provavelmente reacendeu os refletores sobre o conflito s\u00edrio e recordou a todos que se est\u00e1 combatendo uma Guerra mundial \u201cem partes\u201d\u2026<\/p>\n<p><b>Dom Zenari:<\/b> <i>A S\u00edria \u00e9 uma parte desta Guerra mundial o que \u00e9 muito, realmente muito preocupante. Pensemos apenas que a Segunda Guerra Mundial durou de 1939 a 1945. Na S\u00edria entramos no nono ano de conflito com sofrimentos inimagin\u00e1veis para toda a popula\u00e7\u00e3o, de todas as f\u00e9s, de todas as etnias. Pelas suas grandes propor\u00e7\u00f5es de mortos, feridos, de deslocados esta guerra \u00e9 a maior cat\u00e1strofe humanit\u00e1ria provocada pelo homem desde a Segunda Guerra Mundial. Os deslocados internos s\u00e3o mais de 6 milh\u00f5es, e 5 milh\u00f5es est\u00e3o nos pa\u00edses vizinhos. Nestes \u00faltimos tr\u00eas meses j\u00e1 se contam 300 mil deslocados na prov\u00edncia de Idlib.<\/i><\/p>\n<p>Na sua opini\u00e3o esta carta do Papa poder\u00e1 despertar o processo de negocia\u00e7\u00f5es?<\/p>\n<p><b>Dom Zenari:<\/b> <i>Primeiramente, a carta tem um valor humanit\u00e1rio e de proximidade ao sofrimento da popula\u00e7\u00e3o civil, particularmente o povo da prov\u00edncia de Idlib [sob ass\u00e9dio desde abril passado]. Se os combates n\u00e3o cessarem, corre-se o risco de uma cat\u00e1strofe humanit\u00e1ria de propor\u00e7\u00f5es enormes. De fato, na regi\u00e3o h\u00e1 cerca de 3 mil civis entre dois fogos. Portanto a primeira coisa a ser feita \u00e9 a proximidade ao sofrimento e o chamado \u00e0 observa\u00e7\u00e3o dos direitos humanos internacionais que tem como prioridade a prote\u00e7\u00e3o da popula\u00e7\u00e3o civil e das infraestruturas como escolas, hospitais e mercados.<\/i><\/p>\n<p>Qual \u00e9 o valor diplom\u00e1tico da carta?<\/p>\n<p><b>Dom Zenari<\/b>:\u00a0<i>A carta \u00e9 um convite para duplicar os esfor\u00e7os e principalmente para acabar com o grande sofrimento da popula\u00e7\u00e3o civil e proteg\u00ea-la e enfim encontrar uma solu\u00e7\u00e3o pol\u00edtica. O povo da S\u00edria, mesmo onde n\u00e3o caem bombas, se declara sob amea\u00e7a de uma guerra econ\u00f4mica. As bombas n\u00e3o caem mais em Damasco, Homs e em outras partes, por\u00e9m existe a bomba da pobreza. Segundo a ONU a pobreza atinge cerca de 80% da popula\u00e7\u00e3o s\u00edria, obrigada e viver abaixo da linha da pobreza.<\/i><\/p>\n<p>Nesta guerra econ\u00f4mica qual \u00e9 o peso das san\u00e7\u00f5es internacionais?<\/p>\n<p><b>Dom Zenari:<\/b>\u00a0<i>Certamente algumas destas san\u00e7\u00f5es t\u00eam uma influ\u00eancia negativa sobre a popula\u00e7\u00e3o. Por exemplo: neste ano o inverno foi muito rigoroso e longo, durou at\u00e9 a P\u00e1scoa e n\u00e3o se encontrava g\u00e1s e combust\u00edvel para alimentar as pequenas estufas. O embargo petrol\u00edfero e de seus produtos derivados teve um impacto muito negativo para a popula\u00e7\u00e3o.<\/i><\/p>\n<\/div>\n","protected":false},"excerpt":{"rendered":"<p>O n\u00fancio na S\u00edria, cardeal Mario Zenari, comenta a carta que o Papa Francisco enviou ao presidente s\u00edrio Bashar Hafez al-Assad. O cardeal fez parte da comitiva que entregou a carta ao presidente Cidade do Vaticano \u201cA carta foi mais uma demonstra\u00e7\u00e3o do quanto Papa Francisco tenha em seu cora\u00e7\u00e3o o destino da popula\u00e7\u00e3o s\u00edria [&hellip;]<\/p>\n","protected":false},"author":1,"featured_media":51550,"comment_status":"open","ping_status":"closed","sticky":false,"template":"","format":"standard","meta":{"footnotes":""},"categories":[3],"tags":[],"class_list":["post-51549","post","type-post","status-publish","format-standard","has-post-thumbnail","hentry","category-vaticano"],"_links":{"self":[{"href":"https:\/\/catolicanet.net\/wp-cnet\/wp-json\/wp\/v2\/posts\/51549","targetHints":{"allow":["GET"]}}],"collection":[{"href":"https:\/\/catolicanet.net\/wp-cnet\/wp-json\/wp\/v2\/posts"}],"about":[{"href":"https:\/\/catolicanet.net\/wp-cnet\/wp-json\/wp\/v2\/types\/post"}],"author":[{"embeddable":true,"href":"https:\/\/catolicanet.net\/wp-cnet\/wp-json\/wp\/v2\/users\/1"}],"replies":[{"embeddable":true,"href":"https:\/\/catolicanet.net\/wp-cnet\/wp-json\/wp\/v2\/comments?post=51549"}],"version-history":[{"count":2,"href":"https:\/\/catolicanet.net\/wp-cnet\/wp-json\/wp\/v2\/posts\/51549\/revisions"}],"predecessor-version":[{"id":51552,"href":"https:\/\/catolicanet.net\/wp-cnet\/wp-json\/wp\/v2\/posts\/51549\/revisions\/51552"}],"wp:featuredmedia":[{"embeddable":true,"href":"https:\/\/catolicanet.net\/wp-cnet\/wp-json\/wp\/v2\/media\/51550"}],"wp:attachment":[{"href":"https:\/\/catolicanet.net\/wp-cnet\/wp-json\/wp\/v2\/media?parent=51549"}],"wp:term":[{"taxonomy":"category","embeddable":true,"href":"https:\/\/catolicanet.net\/wp-cnet\/wp-json\/wp\/v2\/categories?post=51549"},{"taxonomy":"post_tag","embeddable":true,"href":"https:\/\/catolicanet.net\/wp-cnet\/wp-json\/wp\/v2\/tags?post=51549"}],"curies":[{"name":"wp","href":"https:\/\/api.w.org\/{rel}","templated":true}]}}