{"id":5152,"date":"2014-10-06T16:41:41","date_gmt":"2014-10-06T19:41:41","guid":{"rendered":"http:\/\/catolicanet.net\/wp-cnet\/faleceu-o-prof-luis-enrique-marius\/"},"modified":"2017-04-06T14:51:09","modified_gmt":"2017-04-06T17:51:09","slug":"faleceu-o-prof-luis-enrique-marius","status":"publish","type":"post","link":"https:\/\/catolicanet.net\/wp-cnet\/faleceu-o-prof-luis-enrique-marius\/","title":{"rendered":"Faleceu o Prof. Luis Enrique Marius"},"content":{"rendered":"<p><img decoding=\"async\" src=\"http:\/\/www.catolicanet.com.br\/images\/stories\/luis marius 1b 350x233.jpg\" border=\"0\" align=\"left\" \/><\/p>\n<p><span style=\"white-space: pre;\"> <\/span>Luis Enrique foi um grande amigo, irm\u00e3o, companheiro de caminho e jornadas no mundo pastoral. Definitivamente \u00e9 uma grande aus\u00eancia para todos n\u00f3s. Com f\u00e9 em Jesus, procuramos encontrar a esperan\u00e7a e o consolo para a sua aus\u00eancia, especialmente para a sua fam\u00edlia.<\/p>\n<p><span style=\"line-height: 15.8079996109009px;\"><span style=\"white-space: pre;\"> <\/span>Agora tem diante de si o reino que todos n\u00f3s procuramos.<\/span><\/p>\n<p><span style=\"white-space: pre;\"> <\/span>Em Luis Enrique tudo valia a pena, a sua dedica\u00e7\u00e3o total e grande caridade pelos princ\u00edpios da Doutrina Social e pela Igreja premiaram este mundo.<\/p>\n<p><span style=\"white-space: pre;\"> <\/span>Cambe agora \u00a0a todos n\u00f3s pegar o testemunho para continuar a sua caminhada pela Justi\u00e7a e pela Paz.<\/p>\n<p>\u00a0<\/p>\n<p>\u00a0<\/p>\n<p>\u00a0<\/p>\n<p><img decoding=\"async\" src=\"http:\/\/www.catolicanet.com.br\/images\/stories\/28mp1j 248x268.jpg\" border=\"0\" align=\"right\" style=\"line-height: 15.8079996109009px;\" \/><\/p>\n<p>Estimados familiares y amigos de Luis Enrique, gran amigo, hermano, compa\u00f1ero de camino en tantas jornadas desde el antiguo\u00a0<span style=\"line-height: 1.3em;\">DEPAS-CELAM en la pastoral del mundo del trabajo. Sin duda una gran ausencia para nosotros, los a\u00fan peregrinos, y esperamos en la fuerza del Resucitado encontrar la esperanza y el consuelo,particularmente para su familia. <\/span><\/p>\n<p>En Luis Enrique todo vali\u00f3 la pena, entrega total y desinteresada porque los valores y principios de la Ense\u00f1anza Social de la Iglesia permearan este mundo. Ahora tiene ante si la meta que todav\u00eda seguimos buscando. Y heredamos su estafeta para seguir corriendo en esta marat\u00f3n por la justicia y la paz.<\/p>\n","protected":false},"excerpt":{"rendered":"<p>Luis Enrique foi um grande amigo, irm\u00e3o, companheiro de caminho e jornadas no mundo pastoral. Definitivamente \u00e9 uma grande aus\u00eancia para todos n\u00f3s. Com f\u00e9 em Jesus, procuramos encontrar a esperan\u00e7a e o consolo para a sua aus\u00eancia, especialmente para a sua fam\u00edlia. Agora tem diante de si o reino que todos n\u00f3s procuramos. Em [&hellip;]<\/p>\n","protected":false},"author":1,"featured_media":5151,"comment_status":"closed","ping_status":"closed","sticky":false,"template":"","format":"standard","meta":{"footnotes":""},"categories":[4],"tags":[],"class_list":["post-5152","post","type-post","status-publish","format-standard","has-post-thumbnail","hentry","category-cotidiano"],"_links":{"self":[{"href":"https:\/\/catolicanet.net\/wp-cnet\/wp-json\/wp\/v2\/posts\/5152","targetHints":{"allow":["GET"]}}],"collection":[{"href":"https:\/\/catolicanet.net\/wp-cnet\/wp-json\/wp\/v2\/posts"}],"about":[{"href":"https:\/\/catolicanet.net\/wp-cnet\/wp-json\/wp\/v2\/types\/post"}],"author":[{"embeddable":true,"href":"https:\/\/catolicanet.net\/wp-cnet\/wp-json\/wp\/v2\/users\/1"}],"replies":[{"embeddable":true,"href":"https:\/\/catolicanet.net\/wp-cnet\/wp-json\/wp\/v2\/comments?post=5152"}],"version-history":[{"count":1,"href":"https:\/\/catolicanet.net\/wp-cnet\/wp-json\/wp\/v2\/posts\/5152\/revisions"}],"predecessor-version":[{"id":10030,"href":"https:\/\/catolicanet.net\/wp-cnet\/wp-json\/wp\/v2\/posts\/5152\/revisions\/10030"}],"wp:featuredmedia":[{"embeddable":true,"href":"https:\/\/catolicanet.net\/wp-cnet\/wp-json\/wp\/v2\/media\/5151"}],"wp:attachment":[{"href":"https:\/\/catolicanet.net\/wp-cnet\/wp-json\/wp\/v2\/media?parent=5152"}],"wp:term":[{"taxonomy":"category","embeddable":true,"href":"https:\/\/catolicanet.net\/wp-cnet\/wp-json\/wp\/v2\/categories?post=5152"},{"taxonomy":"post_tag","embeddable":true,"href":"https:\/\/catolicanet.net\/wp-cnet\/wp-json\/wp\/v2\/tags?post=5152"}],"curies":[{"name":"wp","href":"https:\/\/api.w.org\/{rel}","templated":true}]}}