{"id":51500,"date":"2019-07-23T09:41:17","date_gmt":"2019-07-23T12:41:17","guid":{"rendered":"http:\/\/catolicanet.net\/wp-cnet\/?p=51500"},"modified":"2019-07-23T09:41:17","modified_gmt":"2019-07-23T12:41:17","slug":"bispos-convocam-24-horas-com-jesus-pela-paz-em-porto-rico","status":"publish","type":"post","link":"https:\/\/catolicanet.net\/wp-cnet\/bispos-convocam-24-horas-com-jesus-pela-paz-em-porto-rico\/","title":{"rendered":"Bispos convocam \u201c24 horas com Jesus pela paz\u201d em Porto Rico"},"content":{"rendered":"<p><em>Iniciativa inspira-se na s\u00e9tima apari\u00e7\u00e3o de Nossa Senhora a L\u00facia, no dia 15 de junho de 1921<\/em><\/p>\n<p>O Santu\u00e1rio de F\u00e1tima prop\u00f5e aos jovens uma \u201cimers\u00e3o de voluntariado\u201d, com o seu projeto \u2018SETE\u2019 que convida ao \u201caprofundamento espiritual\u201d e ao encontro, em cinco sess\u00f5es entre 29 de julho a 1 de setembro.<\/p>\n<p>\u201c\u00c9 uma proposta do santu\u00e1rio para jovens que queriam fazer voluntariado, uma forma muito concreta e muito espec\u00edfica da vida de um santu\u00e1rio que \u00e9 participar no acolhimento aos peregrinos\u201d, disse o padre\u00a0Jos\u00e9\u00a0Nuno\u00a0da Silva em declara\u00e7\u00f5es \u00e0 Ag\u00eancia ECCLESIA.<\/p>\n<p>O capel\u00e3o do Santu\u00e1rio de F\u00e1tima explica que os jovens v\u00e3o passar o dia no acolhimento aos peregrinos \u201cem v\u00e1rios lugares\u201d para al\u00e9m do santu\u00e1rio, por exemplo, em Aljustrel, nos Valinhos, na Via-Sacra e na Loca do Anjo, a partir da pr\u00f3xima segunda-feira, entre 29 de julho a 1 de setembro, ao longo de cinco sess\u00f5es.<\/p>\n<p>\u201cQueremos que os peregrinos se sintam encontrados, se sintam reconhecidos quando v\u00eam ao santu\u00e1rio e ter um jovem que os aborda no recinto, estabelece rela\u00e7\u00e3o e lhes prop\u00f5e alguma coisa\u201d, desenvolve o sacerdote<\/p>\n<p>Os volunt\u00e1rios v\u00e3o, por exemplo, responder a informa\u00e7\u00f5es, propor o itiner\u00e1rio dos peregrinos, oferecer uma pagela para as crian\u00e7as ou uma proposta de um peddy-paper, a \u201cinforma\u00e7\u00e3o do dinamismo\u201d da Pastoral da Juventude do santu\u00e1rio \u201cpara oferecer a quem \u00e9 jovem, um postal para oferecer \u00e0s pessoas de idade\u201d.<\/p>\n<p>O padre\u00a0Jos\u00e9\u00a0Nuno\u00a0da Silva sublinha que querem \u201csuscitar o encontro\u201d e a experi\u00eancia que t\u00eam da primeira edi\u00e7\u00e3o \u00e9 que \u201co testemunho dos peregrinos tem uma pot\u00eancia de interpela\u00e7\u00e3o imensa\u201d.<\/p>\n<p>\u201c\u00c9 um mundo pastoral sem fim, um lugar de evangeliza\u00e7\u00e3o imenso tamb\u00e9m que o testemunho dos peregrinos suscita em quem tem a gra\u00e7a de se p\u00f4r diante deles numa atitude de acolhimento\u201d, real\u00e7a.<\/p>\n<p>O Projeto \u00abSETE\u00bb, imers\u00e3o de voluntariado no Santu\u00e1rio de F\u00e1tima \u00e9 uma atividade para jovens entre os 18 e os 35 anos e na segunda edi\u00e7\u00e3o, adianta o sacerdote, t\u00eam \u201cmuitas mais inscri\u00e7\u00f5es\u201d.<\/p>\n<div id=\"attachment_144854\" class=\"wp-caption alignleft fbx-instance\"><a class=\"fbx-link\" href=\"https:\/\/agencia.ecclesia.pt\/portal\/wp-content\/uploads\/2019\/07\/Foto-Santu\u00e1rio-de-F\u00e1tima-Projeto-Sete-2018.jpg\"><img loading=\"lazy\" decoding=\"async\" class=\"size-medium wp-image-144854\" src=\"https:\/\/agencia.ecclesia.pt\/portal\/wp-content\/uploads\/2019\/07\/Foto-Santu\u00e1rio-de-F\u00e1tima-Projeto-Sete-2018-390x260.jpg\" sizes=\"auto, (max-width: 390px) 100vw, 390px\" srcset=\"https:\/\/agencia.ecclesia.pt\/portal\/wp-content\/uploads\/2019\/07\/Foto-Santu\u00e1rio-de-F\u00e1tima-Projeto-Sete-2018-390x260.jpg 390w, https:\/\/agencia.ecclesia.pt\/portal\/wp-content\/uploads\/2019\/07\/Foto-Santu\u00e1rio-de-F\u00e1tima-Projeto-Sete-2018-768x512.jpg 768w, https:\/\/agencia.ecclesia.pt\/portal\/wp-content\/uploads\/2019\/07\/Foto-Santu\u00e1rio-de-F\u00e1tima-Projeto-Sete-2018.jpg 960w\" alt=\"\" width=\"390\" height=\"260\" aria-describedby=\"caption-attachment-144854\" \/><\/a><\/p>\n<p id=\"caption-attachment-144854\" class=\"wp-caption-text\">Foto Santu\u00e1rio de F\u00e1tima \u2013 Projeto Sete (2018)<\/p>\n<\/div>\n<p>A iniciativa inspira-se na s\u00e9tima apari\u00e7\u00e3o de Nossa Senhora a L\u00facia, no dia 15 de junho de 1921, quando a vidente est\u00e1 \u201ca sofrer porque vai deixar a sua F\u00e1tima e vai para o Porto\u201d, mais concretamente \u201co asilo de Vilar\u201d, mas \u201cest\u00e1 numa tremenda ang\u00fastia entre obedecer e n\u00e3o obedecer\u201d.<\/p>\n<p>\u201cVem ao encontro daquilo que queremos com os jovens, \u00e9 a idade destas indecis\u00f5es, de procuras, hesita\u00e7\u00f5es e queremos inspirar-nos no exemplo de L\u00facia que \u00e9 uma mulher imensa, para descobrir aquilo que hoje \u00e9 pr\u00f3prio da viv\u00eancia da vida como uma voca\u00e7\u00e3o\u201d, desenvolve o padre\u00a0Jos\u00e9\u00a0Nuno\u00a0da Silva.<\/p>\n<p>As inscri\u00e7\u00f5es para o projeto \u2018SETE\u2019 s\u00e3o realizadas atrav\u00e9s de um formul\u00e1rio online no s\u00edtio do <a href=\"https:\/\/www.fatima.pt\/pt\/pages\/projeto-sete\" target=\"_blank\" rel=\"noopener noreferrer\">Santu\u00e1rio de F\u00e1tima<\/a>, \u201cno m\u00e1ximo, at\u00e9 15 dias antes do turno pretendido\u201d, e entre 12 e 25 de agosto o turno \u00e9 bil\u00edngue, em portugu\u00eas e ingl\u00eas, mas j\u00e1 se encontra \u201ctotalmente preenchido\u201d.<\/p>\n","protected":false},"excerpt":{"rendered":"<p>Iniciativa inspira-se na s\u00e9tima apari\u00e7\u00e3o de Nossa Senhora a L\u00facia, no dia 15 de junho de 1921 O Santu\u00e1rio de F\u00e1tima prop\u00f5e aos jovens uma \u201cimers\u00e3o de voluntariado\u201d, com o seu projeto \u2018SETE\u2019 que convida ao \u201caprofundamento espiritual\u201d e ao encontro, em cinco sess\u00f5es entre 29 de julho a 1 de setembro. \u201c\u00c9 uma proposta [&hellip;]<\/p>\n","protected":false},"author":1,"featured_media":51501,"comment_status":"open","ping_status":"closed","sticky":false,"template":"","format":"standard","meta":{"footnotes":""},"categories":[4],"tags":[],"class_list":["post-51500","post","type-post","status-publish","format-standard","has-post-thumbnail","hentry","category-cotidiano"],"_links":{"self":[{"href":"https:\/\/catolicanet.net\/wp-cnet\/wp-json\/wp\/v2\/posts\/51500","targetHints":{"allow":["GET"]}}],"collection":[{"href":"https:\/\/catolicanet.net\/wp-cnet\/wp-json\/wp\/v2\/posts"}],"about":[{"href":"https:\/\/catolicanet.net\/wp-cnet\/wp-json\/wp\/v2\/types\/post"}],"author":[{"embeddable":true,"href":"https:\/\/catolicanet.net\/wp-cnet\/wp-json\/wp\/v2\/users\/1"}],"replies":[{"embeddable":true,"href":"https:\/\/catolicanet.net\/wp-cnet\/wp-json\/wp\/v2\/comments?post=51500"}],"version-history":[{"count":1,"href":"https:\/\/catolicanet.net\/wp-cnet\/wp-json\/wp\/v2\/posts\/51500\/revisions"}],"predecessor-version":[{"id":51502,"href":"https:\/\/catolicanet.net\/wp-cnet\/wp-json\/wp\/v2\/posts\/51500\/revisions\/51502"}],"wp:featuredmedia":[{"embeddable":true,"href":"https:\/\/catolicanet.net\/wp-cnet\/wp-json\/wp\/v2\/media\/51501"}],"wp:attachment":[{"href":"https:\/\/catolicanet.net\/wp-cnet\/wp-json\/wp\/v2\/media?parent=51500"}],"wp:term":[{"taxonomy":"category","embeddable":true,"href":"https:\/\/catolicanet.net\/wp-cnet\/wp-json\/wp\/v2\/categories?post=51500"},{"taxonomy":"post_tag","embeddable":true,"href":"https:\/\/catolicanet.net\/wp-cnet\/wp-json\/wp\/v2\/tags?post=51500"}],"curies":[{"name":"wp","href":"https:\/\/api.w.org\/{rel}","templated":true}]}}