{"id":51456,"date":"2019-07-22T14:58:32","date_gmt":"2019-07-22T17:58:32","guid":{"rendered":"http:\/\/catolicanet.net\/wp-cnet\/?p=51456"},"modified":"2019-07-22T15:02:36","modified_gmt":"2019-07-22T18:02:36","slug":"a-obra-missionaria-dos-camilianos-no-haiti","status":"publish","type":"post","link":"https:\/\/catolicanet.net\/wp-cnet\/a-obra-missionaria-dos-camilianos-no-haiti\/","title":{"rendered":"A obra mission\u00e1ria dos camilianos no Haiti"},"content":{"rendered":"<div class=\"article__subTitle\">A popula\u00e7\u00e3o no Haiti ainda sofre as consequ\u00eancia do terremoto devastador de janeiro de 2010. 75% da popula\u00e7\u00e3o vive em condi\u00e7\u00f5es de extrema pobreza, em muitos casos sem \u00e1gua e eletricidade. 70% da for\u00e7a de trabalho est\u00e1 desempregada e a agricultura \u00e9 incapaz de atender \u00e0s necessidades dos habitantes. Para agravar a situa\u00e7\u00e3o, gangues semeiam a viol\u00eancia entre a popula\u00e7\u00e3o.<\/div>\n<div class=\"title__separator\"><\/div>\n<div class=\"article__text\">\n<p><b>Cidade do Vaticano<\/b><\/p>\n<p>&#8220;Ainda hoje, quase dez anos ap\u00f3s o terremoto que devastou o Haiti, estamos tentando acompanhar a popula\u00e7\u00e3o haitiana para uma plena recupera\u00e7\u00e3o&#8221;, disse \u00e0 Ag\u00eancia Fides padre Aris Miranda, mission\u00e1rio camiliano e diretor executivo da Funda\u00e7\u00e3o<i> Camillian Disaster Service International <\/i>(CADIS), comentando os programas de assist\u00eancia realizados nos \u00faltimos anos na ilha caribenha, ap\u00f3s o sisma de 12 de janeiro de 2010 que provocou 230 mil v\u00edtimas, 300 mil feridos e 1 milh\u00e3o de pessoas deslocadas.<\/p>\n<div>\n<div class=\"article__embed article__embed--unwrap article__embed--dark\">\n<div class=\"article__innerTitle\">Ou\u00e7a e compartilhe!<\/div>\n<div>\n<!--[if lt IE 9]><script>document.createElement('audio');<\/script><![endif]-->\n<audio class=\"wp-audio-shortcode\" id=\"audio-51456-1\" preload=\"none\" style=\"width: 100%;\" controls=\"controls\"><source type=\"audio\/mpeg\" src=\"https:\/\/media.vaticannews.va\/media\/audio\/s1\/2019\/07\/22\/11\/135142916_F135142916.mp3?_=1\" \/><a href=\"https:\/\/media.vaticannews.va\/media\/audio\/s1\/2019\/07\/22\/11\/135142916_F135142916.mp3\">https:\/\/media.vaticannews.va\/media\/audio\/s1\/2019\/07\/22\/11\/135142916_F135142916.mp3<\/a><\/audio>\n<\/div>\n<\/div>\n<\/div>\n<p>&#8220;Nestes anos &#8211; diz ele &#8211; a ilha foi atingida por quatro furac\u00f5es e o c\u00f3lera continua a provocar v\u00edtimas. Milhares de pessoas ainda vivem em cidades de lona&#8221;.<\/p>\n<h2>Presen\u00e7a entre os necessitados<\/h2>\n<p>Os religiosos camilianos est\u00e3o presentes no Haiti desde 1995 e seu servi\u00e7o e presen\u00e7a junto \u00e0 popula\u00e7\u00e3o, especialmente entre os pobres e marginalizados, \u00e9 muito apreciado.<\/p>\n<p>Em novembro de 2001, inauguraram um centro de sa\u00fade, o <i>Foyer Saint Camille<\/i>. Esta estrutura \u00e9 composta por um dispens\u00e1rio para a medicina de base, onde cerca de 300 pessoas s\u00e3o visitadas a cada dia.<\/p>\n<p>&#8220;Ao lado deste centro &#8211; explica padre Aris Miranda &#8211; h\u00e1 tr\u00eas pavilh\u00f5es para a acolhida e a estadia de crian\u00e7as e adultos doentes, com uma academia equipada para fisioterapia e um centro de nutri\u00e7\u00e3o&#8221;, explica o mission\u00e1rio. &#8220;Tamb\u00e9m temos uma casa de acolhida para crian\u00e7as portadoras de defici\u00eancia que foram abandonadas, o <i>Foyer Bethl\u00e9em,<\/i> e desde 2006 funciona a escola prim\u00e1ria e secund\u00e1ria <i>Saint Camille<\/i>, que acolhe mais de 500 estudantes&#8221;, acrescenta.<\/p>\n<h2>75% da popula\u00e7\u00e3o vive em condi\u00e7\u00f5es de extrema pobreza<\/h2>\n<p>Tamb\u00e9m do ponto de vista econ\u00f4mico, a situa\u00e7\u00e3o no Haiti \u00e9 desastrosa: 75% da popula\u00e7\u00e3o vive em condi\u00e7\u00f5es de extrema pobreza, em muitos casos sem \u00e1gua e eletricidade. 70% da for\u00e7a de trabalho est\u00e1 desempregada e a agricultura \u00e9 incapaz de atender \u00e0s necessidades dos habitantes.<\/p>\n<p>&#8220;At\u00e9 hoje &#8211; continua o camiliano &#8211; os haitianos devem sua sobreviv\u00eancia quase que exclusivamente \u00e0 ajuda internacional e \u00e0s remessas daqueles que imigraram. E o quadro se torna ainda mais dram\u00e1tico se considerarmos que a corrup\u00e7\u00e3o e a viol\u00eancia continuam a crescer no pa\u00eds\u201d.<\/p>\n<h2>Viol\u00eancia disseminada<\/h2>\n<p>Al\u00e9m disso, um grave problema \u00e9 a viol\u00eancia e a criminalidade generalizada: &#8220;Estamos preocupados com o aumento da inseguran\u00e7a em todo o pa\u00eds, devido \u00e0 crise pol\u00edtica&#8221;, diz ele.<\/p>\n<p>Desde o in\u00edcio de 2019, mais de cem civis perderam a vida nas m\u00e3os de gangues armadas que chantageiam at\u00e9 mesmo ONGs e Embaixadas: &#8220;Nos \u00faltimos meses, tivemos problemas para chegar aos escrit\u00f3rios onde operamos com nossos projetos de apoio por causa desses dist\u00farbios&#8221;, relata o diretor do CADIS.<\/p>\n<h2>Colocar o foco nas pessoas<\/h2>\n<p>Apesar dessas dificuldades, o compromisso apost\u00f3lico dos camilianos continua atrav\u00e9s de interven\u00e7\u00f5es assistenciais. Agora em Ranja, na Diocese de Jeremie, est\u00e1 sendo planejado o in\u00edcio uma escola agr\u00edcola: &#8220;Nossa interven\u00e7\u00e3o &#8211; conclui padre Aris &#8211;\u00a0 ter\u00e1 como foco o fortalecimento da capacidade dos agricultores, a reorganiza\u00e7\u00e3o e o programa de coopera\u00e7\u00e3o entre as mulheres, o fortalecimento do mercado local de seus produtos, a constru\u00e7\u00e3o de um centro polivalente para a forma\u00e7\u00e3o e a prote\u00e7\u00e3o da bacia hidrogr\u00e1fica da eros\u00e3o do solo e da aridez. Devemos colocar o foco nas pessoas&#8221;.<\/p>\n<\/div>\n","protected":false},"excerpt":{"rendered":"<p>A popula\u00e7\u00e3o no Haiti ainda sofre as consequ\u00eancia do terremoto devastador de janeiro de 2010. 75% da popula\u00e7\u00e3o vive em condi\u00e7\u00f5es de extrema pobreza, em muitos casos sem \u00e1gua e eletricidade. 70% da for\u00e7a de trabalho est\u00e1 desempregada e a agricultura \u00e9 incapaz de atender \u00e0s necessidades dos habitantes. Para agravar a situa\u00e7\u00e3o, gangues semeiam [&hellip;]<\/p>\n","protected":false},"author":1,"featured_media":51459,"comment_status":"open","ping_status":"closed","sticky":false,"template":"","format":"standard","meta":{"footnotes":""},"categories":[3],"tags":[],"class_list":["post-51456","post","type-post","status-publish","format-standard","has-post-thumbnail","hentry","category-vaticano"],"_links":{"self":[{"href":"https:\/\/catolicanet.net\/wp-cnet\/wp-json\/wp\/v2\/posts\/51456","targetHints":{"allow":["GET"]}}],"collection":[{"href":"https:\/\/catolicanet.net\/wp-cnet\/wp-json\/wp\/v2\/posts"}],"about":[{"href":"https:\/\/catolicanet.net\/wp-cnet\/wp-json\/wp\/v2\/types\/post"}],"author":[{"embeddable":true,"href":"https:\/\/catolicanet.net\/wp-cnet\/wp-json\/wp\/v2\/users\/1"}],"replies":[{"embeddable":true,"href":"https:\/\/catolicanet.net\/wp-cnet\/wp-json\/wp\/v2\/comments?post=51456"}],"version-history":[{"count":3,"href":"https:\/\/catolicanet.net\/wp-cnet\/wp-json\/wp\/v2\/posts\/51456\/revisions"}],"predecessor-version":[{"id":51460,"href":"https:\/\/catolicanet.net\/wp-cnet\/wp-json\/wp\/v2\/posts\/51456\/revisions\/51460"}],"wp:featuredmedia":[{"embeddable":true,"href":"https:\/\/catolicanet.net\/wp-cnet\/wp-json\/wp\/v2\/media\/51459"}],"wp:attachment":[{"href":"https:\/\/catolicanet.net\/wp-cnet\/wp-json\/wp\/v2\/media?parent=51456"}],"wp:term":[{"taxonomy":"category","embeddable":true,"href":"https:\/\/catolicanet.net\/wp-cnet\/wp-json\/wp\/v2\/categories?post=51456"},{"taxonomy":"post_tag","embeddable":true,"href":"https:\/\/catolicanet.net\/wp-cnet\/wp-json\/wp\/v2\/tags?post=51456"}],"curies":[{"name":"wp","href":"https:\/\/api.w.org\/{rel}","templated":true}]}}