{"id":51453,"date":"2019-07-22T13:10:00","date_gmt":"2019-07-22T16:10:00","guid":{"rendered":"http:\/\/catolicanet.net\/wp-cnet\/?p=51453"},"modified":"2019-07-22T13:10:00","modified_gmt":"2019-07-22T16:10:00","slug":"declaracao-do-novo-diretor-da-sala-de-imprensa-da-santa-se","status":"publish","type":"post","link":"https:\/\/catolicanet.net\/wp-cnet\/declaracao-do-novo-diretor-da-sala-de-imprensa-da-santa-se\/","title":{"rendered":"Declara\u00e7\u00e3o do novo Diretor da Sala de Imprensa da Santa S\u00e9"},"content":{"rendered":"<div class=\"article__subTitle\">A sauda\u00e7\u00e3o do novo diretor da Sala de Imprensa da Santa S\u00e9, Matteo Bruni que assume nesta segunda-feira (22) o seu novo encargo<\/div>\n<div class=\"title__separator\"><\/div>\n<div class=\"article__text\">\n<p>\u201cHoje inicia o meu encargo na dire\u00e7\u00e3o da Sala de Imprensa da Santa S\u00e9, ap\u00f3s ter prestado servi\u00e7o por dez anos, com esp\u00edrito de servi\u00e7o ao Papa e \u00e0 Santa S\u00e9, com a experi\u00eancia e as for\u00e7as \u00e0 minha disposi\u00e7\u00e3o\u201d. Assim inicia a declara\u00e7\u00e3o do novo diretor da Sala de Imprensa da Santa S\u00e9, Matteo Bruni, que agradece \u201co colega e amigo Alessandro Gisotti, por ter guiado com generosidade e sabedoria a Sala de Imprensa nestes meses\u201d.<\/p>\n<p>\u201cTenho consci\u00eancia \u2013 afirma &#8211; da delicada e decisiva tarefa da informa\u00e7\u00e3o e sei que posso contar com o apoio de meus colegas, com os quais aprendi a conhecer o valor e a profissionalidade nestes anos, intensos, de trabalho pela Santa S\u00e9\u201d. O novo diretor agradece o Papa Francisco pela sua confian\u00e7a e o Prefeito do Dicast\u00e9rio para a Comunica\u00e7\u00e3o, Paolo Ruffini, pelo apoio do mesmo Dicast\u00e9rio, que tem certeza que n\u00e3o faltar\u00e1.<\/p>\n<\/div>\n","protected":false},"excerpt":{"rendered":"<p>A sauda\u00e7\u00e3o do novo diretor da Sala de Imprensa da Santa S\u00e9, Matteo Bruni que assume nesta segunda-feira (22) o seu novo encargo \u201cHoje inicia o meu encargo na dire\u00e7\u00e3o da Sala de Imprensa da Santa S\u00e9, ap\u00f3s ter prestado servi\u00e7o por dez anos, com esp\u00edrito de servi\u00e7o ao Papa e \u00e0 Santa S\u00e9, com [&hellip;]<\/p>\n","protected":false},"author":1,"featured_media":51454,"comment_status":"open","ping_status":"closed","sticky":false,"template":"","format":"standard","meta":{"footnotes":""},"categories":[3],"tags":[],"class_list":["post-51453","post","type-post","status-publish","format-standard","has-post-thumbnail","hentry","category-vaticano"],"_links":{"self":[{"href":"https:\/\/catolicanet.net\/wp-cnet\/wp-json\/wp\/v2\/posts\/51453","targetHints":{"allow":["GET"]}}],"collection":[{"href":"https:\/\/catolicanet.net\/wp-cnet\/wp-json\/wp\/v2\/posts"}],"about":[{"href":"https:\/\/catolicanet.net\/wp-cnet\/wp-json\/wp\/v2\/types\/post"}],"author":[{"embeddable":true,"href":"https:\/\/catolicanet.net\/wp-cnet\/wp-json\/wp\/v2\/users\/1"}],"replies":[{"embeddable":true,"href":"https:\/\/catolicanet.net\/wp-cnet\/wp-json\/wp\/v2\/comments?post=51453"}],"version-history":[{"count":1,"href":"https:\/\/catolicanet.net\/wp-cnet\/wp-json\/wp\/v2\/posts\/51453\/revisions"}],"predecessor-version":[{"id":51455,"href":"https:\/\/catolicanet.net\/wp-cnet\/wp-json\/wp\/v2\/posts\/51453\/revisions\/51455"}],"wp:featuredmedia":[{"embeddable":true,"href":"https:\/\/catolicanet.net\/wp-cnet\/wp-json\/wp\/v2\/media\/51454"}],"wp:attachment":[{"href":"https:\/\/catolicanet.net\/wp-cnet\/wp-json\/wp\/v2\/media?parent=51453"}],"wp:term":[{"taxonomy":"category","embeddable":true,"href":"https:\/\/catolicanet.net\/wp-cnet\/wp-json\/wp\/v2\/categories?post=51453"},{"taxonomy":"post_tag","embeddable":true,"href":"https:\/\/catolicanet.net\/wp-cnet\/wp-json\/wp\/v2\/tags?post=51453"}],"curies":[{"name":"wp","href":"https:\/\/api.w.org\/{rel}","templated":true}]}}