{"id":51442,"date":"2019-07-22T11:01:08","date_gmt":"2019-07-22T14:01:08","guid":{"rendered":"http:\/\/catolicanet.net\/wp-cnet\/?p=51442"},"modified":"2019-07-22T11:01:08","modified_gmt":"2019-07-22T14:01:08","slug":"a-amada-e-martirizada-siria-no-coracao-do-papa-francisco","status":"publish","type":"post","link":"https:\/\/catolicanet.net\/wp-cnet\/a-amada-e-martirizada-siria-no-coracao-do-papa-francisco\/","title":{"rendered":"A amada e martirizada S\u00edria no cora\u00e7\u00e3o do Papa Francisco"},"content":{"rendered":"<div class=\"article__subTitle\">Desde o in\u00edcio do Pontificado, Papa Francisco implorou pela S\u00edria, tornando-se int\u00e9rprete da dor de um povo sofredor, pedindo a interven\u00e7\u00e3o da comunidade internacional para que as armas se calem. O novo diretor da Sala de Imprensa da Santa S\u00e9, Matteo Bruni, fez uma breve declara\u00e7\u00e3o sobre o mais recente gesto Pont\u00edfice: uma Carta enviada nesta segunda-feira (22) ao presidente da S\u00edria presidente Bashar Hafez al-Assad<\/div>\n<div class=\"title__separator\"><\/div>\n<div class=\"article__text\">\n<p><b>Cidade do Vaticano<\/b><\/p>\n<p>O mais recente gesto do <b>Papa Francisco<\/b> pela S\u00edria foi confirmado nesta segunda-feira (22) com a declara\u00e7\u00e3o do novo Diretor da Sala de Imprensa da Santa S\u00e9, Matteo Bruni, confirmando \u201ca profunda preocupa\u00e7\u00e3o do Papa pela situa\u00e7\u00e3o humanit\u00e1ria na S\u00edria com particular refer\u00eancia \u00e0s dram\u00e1ticas condi\u00e7\u00f5es da popula\u00e7\u00e3o civil em Idlib\u201d. A Carta foi entregue ao presidente da S\u00edria<b> Bashar Hafez al-Assad<\/b> em Damasco pelo cardeal <b>Peter Kodwo Appiah Turkson<\/b>.<\/p>\n<p>O sangue inocente derramado, as crian\u00e7as encurraladas sob os intensos bombardeios, muitas testemunhas de f\u00e9 sequestradas e assassinadas, mas que n\u00e3o renegam diante da Cruz. Em seis anos de Magist\u00e9rio, s\u00e3o muitas as imagens que o Papa Francisco ofereceu ao mundo para que n\u00e3o esquecessem da desumana guerra na S\u00edria. O Papa se fez voz da esperan\u00e7a, de paz, de compromisso n\u00e3o escondendo as dificuldades do di\u00e1logo entre as partes e o grande risco de transformar o conflito em uma \u201cpersegui\u00e7\u00e3o brutal\u201d das minorias religiosas. A preocupa\u00e7\u00e3o do Pont\u00edfice foi dirigida muitas vezes aos refugiados e os deslocados que fogem da guerra e da viol\u00eancia que \u201capenas cria novas feridas, cria novas viol\u00eancias\u201d.<\/p>\n<h2><b>Ao lado do povo s\u00edrio<\/b><\/h2>\n<p>O Papa fez mais de uma dezena de apelos no Angelus e no Regina Coeli. A S\u00edria \u00e9 uma constante nas mensagens <i>Urbi et Orbi<\/i> que o Papa pronuncia; o mesmo acontece nas Audi\u00eancias Gerais das quartas-feiras quando as not\u00edcias abalam pela viol\u00eancia com a qual s\u00e3o cometidas. Francisco faz com que os grandes da terra, todos os que encontra, escutem o grito de paz. Por exemplo, escreve <a href=\"http:\/\/w2.vatican.va\/content\/francesco\/pt\/letters\/2013\/documents\/papa-francesco_20130904_putin-g20.html\" target=\"_blank\" rel=\"external nofollow noopener noreferrer\">ao presidente russo Vladimir Putin<\/a> por ocasi\u00e3o da c\u00fapula do G20 de S\u00e3o Petersburgo (5 de setembro de 2013), invocando \u201cuma solu\u00e7\u00e3o pac\u00edfica atrav\u00e9s do di\u00e1logo e da negocia\u00e7\u00e3o entre as partes interessadas com o apoio conjunto da comunidade internacional\u201d. Em 12 de dezembro de 2016 escreve ao presidente s\u00edrio Bashir Al-Assad, uma carta enviada em m\u00e3os pelo n\u00fancio apost\u00f3lico na S\u00edria, cardeal Mario Zenari, outro incans\u00e1vel embaixador de paz. Pede \u201cuma solu\u00e7\u00e3o pac\u00edfica das hostilidades\u201d, a prote\u00e7\u00e3o dos civis, o acesso gratuito \u00e0s ajudas humanit\u00e1rias e condena \u201ctodas as formas de extremismo e terrorismo\u201d.<\/p>\n<h2><b>A car\u00edcia da Igreja<\/b><\/h2>\n<p>\u201cQuero dizer que voc\u00eas n\u00e3o est\u00e3o s\u00f3s\u201d: assim Francisco explica a sua presen\u00e7a, junto com o Patriarca Ecum\u00eanico de Constantinopla Bartolomeu, na Ilha de Lesbos em 16 de abril de 2016, ao se dirigir aos refugiados abrigados nos hospitais do campo de M\u00f2ria. Ao seu retorno a Roma, traz consigo no avi\u00e3o tr\u00eas fam\u00edlias s\u00edrias. \u00c9 um gesto que vai al\u00e9m das palavras; \u00e9 um gesto que \u00e9 amor da Igreja pelos mais fracos, \u00e9 a car\u00edcia de Jesus aos famintos de hoje. Tr\u00eas anos mais tarde o Papa envia o cardeal Konrad Krajewski, Esmoleiro Pontif\u00edcio, para levar a sua proximidade e uma doa\u00e7\u00e3o de 100 mil euros aos migrantes alojados nas estruturas da ilha. Tamb\u00e9m neste ano de 2019, na Via-Sacra do Coliseu, dois s\u00edrios apertam forte a Cruz na d\u00e9cima-segunda esta\u00e7\u00e3o. As m\u00e3os que abra\u00e7am a madeira evocam as palavras do Papa na <a href=\"http:\/\/w2.vatican.va\/content\/francesco\/pt\/letters\/2014\/documents\/papa-francesco_20141221_lettera-cristiani-medio-oriente.html\" target=\"_blank\" rel=\"external nofollow noopener noreferrer\">Carta aos Crist\u00e3os do Oriente M\u00e9dio de 2014<\/a>, \u201cque voc\u00eas possam sempre dar um testemunho de Jesus \u2013 escrevia Francisco \u2013 atrav\u00e9s das dificuldades! Voc\u00eas s\u00e3o o fermento na massa\u201d.<\/p>\n<h2><b>O Dia de Jejum e Vig\u00edlia pela paz<\/b><\/h2>\n<p>Dezoito dias depois da sua elei\u00e7\u00e3o, na <a href=\"http:\/\/w2.vatican.va\/content\/francesco\/pt\/messages\/urbi\/documents\/papa-francesco_20130331_urbi-et-orbi-pasqua.html\" target=\"_blank\" rel=\"external nofollow noopener noreferrer\">mensagem Urbi et Orbi<\/a> o Papa recorda \u201ca amada S\u00edria\u201d e a popula\u00e7\u00e3o ferida pelo conflito, mas tamb\u00e9m \u201cos numerosos refugiados, que esperam ajuda e consolo\u201d.<\/p>\n<div>\n<div class=\"article__embed article__embed--border embed_style\">\n<blockquote><p>\u201c Quanto sangue foi derramado! E quantos sofrimentos ainda dever\u00e3o acontecer antes que se consiga encontrar uma solu\u00e7\u00e3o pol\u00edtica \u00e0 crise? \u201d<\/p><\/blockquote>\n<\/div>\n<\/div>\n<p>Um pergunta muito repetida com o passar dos anos . O Papa pede \u201ccoragem\u201d e \u201cdecis\u00e3o\u201d para empreender o caminho da negocia\u00e7\u00e3o, sem poupar esfor\u00e7os. A ora\u00e7\u00e3o \u00e9 a for\u00e7a \u00e0 qual apegar-se na dor e na dificuldade, por isso promove para o dia 7 de setembro de 2013 o Dia de Jejum e de ora\u00e7\u00e3o pela paz na S\u00edria, no Oriente M\u00e9dio, e no mundo inteiro. \u201cA humanidade \u2013 diz Francisco no Angelus de primeiro de setembro de 2013 \u2013 precisa ver gestos e escutar palavras de esperan\u00e7a e de paz!\u201d.<\/p>\n<h2><b>A assist\u00eancia aos que sofrem<\/b><\/h2>\n<p>A preocupa\u00e7\u00e3o de Francisco, no decorrer dos anos e em vista das c\u00fapulas internacionais sobre a S\u00edria, \u00e9 de respeitar o direito humanit\u00e1rio. Pediu v\u00e1rias vezes garantias para a evacua\u00e7\u00e3o dos civis e elogiou a acolhida de pa\u00edses como o L\u00edbano, a Jord\u00e2nia e a Turquia. Em 2016, na Ilha de Lesbos, junto com o Patriarca Bartolomeu e o arcebispo de Atenas Ieronymos, assinou uma <a href=\"http:\/\/w2.vatican.va\/content\/francesco\/pt\/speeches\/2016\/april\/documents\/papa-francesco_20160416_lesvos-dichiarazione-congiunta.html\" target=\"_blank\" rel=\"external nofollow noopener noreferrer\">Declara\u00e7\u00e3o conjunta para implorar o fim da guerra<\/a> e intensificar os esfor\u00e7os para a acolhida dos que fogem.<\/p>\n<div>\n<div class=\"article__embed article__embed--border embed_style\">\n<blockquote><p>\u201c Pedimos a todos os pa\u00edses que alarguem o asilo tempor\u00e1rio, ofere\u00e7am o estatuto de refugiado a quantos se apresentarem id\u00f4neos, ampliem os seus esfor\u00e7os de socorro e colaborem com todos os homens e mulheres de boa vontade para um r\u00e1pido fim dos conflitos em curso \u201d<\/p><\/blockquote>\n<\/div>\n<\/div>\n<h2><b>Que as armas se calem<\/b><\/h2>\n<p>Diante dos sequestros de crist\u00e3os e mu\u00e7ulmanos, entre eles, bispos e religiosos, Francisco pede que as armas se calem e na Carta aos crist\u00e3os do Oriente M\u00e9dio fala de atribula\u00e7\u00f5es causadas pelo Estado Isl\u00e2mico.<\/p>\n<p>A afli\u00e7\u00e3o e a tribula\u00e7\u00e3o agravaram-se nos \u00faltimos meses por causa dos conflitos que atormentam a Regi\u00e3o e, sobretudo, pela atua\u00e7\u00e3o de uma organiza\u00e7\u00e3o terrorista mais recente e preocupante, de dimens\u00f5es antes inconceb\u00edveis, que comete toda a esp\u00e9cie de abusos e pr\u00e1ticas indignas do homem, atingindo de forma particular alguns de voc\u00eas que foram brutalmente expulsos das suas terras, onde os crist\u00e3os t\u00eam estado presentes desde a \u00e9poca apost\u00f3lica.<\/p>\n<div>\n<div class=\"article__embed article__embed--border embed_style\">\n<blockquote><p>\u201c Este sofrimento brada a Deus e faz apelo ao compromisso de todos n\u00f3s por meio da ora\u00e7\u00e3o e de todo o tipo de iniciativa \u201d<\/p><\/blockquote>\n<\/div>\n<\/div>\n<p>\u201cO fundamentalismo religioso \u2013 explica o <a href=\"http:\/\/w2.vatican.va\/content\/francesco\/pt\/speeches\/2015\/january\/documents\/papa-francesco_20150112_corpo-diplomatico.html\" target=\"_blank\" rel=\"external nofollow noopener noreferrer\">Papa em janeiro de 2015<\/a> \u2013 ainda antes de descartas os seres humanos perpetrando horrendos massacres, rejeita o pr\u00f3prio Deus, relegando-O a mero pretexto ideol\u00f3gico\u201d<\/p>\n<h2><b>As crian\u00e7as, esperan\u00e7a de paz<\/b><\/h2>\n<p>No pensamento de Francisco h\u00e1 sempre um espa\u00e7o especial para as crian\u00e7as, primeiras v\u00edtimas da guerra e que \u201cn\u00e3o poder\u00e3o ver a luz do futuro!\u201d. Condenando com firmeza o recurso \u00e0s armas qu\u00edmicas e os traficantes que \u201ccontinuam fazendo seus interesses: armas molhadas de sangue, sangue inocente\u201d, o Pont\u00edfice recorda que a viol\u00eancia cria viol\u00eancia.<\/p>\n<p>\u201cH\u00e1 um ju\u00edzo de Deus e tamb\u00e9m um ju\u00edzo da hist\u00f3ria sobre as nossas a\u00e7\u00f5es \u00e0s quais n\u00e3o se pode fugir! O uso da viol\u00eancia nunca leva \u00e0 paz. Guerra chama guerra, viol\u00eancia chama viol\u00eancia!\u201d<\/p>\n<p>Em primeiro de junho de 2016, por ocasi\u00e3o do <a href=\"http:\/\/w2.vatican.va\/content\/francesco\/pt\/angelus\/2016\/documents\/papa-francesco_angelus_20160529.html\" target=\"_blank\" rel=\"external nofollow noopener noreferrer\">Dia Internacional da Crian\u00e7a<\/a>, o Papa convida as crian\u00e7as de todo o mundo a se unirem em ora\u00e7\u00e3o com seus coet\u00e2neos s\u00edrios enquanto em <a href=\"http:\/\/w2.vatican.va\/content\/francesco\/pt\/angelus\/2018\/documents\/papa-francesco_angelus_20181202.html\" target=\"_blank\" rel=\"external nofollow noopener noreferrer\">2 de dezembro de 2018<\/a>, primeiro domingo de advento, acende uma vela, s\u00edmbolo da paz, para as crian\u00e7as que vivem em zonas de conflitos para que n\u00e3o percam a esperan\u00e7a. A paz, no fundo, repetiu v\u00e1rias vezes Francisco \u201ccome\u00e7a no cora\u00e7\u00e3o\u201d.<\/p>\n<p>&nbsp;<\/p>\n<\/div>\n","protected":false},"excerpt":{"rendered":"<p>Desde o in\u00edcio do Pontificado, Papa Francisco implorou pela S\u00edria, tornando-se int\u00e9rprete da dor de um povo sofredor, pedindo a interven\u00e7\u00e3o da comunidade internacional para que as armas se calem. O novo diretor da Sala de Imprensa da Santa S\u00e9, Matteo Bruni, fez uma breve declara\u00e7\u00e3o sobre o mais recente gesto Pont\u00edfice: uma Carta enviada [&hellip;]<\/p>\n","protected":false},"author":1,"featured_media":51443,"comment_status":"open","ping_status":"closed","sticky":false,"template":"","format":"standard","meta":{"footnotes":""},"categories":[3],"tags":[],"class_list":["post-51442","post","type-post","status-publish","format-standard","has-post-thumbnail","hentry","category-vaticano"],"_links":{"self":[{"href":"https:\/\/catolicanet.net\/wp-cnet\/wp-json\/wp\/v2\/posts\/51442","targetHints":{"allow":["GET"]}}],"collection":[{"href":"https:\/\/catolicanet.net\/wp-cnet\/wp-json\/wp\/v2\/posts"}],"about":[{"href":"https:\/\/catolicanet.net\/wp-cnet\/wp-json\/wp\/v2\/types\/post"}],"author":[{"embeddable":true,"href":"https:\/\/catolicanet.net\/wp-cnet\/wp-json\/wp\/v2\/users\/1"}],"replies":[{"embeddable":true,"href":"https:\/\/catolicanet.net\/wp-cnet\/wp-json\/wp\/v2\/comments?post=51442"}],"version-history":[{"count":1,"href":"https:\/\/catolicanet.net\/wp-cnet\/wp-json\/wp\/v2\/posts\/51442\/revisions"}],"predecessor-version":[{"id":51444,"href":"https:\/\/catolicanet.net\/wp-cnet\/wp-json\/wp\/v2\/posts\/51442\/revisions\/51444"}],"wp:featuredmedia":[{"embeddable":true,"href":"https:\/\/catolicanet.net\/wp-cnet\/wp-json\/wp\/v2\/media\/51443"}],"wp:attachment":[{"href":"https:\/\/catolicanet.net\/wp-cnet\/wp-json\/wp\/v2\/media?parent=51442"}],"wp:term":[{"taxonomy":"category","embeddable":true,"href":"https:\/\/catolicanet.net\/wp-cnet\/wp-json\/wp\/v2\/categories?post=51442"},{"taxonomy":"post_tag","embeddable":true,"href":"https:\/\/catolicanet.net\/wp-cnet\/wp-json\/wp\/v2\/tags?post=51442"}],"curies":[{"name":"wp","href":"https:\/\/api.w.org\/{rel}","templated":true}]}}