{"id":51346,"date":"2019-07-19T08:22:04","date_gmt":"2019-07-19T11:22:04","guid":{"rendered":"http:\/\/catolicanet.net\/wp-cnet\/?p=51346"},"modified":"2019-07-19T08:28:22","modified_gmt":"2019-07-19T11:28:22","slug":"alarme-da-caritas-papuasia-o-plastico-esta-destruindo-a-criacao","status":"publish","type":"post","link":"https:\/\/catolicanet.net\/wp-cnet\/alarme-da-caritas-papuasia-o-plastico-esta-destruindo-a-criacao\/","title":{"rendered":"Alarme da Caritas papu\u00e1sia: o pl\u00e1stico est\u00e1 destruindo a cria\u00e7\u00e3o"},"content":{"rendered":"<div class=\"article__subTitle\">Segundo alguns estudos, at\u00e9 2050 haver\u00e1 mais lixo de pl\u00e1stico nos oceanos do que peixes. A prop\u00f3sito, a Caritas de Papua Nova Guin\u00e9 expressou preocupa\u00e7\u00e3o com os habitantes das ilhas Cartaret e Manam, na Arquidiocese de Madang, onde h\u00e1 escassez de alimento para mais de duas mil pessoas quando as mar\u00e9s invadem a orla e adjac\u00eancias, destruindo as culturas alimentares de base<\/div>\n<div class=\"title__separator\"><\/div>\n<div class=\"article__text\">\n<p><b>Cidade do Vaticano<\/b><\/p>\n<p>Situada ao norte da Austr\u00e1lia, Papua Nova Guin\u00e9 \u00e9 um dos estados onde, a cada ano que passa, a mudan\u00e7a clim\u00e1tica se torna cada vez mais evidente, vindo a ser para muitos causa de mis\u00e9ria e desespero.<\/p>\n<div>\n<div class=\"article__embed article__embed--unwrap article__embed--dark\">\n<div class=\"article__innerTitle\">Ou\u00e7a e compartilhe!<\/div>\n<!--[if lt IE 9]><script>document.createElement('audio');<\/script><![endif]-->\n<audio class=\"wp-audio-shortcode\" id=\"audio-51346-1\" preload=\"none\" style=\"width: 100%;\" controls=\"controls\"><source type=\"audio\/mpeg\" src=\"https:\/\/media.vaticannews.va\/media\/audio\/s1\/2019\/07\/19\/11\/135139399_F135139399.mp3?_=1\" \/><a href=\"https:\/\/media.vaticannews.va\/media\/audio\/s1\/2019\/07\/19\/11\/135139399_F135139399.mp3\">https:\/\/media.vaticannews.va\/media\/audio\/s1\/2019\/07\/19\/11\/135139399_F135139399.mp3<\/a><\/audio>\n<\/div>\n<\/div>\n<h2>Urgente \u201cconvers\u00e3o ecol\u00f3gica\u201d mudando estilos de vida<\/h2>\n<p>Tempos atr\u00e1s, o representante dos servi\u00e7os de socorro da Caritas local, Matthew McGarry, durante uma mesa-redonda sobre a situa\u00e7\u00e3o na Ilha Manam, na prov\u00edncia de Madang, e nas ilhas Cartaret, na prov\u00edncia de Bougainville, observava a urg\u00eancia de uma \u201cconvers\u00e3o ecol\u00f3gica\u201d partindo da mudan\u00e7a dos estilos de vida.<\/p>\n<p>O l\u00edder da Associa\u00e7\u00e3o Manam de Port Moresby, Henry Konaka, acrescentou que \u201c\u00e9 chegado o momento de trabalhar lado a lado com a popula\u00e7\u00e3o, com as autoridades locais e com o governo nacional a fim de permitir mudan\u00e7as tang\u00edveis ao bem-estar do nosso povo\u201d.<\/p>\n<h2>Em 2050 haver\u00e1 mais pl\u00e1stico nos oceanos do que peixes<\/h2>\n<div>\n<aside class=\"article__readmore\">\n<div class=\"teaser--labelEvidence teaser teaser--type-article\">\n<article>\n<div class=\"teaser__labelWrapper\"><\/div>\n<\/article>\n<\/div>\n<\/aside>\n<\/div>\n<\/div>\n<div>\n<aside class=\"article__readmore\">\n<div class=\"teaser--labelEvidence teaser teaser--type-article\">\n<article>\n<div class=\"teaser__contentWrapper\">\n<div><\/div>\n<\/div>\n<\/article>\n<\/div>\n<\/aside>\n<\/div>\n<p>Os participantes, entre os quais representantes da Confer\u00eancia Episcopal de Papua Nova Guin\u00e9 e Ilhas Salom\u00e3o, acusaram o desmatamento, a extra\u00e7\u00e3o miner\u00e1ria que n\u00e3o tutela o ambiente, a devasta\u00e7\u00e3o dos fundos marinhos e, sobretudo, a elimina\u00e7\u00e3o de res\u00edduos, em particular, dos materiais de pl\u00e1stico que est\u00e3o destruindo a cria\u00e7\u00e3o e contribuem para agravar a pobreza entre as popula\u00e7\u00f5es.<\/p>\n<p>Segundo alguns estudos, at\u00e9 2050 haver\u00e1 mais lixo de pl\u00e1stico nos oceanos do que peixes. A esse prop\u00f3sito, a Caritas expressou preocupa\u00e7\u00e3o com os habitantes das ilhas Cartaret e Manam, na Arquidiocese de Madang, onde h\u00e1 escassez de alimento para mais de duas mil pessoas quando as mar\u00e9s invadem a orla e adjac\u00eancias, destruindo as culturas alimentares de base.<\/p>\n","protected":false},"excerpt":{"rendered":"<p>Segundo alguns estudos, at\u00e9 2050 haver\u00e1 mais lixo de pl\u00e1stico nos oceanos do que peixes. A prop\u00f3sito, a Caritas de Papua Nova Guin\u00e9 expressou preocupa\u00e7\u00e3o com os habitantes das ilhas Cartaret e Manam, na Arquidiocese de Madang, onde h\u00e1 escassez de alimento para mais de duas mil pessoas quando as mar\u00e9s invadem a orla e [&hellip;]<\/p>\n","protected":false},"author":1,"featured_media":51348,"comment_status":"open","ping_status":"closed","sticky":false,"template":"","format":"standard","meta":{"footnotes":""},"categories":[3],"tags":[],"class_list":["post-51346","post","type-post","status-publish","format-standard","has-post-thumbnail","hentry","category-vaticano"],"_links":{"self":[{"href":"https:\/\/catolicanet.net\/wp-cnet\/wp-json\/wp\/v2\/posts\/51346","targetHints":{"allow":["GET"]}}],"collection":[{"href":"https:\/\/catolicanet.net\/wp-cnet\/wp-json\/wp\/v2\/posts"}],"about":[{"href":"https:\/\/catolicanet.net\/wp-cnet\/wp-json\/wp\/v2\/types\/post"}],"author":[{"embeddable":true,"href":"https:\/\/catolicanet.net\/wp-cnet\/wp-json\/wp\/v2\/users\/1"}],"replies":[{"embeddable":true,"href":"https:\/\/catolicanet.net\/wp-cnet\/wp-json\/wp\/v2\/comments?post=51346"}],"version-history":[{"count":1,"href":"https:\/\/catolicanet.net\/wp-cnet\/wp-json\/wp\/v2\/posts\/51346\/revisions"}],"predecessor-version":[{"id":51349,"href":"https:\/\/catolicanet.net\/wp-cnet\/wp-json\/wp\/v2\/posts\/51346\/revisions\/51349"}],"wp:featuredmedia":[{"embeddable":true,"href":"https:\/\/catolicanet.net\/wp-cnet\/wp-json\/wp\/v2\/media\/51348"}],"wp:attachment":[{"href":"https:\/\/catolicanet.net\/wp-cnet\/wp-json\/wp\/v2\/media?parent=51346"}],"wp:term":[{"taxonomy":"category","embeddable":true,"href":"https:\/\/catolicanet.net\/wp-cnet\/wp-json\/wp\/v2\/categories?post=51346"},{"taxonomy":"post_tag","embeddable":true,"href":"https:\/\/catolicanet.net\/wp-cnet\/wp-json\/wp\/v2\/tags?post=51346"}],"curies":[{"name":"wp","href":"https:\/\/api.w.org\/{rel}","templated":true}]}}