{"id":51339,"date":"2019-07-18T15:07:38","date_gmt":"2019-07-18T18:07:38","guid":{"rendered":"http:\/\/catolicanet.net\/wp-cnet\/?p=51339"},"modified":"2019-07-18T15:07:38","modified_gmt":"2019-07-18T18:07:38","slug":"matteo-bruni-papa-francisco-um-pontificado-contado-por-seus-gestos","status":"publish","type":"post","link":"https:\/\/catolicanet.net\/wp-cnet\/matteo-bruni-papa-francisco-um-pontificado-contado-por-seus-gestos\/","title":{"rendered":"Matteo Bruni: Papa Francisco, um Pontificado contado por seus gestos"},"content":{"rendered":"<div class=\"article__subTitle\">Nesta entrevista ao Vatican News, o novo diretor da Sala de Imprensa vaticana, Matteo Bruni, expressa a sua gratid\u00e3o ao Papa pela nomea\u00e7\u00e3o.<\/div>\n<div class=\"title__separator\"><\/div>\n<div class=\"article__text\">\n<p><b>Roberto Piermarini &#8211; Cidade do Vaticano<\/b><\/p>\n<p>O novo diretor da Sala de Imprensa, Matteo Bruni, trabalhou por dez anos na estrutura da Sala de Imprensa, coordenando as a\u00e7\u00f5es de m\u00eddia e cuidando da rela\u00e7\u00e3o com os jornalistas de todo o mundo. Trabalhou lado a lado com os diretores que se sucederam nestes anos, ocupando-se em particular da presen\u00e7a da imprensa durante as Viagens Apost\u00f3licas do Santo Padre e os v\u00e1rios eventos no Vaticano e na It\u00e1lia.<\/p>\n<p><b>Matteo Bruni, hoje um funcion\u00e1rio do Dicast\u00e9rio para a Comunica\u00e7\u00e3o \u00e9 nomeado para a dire\u00e7\u00e3o da Sala de Imprensa da Santa S\u00e9. Qual o significado dessa escolha?<\/b><\/p>\n<p>R. &#8211; <i>A nomea\u00e7\u00e3o para mim \u00e9 certamente uma honra. Vejo como um sinal de estima n\u00e3o somente \u00a0por minha pessoa, mas tamb\u00e9m pela hist\u00f3ria de onde venho e pelo trabalho realizado com meus colegas da Sala de Imprensa da Santa S\u00e9. Sou agradecido pela confian\u00e7a do Santo Padre e do Prefeito Paolo Ruffini, que me apoia com a proximidade do Dicast\u00e9rio. \u00c9 evidentemente tamb\u00e9m uma escolha que valoriza os recursos humanos internos. A Sala de Imprensa n\u00e3o \u00e9 uma estrutura grande, mas complexa, com uma variedade de fun\u00e7\u00f5es articuladas e nem todas imediatamente \u00f3bvias, nem mesmo para aqueles que a frequentam assiduamente: acredito que conhec\u00ea-la de dentro possa ser \u00fatil para uma realiza\u00e7\u00e3o mais profunda da reforma do pr\u00f3prio dicast\u00e9rio.<\/i><\/p>\n<p><b>Durante v\u00e1rios anos voc\u00ea se ocupou e quest\u00f5es mais operacionais. Como voc\u00ea v\u00ea esse novo papel?<\/b><\/p>\n<p>R. &#8211; <i>Nos \u00faltimos anos, na minha vida profissional, a rela\u00e7\u00e3o com a m\u00eddia sempre foi bastante intensa. Mesmo que por tr\u00e1s dos bastidores, procurei \u00a0fazer com meu trabalho contribu\u00edsse para uma correta informa\u00e7\u00e3o, tentando transmitir alguns temas importantes do Pontificado. Neste sentido, interpreto o novo encargo em continuidade com o anterior: um comunicador a servi\u00e7o do Santo Padre e da Santa S\u00e9, que disponibiliza sua bagagem humana e profissional. Aqui tantos fatores entram em jogo: a experi\u00eancia profissional, mas tamb\u00e9m a do pai e do marido. Sou acompanhado pelo apoio da minha esposa e pelo afeto da minha filha. Mas eu tamb\u00e9m diria o compromisso ao lado dos pobres das periferias de Roma e do mundo, que eu vivi com a Comunidade de Santo Eg\u00eddio desde que era um jovem estudante do ensino m\u00e9dio. Hoje me \u00e9 pedido para dar um passo em frente e, aceitando faz\u00ea-lo, s\u00f3 posso continuar trabalhando, a servi\u00e7o do Papa e da Santa S\u00e9, com minha sensibilidade, que permanece a de uma Igreja para todos, especialmente dos pobres.<\/i><\/p>\n<p><b>Voc\u00ea conhece muitos dos jornalistas credenciados na Sala de Imprensa. Um certo n\u00famero deles voc\u00ea ajudou a entrar neste mundo. Voc\u00ea acha que agora estas rela\u00e7\u00f5es sofrer\u00e3o alguma mudan\u00e7a?<\/b><\/p>\n<p>R. &#8211;<i> Desde que o padre Federico Lombardi me chamou para fazer parte da Sala de Imprensa &#8211; e agrade\u00e7o a ele pelo que pude aprender sob sua dire\u00e7\u00e3o &#8211; com tantos agentes de informa\u00e7\u00e3o houve uma troca \u00fatil, tamb\u00e9m amig\u00e1vel. Nos \u00faltimos anos, sob a dire\u00e7\u00e3o de Greg Burke e Paloma Garcia Ovejero, a quem agrade\u00e7o pelo trabalho conjunto, continuei acompanhando o trabalho de muitos jornalistas desde sua chegada a Roma ou, pelo menos, de seus primeiros passos na aproxima\u00e7\u00e3o da realidade da Santa S\u00e9, ajudando-os a se orientarem. Estou ciente de que agora inicia um tipo diferente de compromisso e espero que a confian\u00e7a m\u00fatua permane\u00e7a inalterada.<\/i><\/p>\n<p><b>De que o mundo da informa\u00e7\u00e3o tem necessidade hoje?<\/b><\/p>\n<p><i>R. &#8211; Na realidade em que me encontro, de uma comunica\u00e7\u00e3o oficial clara, transparente dos acontecimentos, que contribua para a leitura da complexidade do mundo em que vivemos. Penso em uma comunica\u00e7\u00e3o que enrique\u00e7a a compreens\u00e3o do contexto em que os eventos ocorrem. O Pontificado do Papa Francisco j\u00e1 \u00e9 contado por meio de seus gestos, de suas palavras, de suas escolhas, mas o significado hist\u00f3rico de alguns eventos \u00e9, \u00e0s vezes, melhor compreendido em uma perspectiva mais ampla. Nesse sentido, gostaria de contribuir para tornar a Sala de Imprensa cada vez mais um ponto de refer\u00eancia para os jornalistas que contam o Papa e a Santa S\u00e9 para o mundo inteiro. E agrade\u00e7o aos que me precederam nesse esfor\u00e7o, meu colega e amigo Alessandro Gisotti, que nestes seis meses generosamente se p\u00f4s a trabalhar, com sua disponibilidade, profissionalismo e grande sensibilidade humana. Tamb\u00e9m gostaria que o meu servi\u00e7o se inserisse neste caminho, juntamente com aqueles que encontrarei\u00a0 e a todos os colegas da Sala de Imprensa da Santa S\u00e9.<\/i><\/p>\n<\/div>\n","protected":false},"excerpt":{"rendered":"<p>Nesta entrevista ao Vatican News, o novo diretor da Sala de Imprensa vaticana, Matteo Bruni, expressa a sua gratid\u00e3o ao Papa pela nomea\u00e7\u00e3o. Roberto Piermarini &#8211; Cidade do Vaticano O novo diretor da Sala de Imprensa, Matteo Bruni, trabalhou por dez anos na estrutura da Sala de Imprensa, coordenando as a\u00e7\u00f5es de m\u00eddia e cuidando [&hellip;]<\/p>\n","protected":false},"author":1,"featured_media":51340,"comment_status":"open","ping_status":"closed","sticky":false,"template":"","format":"standard","meta":{"footnotes":""},"categories":[3],"tags":[],"class_list":["post-51339","post","type-post","status-publish","format-standard","has-post-thumbnail","hentry","category-vaticano"],"_links":{"self":[{"href":"https:\/\/catolicanet.net\/wp-cnet\/wp-json\/wp\/v2\/posts\/51339","targetHints":{"allow":["GET"]}}],"collection":[{"href":"https:\/\/catolicanet.net\/wp-cnet\/wp-json\/wp\/v2\/posts"}],"about":[{"href":"https:\/\/catolicanet.net\/wp-cnet\/wp-json\/wp\/v2\/types\/post"}],"author":[{"embeddable":true,"href":"https:\/\/catolicanet.net\/wp-cnet\/wp-json\/wp\/v2\/users\/1"}],"replies":[{"embeddable":true,"href":"https:\/\/catolicanet.net\/wp-cnet\/wp-json\/wp\/v2\/comments?post=51339"}],"version-history":[{"count":1,"href":"https:\/\/catolicanet.net\/wp-cnet\/wp-json\/wp\/v2\/posts\/51339\/revisions"}],"predecessor-version":[{"id":51341,"href":"https:\/\/catolicanet.net\/wp-cnet\/wp-json\/wp\/v2\/posts\/51339\/revisions\/51341"}],"wp:featuredmedia":[{"embeddable":true,"href":"https:\/\/catolicanet.net\/wp-cnet\/wp-json\/wp\/v2\/media\/51340"}],"wp:attachment":[{"href":"https:\/\/catolicanet.net\/wp-cnet\/wp-json\/wp\/v2\/media?parent=51339"}],"wp:term":[{"taxonomy":"category","embeddable":true,"href":"https:\/\/catolicanet.net\/wp-cnet\/wp-json\/wp\/v2\/categories?post=51339"},{"taxonomy":"post_tag","embeddable":true,"href":"https:\/\/catolicanet.net\/wp-cnet\/wp-json\/wp\/v2\/tags?post=51339"}],"curies":[{"name":"wp","href":"https:\/\/api.w.org\/{rel}","templated":true}]}}