{"id":51336,"date":"2019-07-18T15:03:44","date_gmt":"2019-07-18T18:03:44","guid":{"rendered":"http:\/\/catolicanet.net\/wp-cnet\/?p=51336"},"modified":"2019-07-18T15:03:44","modified_gmt":"2019-07-18T18:03:44","slug":"roma-sediara-congresso-internacional-pelos-40-anos-de-puebla","status":"publish","type":"post","link":"https:\/\/catolicanet.net\/wp-cnet\/roma-sediara-congresso-internacional-pelos-40-anos-de-puebla\/","title":{"rendered":"Roma sediar\u00e1 congresso internacional pelos 40 anos de Puebla"},"content":{"rendered":"<p>A Pontif\u00edcia Comiss\u00e3o para a Am\u00e9rica Latina (CAL) anunciou a realiza\u00e7\u00e3o de um congresso internacional com o tema &#8220;Comunh\u00e3o e participa\u00e7\u00e3o&#8221;, por ocasi\u00e3o dos 40 anos da III Confer\u00eancia Geral do Episcopado Latino-americano de Puebla.<\/p>\n<p>A Confer\u00eancia de Puebla (M\u00e9xico) ocorreu em 1979 e seguiu as do Rio (Brasil), em 1955, e Medell\u00edn (Col\u00f4mbia), em 1968. O Papa Jo\u00e3o Paulo II participou deste evento em sua primeira viagem ao M\u00e9xico, que teve como fruto o documento de Puebla.<\/p>\n<p>O evento da CAL acontecer\u00e1 de 2 a 4 de outubro de 2019, na C\u00faria Geral dos Jesu\u00edtas, em Roma.<\/p>\n<p>A confer\u00eancia tem quatro partes. A primeira \u00e9 intitulada &#8220;Am\u00e9rica Latina e a &#8216;d\u00e9cada de sangue'&#8221;, a segunda trata &#8220;A prepara\u00e7\u00e3o da Confer\u00eancia&#8221;, a terceira \u00e9 a &#8220;A Agenda de Puebla&#8221;, enquanto a quarta ser\u00e1 sobre &#8220;A heran\u00e7a de Puebla&#8221;.<\/p>\n<p>O peruano Gustavo Guti\u00e9rrez estar\u00e1 encarregado da confer\u00eancia sobre &#8220;A op\u00e7\u00e3o preferencial pelos pobres&#8221;. A presen\u00e7a do sacerdote dominicano, de 91 anos, \u00e9 a mais surpreendente e controversa na lista de convidados.<\/p>\n<p>O autor de &#8220;Teologia da Liberta\u00e7\u00e3o &#8211; Perspectivas&#8221; (1971) e &#8220;For\u00e7a hist\u00f3rica dos pobres&#8221; (1978) foi investigado pela Congrega\u00e7\u00e3o para a Doutrina da F\u00e9 pela promo\u00e7\u00e3o do marxismo na sua teologia.<\/p>\n<p>Em mar\u00e7o de 1983, o dicast\u00e9rio elaborou o documento &#8220;Dez Observa\u00e7\u00f5es \u00e0 Teologia de Gustavo Guti\u00e9rrez&#8221;, apresentado aos bispos peruanos de ent\u00e3o, durante a visita ad limina, no qual assinalava que o marxismo &#8220;\u00e9 o princ\u00edpio determinante a partir do qual Guti\u00e9rrez procede para reinterpretar a mensagem crist\u00e3&#8221;.<\/p>\n<p>Guti\u00e9rrez, ao final dos anos 1970, se op\u00f4s ferrenhamente \u00e0 convoca\u00e7\u00e3o da Confer\u00eancia de Puebla, porque considerava que a realizada em Medell\u00edn, da qual havia participado ativamente como conselheiro, poderia sofrer um &#8220;retrocesso&#8221; no campo sociol\u00f3gico e pol\u00edtico.<\/p>\n<p>Guti\u00e9rrez n\u00e3o s\u00f3 n\u00e3o foi convidado para a reuni\u00e3o em Puebla, inaugurada pelo Papa Jo\u00e3o Paulo II, em 28 de janeiro de 1979, como tamb\u00e9m fez parte de um grupo paralelo de intelectuais partid\u00e1rios da teologia marxista da liberta\u00e7\u00e3o, claramente opostos \u00e0 linha de Puebla.<\/p>\n<p>As teses que Guti\u00e9rrez promoveu durante a Assembleia de Puebla, foram depois censuradas explicitamente pelo documento da Congrega\u00e7\u00e3o para a Doutrina da F\u00e9, &#8220;Libertatis Nuntius&#8221; de 1984.<\/p>\n<p>Outro palestrante no congresso ser\u00e1 o leigo brit\u00e2nico Austen Ivereigh, autor do livro &#8220;O grande reformador: Francisco, retrato de um Papa radical&#8221;, que falar\u00e1 sobre &#8220;A originalidade hist\u00f3rica de um pontificado latino-americano&#8221;.<\/p>\n<p>No entanto, uma opini\u00e3o pol\u00eamica em sua conta no Twitter, em abril de 2018, em favor da justi\u00e7a brit\u00e2nica e contra o direito \u00e0 vida do pequeno Alfie Evans, rendeu-lhe as cr\u00edticas da \u2018The Catholic Association\u2019 (TCA), que qualificou como &#8220;confuso e decepcionante ver l\u00edderes cat\u00f3licos como Austen Ivereigh, de Vozes Cat\u00f3licas U.K., abandonando a doutrina social da igreja e se afastando do Papa ao defenderem o governo em vez de Alfie e sua fam\u00edlia\u201d.<\/p>\n<p>Outro participante do congresso de outubro \u00e9 o sacerdote brasileiro Jos\u00e9 Marins, considerado um especialista em Comunidades Eclesiais de Base (CEB) surgidas no Brasil.<\/p>\n<p>Embora tenham sido positivas em seu in\u00edcio, com o tempo as CEB assimilaram \u201calgumas ideias do marxismo, um ideal socialista\u201d, como explicou um bispo brasileiro durante a V Confer\u00eancia Geral do Episcopado da Am\u00e9rica Latina em Aparecida, em 2007.<\/p>\n<p>Tamb\u00e9m participar\u00e3o do Congresso pelos 40 anos de Puebla: Rodrigo Guerra L\u00f3pez, membro do Pontif\u00edcio Conselho Justi\u00e7a e Paz; o uruguaio Guzm\u00e1n Carriquiry Lecour, doutor em Direito e Ci\u00eancias Sociais, que serve h\u00e1 mais de 40 anos no Vaticano, tendo colaborado com Paulo VI, Jo\u00e3o Paulo II e Bento XVI; o brasileiro Pe. Alexandre Awi Mello, membro da Fraternidade de Padres de Schoenstatt e serve desde 2017 como secret\u00e1rio do Dicast\u00e9rio para os Leigos, a Fam\u00edlia e a Vida; entre outros.<\/p>\n","protected":false},"excerpt":{"rendered":"<p>A Pontif\u00edcia Comiss\u00e3o para a Am\u00e9rica Latina (CAL) anunciou a realiza\u00e7\u00e3o de um congresso internacional com o tema &#8220;Comunh\u00e3o e participa\u00e7\u00e3o&#8221;, por ocasi\u00e3o dos 40 anos da III Confer\u00eancia Geral do Episcopado Latino-americano de Puebla. A Confer\u00eancia de Puebla (M\u00e9xico) ocorreu em 1979 e seguiu as do Rio (Brasil), em 1955, e Medell\u00edn (Col\u00f4mbia), em [&hellip;]<\/p>\n","protected":false},"author":1,"featured_media":51337,"comment_status":"open","ping_status":"closed","sticky":false,"template":"","format":"standard","meta":{"footnotes":""},"categories":[4],"tags":[],"class_list":["post-51336","post","type-post","status-publish","format-standard","has-post-thumbnail","hentry","category-cotidiano"],"_links":{"self":[{"href":"https:\/\/catolicanet.net\/wp-cnet\/wp-json\/wp\/v2\/posts\/51336","targetHints":{"allow":["GET"]}}],"collection":[{"href":"https:\/\/catolicanet.net\/wp-cnet\/wp-json\/wp\/v2\/posts"}],"about":[{"href":"https:\/\/catolicanet.net\/wp-cnet\/wp-json\/wp\/v2\/types\/post"}],"author":[{"embeddable":true,"href":"https:\/\/catolicanet.net\/wp-cnet\/wp-json\/wp\/v2\/users\/1"}],"replies":[{"embeddable":true,"href":"https:\/\/catolicanet.net\/wp-cnet\/wp-json\/wp\/v2\/comments?post=51336"}],"version-history":[{"count":1,"href":"https:\/\/catolicanet.net\/wp-cnet\/wp-json\/wp\/v2\/posts\/51336\/revisions"}],"predecessor-version":[{"id":51338,"href":"https:\/\/catolicanet.net\/wp-cnet\/wp-json\/wp\/v2\/posts\/51336\/revisions\/51338"}],"wp:featuredmedia":[{"embeddable":true,"href":"https:\/\/catolicanet.net\/wp-cnet\/wp-json\/wp\/v2\/media\/51337"}],"wp:attachment":[{"href":"https:\/\/catolicanet.net\/wp-cnet\/wp-json\/wp\/v2\/media?parent=51336"}],"wp:term":[{"taxonomy":"category","embeddable":true,"href":"https:\/\/catolicanet.net\/wp-cnet\/wp-json\/wp\/v2\/categories?post=51336"},{"taxonomy":"post_tag","embeddable":true,"href":"https:\/\/catolicanet.net\/wp-cnet\/wp-json\/wp\/v2\/tags?post=51336"}],"curies":[{"name":"wp","href":"https:\/\/api.w.org\/{rel}","templated":true}]}}