{"id":51317,"date":"2019-07-18T10:47:28","date_gmt":"2019-07-18T13:47:28","guid":{"rendered":"http:\/\/catolicanet.net\/wp-cnet\/?p=51317"},"modified":"2019-07-18T10:47:28","modified_gmt":"2019-07-18T13:47:28","slug":"5-dados-que-deve-conhecer-sobre-o-sinodo-da-amazonia","status":"publish","type":"post","link":"https:\/\/catolicanet.net\/wp-cnet\/5-dados-que-deve-conhecer-sobre-o-sinodo-da-amazonia\/","title":{"rendered":"5 dados que deve conhecer sobre o S\u00ednodo da Amaz\u00f4nia"},"content":{"rendered":"<p>De 6 a 27 outubro ser\u00e1 realizado em Roma o S\u00ednodo dos Bispos para a Regi\u00e3o Pan-Amaz\u00f4nica, convocado pelo Papa Francisco para &#8220;encontrar novos caminhos de evangeliza\u00e7\u00e3o daquela por\u00e7\u00e3o do Povo de Deus&#8221;, mas cujo Instrumentum laboris, publicado em 17 de junho, recebeu cr\u00edticas.<\/p>\n<p>A seguir, algumas informa\u00e7\u00f5es sobre o pr\u00f3ximo S\u00ednodo da Amaz\u00f4nia.<\/p>\n<p><strong>1. O objetivo do s\u00ednodo foi explicado pelo Papa Francisco<\/strong><\/p>\n<p>No dia 15 de outubro de 2017, antes da ora\u00e7\u00e3o do \u00c2ngelus na Pra\u00e7a de S\u00e3o Pedro do Vaticano, o Papa Francisco anunciou e explicou a convoca\u00e7\u00e3o de uma Assembleia Especial do S\u00ednodo dos Bispos para a regi\u00e3o Pan-Amaz\u00f4nica.<\/p>\n<p>Segundo explicou o Santo Padre, a &#8220;finalidade principal desta convoca\u00e7\u00e3o \u00e9 encontrar novos caminhos para a evangeliza\u00e7\u00e3o daquela por\u00e7\u00e3o do Povo de Deus, sobretudo dos ind\u00edgenas, muitas vezes esquecidos e sem a perspectiva de um futuro sereno, tamb\u00e9m por causa da crise da floresta Amaz\u00f4nica, pulm\u00e3o de import\u00e2ncia fundamental para o nosso planeta&#8221;.<\/p>\n<p>O Papa indicou que decidiu convocar o s\u00ednodo, \u201cacolhendo o desejo de algumas Confer\u00eancias Episcopais da Am\u00e9rica Latina, assim como a voz de diversos Pastores e fi\u00e9is de outras partes do mundo\u201d.<\/p>\n<p><strong>2. O documento de trabalho do S\u00ednodo est\u00e1 aprovado e publicado<\/strong><\/p>\n<p>No dia 15 de maio, o Conselho Pr\u00e9-sinodal aprovou o &#8220;Instrumentum Laboris&#8221;, no qual se basear\u00e1 o trabalho dos Padres sinodais. Em 17 de junho, o Vaticano publicou este documento.<\/p>\n<p>O texto \u00e9 composto por 147 pontos divididos em 21 cap\u00edtulos separados por tr\u00eas partes, que abordam os seguintes temas: &#8220;A voz da Amaz\u00f4nia&#8221;, entendida como escuta daquele territ\u00f3rio; &#8220;Ecologia integral: o clamor da terra e dos pobres&#8221; e \u201cigreja Prof\u00e9tica na Amaz\u00f4nia: Desafios e Esperan\u00e7as\u201d.<\/p>\n<p>Segundo os respons\u00e1veis \u200b\u200bpelo documento, este tem como objetivo apresentar a situa\u00e7\u00e3o pastoral da Amaz\u00f4nia e novos caminhos para uma evangeliza\u00e7\u00e3o mais incisiva. Al\u00e9m disso, est\u00e1 escrito como uma reflex\u00e3o sobre o problema ecol\u00f3gico que interessa \u00e0quela regi\u00e3o, segundo a enc\u00edclica Laudato Si&#8217;.<\/p>\n<p><strong>3. Instrumentum laboris recomenda ordenar homens casados<\/strong><\/p>\n<p>O Instrumentum Laboris confirma que &#8220;o celibato \u00e9 uma d\u00e1diva para a Igreja&#8221;. Contudo, o texto tamb\u00e9m recomenda, entre outras coisas, a possibilidade da ordena\u00e7\u00e3o sacerdotal de homens casados \u200b\u200bem \u00e1reas remotas.<\/p>\n<p>O ponto 129 explica que, nas \u00e1reas mais remotas da regi\u00e3o, questionam-se sobre &#8220;a possibilidade da ordena\u00e7\u00e3o sacerdotal de pessoas idosas, de prefer\u00eancia ind\u00edgenas, respeitadas e reconhecidas por sua comunidade, mesmo que j\u00e1 tenham uma fam\u00edlia constitu\u00edda e est\u00e1vel, com a finalidade de assegurar os sacramentos que acompanhem e sustentem a vida crist\u00e3&#8221;.<\/p>\n<p>O acima exposto abre a porta para a discuss\u00e3o sobre a ordena\u00e7\u00e3o de <em>viri probati<\/em>, um termo que se refere a homens maduros e casados. A lei can\u00f4nica para a Igreja Cat\u00f3lica Latina pro\u00edbe a ordena\u00e7\u00e3o de homens casados \u200b\u200bao sacerd\u00f3cio, com exce\u00e7\u00f5es limitadas em rela\u00e7\u00e3o \u00e0 ordena\u00e7\u00e3o de l\u00edderes anglicanos e protestantes que se converteram ao catolicismo.<\/p>\n<p><strong>4. Pol\u00eamica sobre poss\u00edvel participa\u00e7\u00e3o de mulheres no minist\u00e9rio ordenado<\/strong><\/p>\n<p>O documento de trabalho recomenda que o S\u00ednodo identifique um &#8220;tipo de minist\u00e9rio oficial que pode ser conferido \u00e0 mulher, tendo em considera\u00e7\u00e3o o papel central que hoje ela desempenha na Igreja amaz\u00f4nica&#8221;.<\/p>\n<p>Dom Fabio Fabene, subsecret\u00e1rio do S\u00ednodo dos Bispos, destacou o chamado do documento para novos minist\u00e9rios leigos.<\/p>\n<p>&#8220;Nesse sentido, podemos nos perguntar sobre qual o minist\u00e9rio oficial que pode ser concedido \u00e0s mulheres&#8221;, disse Dom Fabene em uma coletiva de imprensa no Vaticano, em 17 de junho. Despois esclareceu que &#8220;o documento n\u00e3o fala do diaconato feminino, j\u00e1 que o Papa j\u00e1 se expressou sobre o assunto na Assembleia dos Superiores Gerais, declarando que o assunto precisa de mais estudos&#8221;.<\/p>\n<p>&#8220;De fato, a comiss\u00e3o de estudos estabelecida em 2016 n\u00e3o chegou a uma opini\u00e3o un\u00e2nime sobre o tema&#8221;, afirmou.<\/p>\n<p>No entanto, em 2 de maio, Dom Franz-Josef Overbeck, Bispo de Essen e presidente da Comiss\u00e3o para a Am\u00e9rica Latina do episcopado alem\u00e3o, comentou que &#8220;nada ser\u00e1 como antes&#8221; ap\u00f3s o S\u00ednodo da Amaz\u00f4nia, pois o papel das mulheres na Igreja, a moral sexual, o papel do sacerd\u00f3cio e toda a estrutura hier\u00e1rquica eclesi\u00e1stica ser\u00e3o reconsiderados. O Prelado tamb\u00e9m apoiou publicamente a &#8220;greve das mulheres&#8221; contra a Igreja na Alemanha, convocada por um grupo de cat\u00f3licas ap\u00f3s o \u2018n\u00e3o\u2019 do Papa Francisco \u00e0 ordena\u00e7\u00e3o de diaconisas.<\/p>\n<p><strong>5. Instrumentum laboris recebeu obje\u00e7\u00f5es de renomados cardeais<\/strong><\/p>\n<p>Em junho de 2019, o Cardeal alem\u00e3o Walter Brandm\u00fcller, de 90 anos, expressou suas obje\u00e7\u00f5es ao documento de trabalho em um artigo intitulado &#8220;Uma cr\u00edtica ao Instrumentum laboris para o S\u00ednodo da Amaz\u00f4nia&#8221;.<\/p>\n<p>O Cardeal Brandm\u00fcller afirmou que o documento \u00e9 &#8220;her\u00e9tico&#8221;, representa uma &#8220;apostasia&#8221; e, portanto, &#8220;deve ser rejeitado com m\u00e1xima firmeza&#8221;.<\/p>\n<p>&#8220;Deve ser dito enfaticamente que o Instrumentum laboris contradiz o ensinamento vinculante da\u00a0Igreja\u00a0em pontos decisivos e, portanto, deve ser qualificado como um documento her\u00e9tico. Visto que o fato da revela\u00e7\u00e3o divina \u00e9 aqui questionado, ou mal entendido, deve-se tamb\u00e9m falar em apostasia&#8221;, disse.<\/p>\n<p>Segundo o Purpurado, tr\u00eas quartos do Instrumentum laboris t\u00eam afirma\u00e7\u00f5es que apenas marginalmente se relacionam com \u201co Evangelho e a Igreja\u201d.<\/p>\n<p>Em julho, o Cardeal alem\u00e3o Gerhard M\u00fcller tamb\u00e9m apresentou suas obje\u00e7\u00f5es ao Instrumentum laboris.<\/p>\n<p>Em uma an\u00e1lise oferecida a CNA Deutsch \u2013 ag\u00eancia em alem\u00e3o Grupo <a href=\"https:\/\/www.acidigital.com\">ACI<\/a> \u2013 e a outros meios de comunica\u00e7\u00e3o, o ex-prefeito da Congrega\u00e7\u00e3o para a Doutrina da F\u00e9 adverte sobre uma ambival\u00eancia na defini\u00e7\u00e3o de termos e objetivos do documento. Em segundo lugar, assegura que &#8220;a estrutura do texto apresenta um giro radical na hermen\u00eautica da teologia cat\u00f3lica&#8221;.<\/p>\n","protected":false},"excerpt":{"rendered":"<p>De 6 a 27 outubro ser\u00e1 realizado em Roma o S\u00ednodo dos Bispos para a Regi\u00e3o Pan-Amaz\u00f4nica, convocado pelo Papa Francisco para &#8220;encontrar novos caminhos de evangeliza\u00e7\u00e3o daquela por\u00e7\u00e3o do Povo de Deus&#8221;, mas cujo Instrumentum laboris, publicado em 17 de junho, recebeu cr\u00edticas. A seguir, algumas informa\u00e7\u00f5es sobre o pr\u00f3ximo S\u00ednodo da Amaz\u00f4nia. 1. [&hellip;]<\/p>\n","protected":false},"author":1,"featured_media":51318,"comment_status":"open","ping_status":"closed","sticky":false,"template":"","format":"standard","meta":{"footnotes":""},"categories":[4],"tags":[],"class_list":["post-51317","post","type-post","status-publish","format-standard","has-post-thumbnail","hentry","category-cotidiano"],"_links":{"self":[{"href":"https:\/\/catolicanet.net\/wp-cnet\/wp-json\/wp\/v2\/posts\/51317","targetHints":{"allow":["GET"]}}],"collection":[{"href":"https:\/\/catolicanet.net\/wp-cnet\/wp-json\/wp\/v2\/posts"}],"about":[{"href":"https:\/\/catolicanet.net\/wp-cnet\/wp-json\/wp\/v2\/types\/post"}],"author":[{"embeddable":true,"href":"https:\/\/catolicanet.net\/wp-cnet\/wp-json\/wp\/v2\/users\/1"}],"replies":[{"embeddable":true,"href":"https:\/\/catolicanet.net\/wp-cnet\/wp-json\/wp\/v2\/comments?post=51317"}],"version-history":[{"count":1,"href":"https:\/\/catolicanet.net\/wp-cnet\/wp-json\/wp\/v2\/posts\/51317\/revisions"}],"predecessor-version":[{"id":51319,"href":"https:\/\/catolicanet.net\/wp-cnet\/wp-json\/wp\/v2\/posts\/51317\/revisions\/51319"}],"wp:featuredmedia":[{"embeddable":true,"href":"https:\/\/catolicanet.net\/wp-cnet\/wp-json\/wp\/v2\/media\/51318"}],"wp:attachment":[{"href":"https:\/\/catolicanet.net\/wp-cnet\/wp-json\/wp\/v2\/media?parent=51317"}],"wp:term":[{"taxonomy":"category","embeddable":true,"href":"https:\/\/catolicanet.net\/wp-cnet\/wp-json\/wp\/v2\/categories?post=51317"},{"taxonomy":"post_tag","embeddable":true,"href":"https:\/\/catolicanet.net\/wp-cnet\/wp-json\/wp\/v2\/tags?post=51317"}],"curies":[{"name":"wp","href":"https:\/\/api.w.org\/{rel}","templated":true}]}}