{"id":51269,"date":"2019-07-17T13:24:41","date_gmt":"2019-07-17T16:24:41","guid":{"rendered":"http:\/\/catolicanet.net\/wp-cnet\/?p=51269"},"modified":"2019-07-17T13:24:41","modified_gmt":"2019-07-17T16:24:41","slug":"liderancas-da-renovacao-carismatica-catolica-paulista-se-reunem-no-santuario-nacional","status":"publish","type":"post","link":"https:\/\/catolicanet.net\/wp-cnet\/liderancas-da-renovacao-carismatica-catolica-paulista-se-reunem-no-santuario-nacional\/","title":{"rendered":"Lideran\u00e7as da Renova\u00e7\u00e3o Carism\u00e1tica Cat\u00f3lica paulista se re\u00fanem no Santu\u00e1rio Nacional"},"content":{"rendered":"<h2>Encontro em Aparecida reflete como grupos de ora\u00e7\u00e3o podem ajudar na salva\u00e7\u00e3o das almas<\/h2>\n<div class=\"image\" contenteditable=\"false\"><span class=\"image__subtitle\" data-subtitle-origin=\"0\">Cerca de 400 l\u00edderes de grupos de ora\u00e7\u00e3o paulistas participam do encontro em Aparecida<\/span><\/div>\n<p>Dirigentes de equipes de trabalho da Renova\u00e7\u00e3o Carism\u00e1tica Cat\u00f3lica participam no pr\u00f3ximo fim de semana, do Encontro Regional de Lideran\u00e7as. O evento acontece no Santu\u00e1rio Nacional e re\u00fane representantes de comunidades da Arquidiocese de Aparecida e das dioceses paulistas de Caraguatatuba, Guarulhos, Lorena, Mogi das Cruzes, Taubat\u00e9 e S\u00e3o Jos\u00e9 dos Campos.<\/p>\n<p>Neste ano, o encontro tem como tema central \u201cO grupo de ora\u00e7\u00e3o e a salva\u00e7\u00e3o das almas\u201d. As palestras acontecem no s\u00e1bado (20) e no domingo (21), no Audit\u00f3rio padre No\u00e9 Sotillo, localizado no subsolo do Santu\u00e1rio de Aparecida. O encontro ser\u00e1 encerrado no domingo com uma missa no Altar Central da Bas\u00edlica \u00e0s 14h.<\/p>\n<p>As inscri\u00e7\u00f5es pelo site foram encerradas no dia 13 de julho. No local do evento ainda ser\u00e1 poss\u00edvel se inscrever e participar. Segundo a secretaria da Renova\u00e7\u00e3o Carism\u00e1tica Cat\u00f3lica de S\u00e3o Paulo, respons\u00e1vel pela organiza\u00e7\u00e3o das forma\u00e7\u00f5es, a expectativa \u00e9 de que cerca de 400 pessoas participem das atividades.<\/p>\n<p>O encontro celebra os 50 anos de atua\u00e7\u00e3o da Renova\u00e7\u00e3o Carism\u00e1tica no Brasil, comemorados em 2019. De acordo com o escrit\u00f3rio nacional do movimento, quase 14 mil grupos de ora\u00e7\u00e3o est\u00e3o espalhados por todo o Brasil. O estado com maior n\u00famero deles \u00e9 S\u00e3o Paulo, com quase tr\u00eas mil grupos em 42 dioceses paulistas.<\/p>\n","protected":false},"excerpt":{"rendered":"<p>Encontro em Aparecida reflete como grupos de ora\u00e7\u00e3o podem ajudar na salva\u00e7\u00e3o das almas Cerca de 400 l\u00edderes de grupos de ora\u00e7\u00e3o paulistas participam do encontro em Aparecida Dirigentes de equipes de trabalho da Renova\u00e7\u00e3o Carism\u00e1tica Cat\u00f3lica participam no pr\u00f3ximo fim de semana, do Encontro Regional de Lideran\u00e7as. O evento acontece no Santu\u00e1rio Nacional e [&hellip;]<\/p>\n","protected":false},"author":1,"featured_media":51270,"comment_status":"open","ping_status":"closed","sticky":false,"template":"","format":"standard","meta":{"footnotes":""},"categories":[4],"tags":[],"class_list":["post-51269","post","type-post","status-publish","format-standard","has-post-thumbnail","hentry","category-cotidiano"],"_links":{"self":[{"href":"https:\/\/catolicanet.net\/wp-cnet\/wp-json\/wp\/v2\/posts\/51269","targetHints":{"allow":["GET"]}}],"collection":[{"href":"https:\/\/catolicanet.net\/wp-cnet\/wp-json\/wp\/v2\/posts"}],"about":[{"href":"https:\/\/catolicanet.net\/wp-cnet\/wp-json\/wp\/v2\/types\/post"}],"author":[{"embeddable":true,"href":"https:\/\/catolicanet.net\/wp-cnet\/wp-json\/wp\/v2\/users\/1"}],"replies":[{"embeddable":true,"href":"https:\/\/catolicanet.net\/wp-cnet\/wp-json\/wp\/v2\/comments?post=51269"}],"version-history":[{"count":1,"href":"https:\/\/catolicanet.net\/wp-cnet\/wp-json\/wp\/v2\/posts\/51269\/revisions"}],"predecessor-version":[{"id":51271,"href":"https:\/\/catolicanet.net\/wp-cnet\/wp-json\/wp\/v2\/posts\/51269\/revisions\/51271"}],"wp:featuredmedia":[{"embeddable":true,"href":"https:\/\/catolicanet.net\/wp-cnet\/wp-json\/wp\/v2\/media\/51270"}],"wp:attachment":[{"href":"https:\/\/catolicanet.net\/wp-cnet\/wp-json\/wp\/v2\/media?parent=51269"}],"wp:term":[{"taxonomy":"category","embeddable":true,"href":"https:\/\/catolicanet.net\/wp-cnet\/wp-json\/wp\/v2\/categories?post=51269"},{"taxonomy":"post_tag","embeddable":true,"href":"https:\/\/catolicanet.net\/wp-cnet\/wp-json\/wp\/v2\/tags?post=51269"}],"curies":[{"name":"wp","href":"https:\/\/api.w.org\/{rel}","templated":true}]}}