{"id":51243,"date":"2019-07-17T08:57:56","date_gmt":"2019-07-17T11:57:56","guid":{"rendered":"http:\/\/catolicanet.net\/wp-cnet\/?p=51243"},"modified":"2019-07-17T08:57:56","modified_gmt":"2019-07-17T11:57:56","slug":"papa-francisco-envia-mensagem-a-amia-desde-o-primeiro-dia-rezo-pelas-vitimas-do-atentado","status":"publish","type":"post","link":"https:\/\/catolicanet.net\/wp-cnet\/papa-francisco-envia-mensagem-a-amia-desde-o-primeiro-dia-rezo-pelas-vitimas-do-atentado\/","title":{"rendered":"Papa Francisco envia mensagem \u00e0 AMIA: Desde o primeiro dia rezo pelas v\u00edtimas do atentado"},"content":{"rendered":"<p>Por ocasi\u00e3o do 25\u00ba anivers\u00e1rio do atentado contra o edif\u00edcio da Associa\u00e7\u00e3o Mutual Israelita Argentina (AMIA), o Papa Francisco expressou sua proximidade \u00e0s fam\u00edlias das v\u00edtimas e observou que &#8220;n\u00e3o \u00e9 a religi\u00e3o que incita e leva \u00e0 guerra, mas a obscuridade nos cora\u00e7\u00f5es de quem comete atos irracionais&#8221;.<\/p>\n<p>O Santo Padre enviou uma carta ao presidente da Delega\u00e7\u00e3o das Associa\u00e7\u00f5es Israelitas Argentinas (DAIA), Jorge Knoblovits, para assegurar sua ora\u00e7\u00e3o pelos 85 mortos e sobreviventes do atentado terrorista contra o edif\u00edcio da AMIA cometido em 18 de julho de 1994.<\/p>\n<p>Desde ent\u00e3o, a justi\u00e7a investigou diferentes pessoas por executar ou encobrir o atentado. Em 2015, alguns funcion\u00e1rios do Judici\u00e1rio e do servi\u00e7o de intelig\u00eancia foram condenados por encobrimento e corrup\u00e7\u00e3o.<\/p>\n<p>\u201cComo no primeiro dia, a cada 18 de julho meu cora\u00e7\u00e3o acompanha os familiares das v\u00edtimas, sejam judias ou crist\u00e3s&#8221;, expressou o Papa Francisco.<\/p>\n<div class=\"ad_inline\">\n<div id=\"div-gpt-ad-1472661422739-0\" data-google-query-id=\"CNqZ2-nxu-MCFW3U4QodDYoB1Q\">\n<div id=\"google_ads_iframe_\/4493921\/ACI_D_Article_1_0__container__\"><\/div>\n<\/div>\n<\/div>\n<p>Desde aquele dia, o Santo Padre reza &#8220;pelo descanso eterno de quem perdeu a vida neste ato de loucura&#8221; e pelos sobreviventes que levam &#8220;desde ent\u00e3o feridas em seus corpos e em suas almas&#8221;.<\/p>\n<p>&#8220;Essa loucura, no entanto, n\u00e3o se limitou \u00e0 Argentina. Demasiadas vezes nesses 25 anos vimos vidas e esperan\u00e7as truncadas em nome da religi\u00e3o&#8221;, assegurou.<\/p>\n<p>Assinalou que &#8220;esta \u2018terceira guerra mundial em peda\u00e7os\u2019 n\u00e3o conhece fronteiras e mostrou seu rosto cruel do Oriente ao Ocidente. Transformou esposas em vi\u00favas, filhos e filhas em \u00f3rf\u00e3os, e tudo em nome de Deus, blasfemando o nome de Deus&#8221;.<\/p>\n<p>&#8220;N\u00e3o \u00e9 a religi\u00e3o que incita e leva \u00e0 guerra, mas a obscuridade nos cora\u00e7\u00f5es de quem comete atos irracionais&#8221;. &#8220;Deus nos chamou para viver como irm\u00e3os, e essa fraternidade nos abra\u00e7a e nos une al\u00e9m de qualquer limite geogr\u00e1fico ou ideol\u00f3gico&#8221;, refletiu o Papa Francisco.<\/p>\n<p>&#8220;Entre todos, constitu\u00edmos a grande fam\u00edlia humana; esta consci\u00eancia de sermos irm\u00e3os, junto com os valores de respeito e de toler\u00e2ncia, devemos transmitir \u00e0s pr\u00f3ximas gera\u00e7\u00f5es&#8221;, encorajou.<\/p>\n<p>Neste sentido, o Santo Padre afirmou que &#8220;\u00e9 verdade que Deus nos criou iguais em direitos, mas tamb\u00e9m o fez em deveres e em dignidade&#8221;, portanto, &#8220;a paz n\u00e3o deve ser apenas nosso direito, sua constru\u00e7\u00e3o deve ser a nossa obriga\u00e7\u00e3o&#8221;, afirmou.<\/p>\n<p>&#8220;Nesta comemora\u00e7\u00e3o do 25\u00ba anivers\u00e1rio, estou junto com voc\u00eas e rezo por voc\u00eas. Que o Deus de nossos Pais os aben\u00e7oe e cuide. E, por favor, n\u00e3o se esque\u00e7am de rezar por mim&#8221;, concluiu o Papa Francisco.<\/p>\n<p>Por sua vez, o presidente da C\u00e1ritas e Bispo de Quilmes, Dom Carlos Jos\u00e9 Tissera, expressou que \u00e9 &#8220;fundamental manter viva a mem\u00f3ria deste fato, especialmente das vidas, esperan\u00e7as, sofrimentos e projetos truncados de cada uma das 85 pessoas que perderam suas vidas&#8221;.<\/p>\n<p>&#8220;Unimo-nos ao pedido renovado de justi\u00e7a para que se abram os caminhos de resposta que esta trag\u00e9dia contraiu com a sociedade como expressava h\u00e1 alguns anos o Papa Francisco\u201d, refletiu.<\/p>\n","protected":false},"excerpt":{"rendered":"<p>Por ocasi\u00e3o do 25\u00ba anivers\u00e1rio do atentado contra o edif\u00edcio da Associa\u00e7\u00e3o Mutual Israelita Argentina (AMIA), o Papa Francisco expressou sua proximidade \u00e0s fam\u00edlias das v\u00edtimas e observou que &#8220;n\u00e3o \u00e9 a religi\u00e3o que incita e leva \u00e0 guerra, mas a obscuridade nos cora\u00e7\u00f5es de quem comete atos irracionais&#8221;. O Santo Padre enviou uma carta [&hellip;]<\/p>\n","protected":false},"author":1,"featured_media":51244,"comment_status":"open","ping_status":"closed","sticky":false,"template":"","format":"standard","meta":{"footnotes":""},"categories":[4],"tags":[],"class_list":["post-51243","post","type-post","status-publish","format-standard","has-post-thumbnail","hentry","category-cotidiano"],"_links":{"self":[{"href":"https:\/\/catolicanet.net\/wp-cnet\/wp-json\/wp\/v2\/posts\/51243","targetHints":{"allow":["GET"]}}],"collection":[{"href":"https:\/\/catolicanet.net\/wp-cnet\/wp-json\/wp\/v2\/posts"}],"about":[{"href":"https:\/\/catolicanet.net\/wp-cnet\/wp-json\/wp\/v2\/types\/post"}],"author":[{"embeddable":true,"href":"https:\/\/catolicanet.net\/wp-cnet\/wp-json\/wp\/v2\/users\/1"}],"replies":[{"embeddable":true,"href":"https:\/\/catolicanet.net\/wp-cnet\/wp-json\/wp\/v2\/comments?post=51243"}],"version-history":[{"count":1,"href":"https:\/\/catolicanet.net\/wp-cnet\/wp-json\/wp\/v2\/posts\/51243\/revisions"}],"predecessor-version":[{"id":51245,"href":"https:\/\/catolicanet.net\/wp-cnet\/wp-json\/wp\/v2\/posts\/51243\/revisions\/51245"}],"wp:featuredmedia":[{"embeddable":true,"href":"https:\/\/catolicanet.net\/wp-cnet\/wp-json\/wp\/v2\/media\/51244"}],"wp:attachment":[{"href":"https:\/\/catolicanet.net\/wp-cnet\/wp-json\/wp\/v2\/media?parent=51243"}],"wp:term":[{"taxonomy":"category","embeddable":true,"href":"https:\/\/catolicanet.net\/wp-cnet\/wp-json\/wp\/v2\/categories?post=51243"},{"taxonomy":"post_tag","embeddable":true,"href":"https:\/\/catolicanet.net\/wp-cnet\/wp-json\/wp\/v2\/tags?post=51243"}],"curies":[{"name":"wp","href":"https:\/\/api.w.org\/{rel}","templated":true}]}}