{"id":51234,"date":"2019-07-17T08:43:25","date_gmt":"2019-07-17T11:43:25","guid":{"rendered":"http:\/\/catolicanet.net\/wp-cnet\/?p=51234"},"modified":"2019-07-17T08:43:25","modified_gmt":"2019-07-17T11:43:25","slug":"especialistas-se-reunem-para-aprofundar-o-documento-de-trabalho-do-sinodo-dos-bispos-2019","status":"publish","type":"post","link":"https:\/\/catolicanet.net\/wp-cnet\/especialistas-se-reunem-para-aprofundar-o-documento-de-trabalho-do-sinodo-dos-bispos-2019\/","title":{"rendered":"Especialistas se re\u00fanem para aprofundar o documento de trabalho do S\u00ednodo dos Bispos 2019"},"content":{"rendered":"<p>Teve in\u00edcio ontem, 16, e segue at\u00e9 o 18 de julho, na sede do Centro Cultural Mission\u00e1rio, em Bras\u00edlia-DF, o<a href=\"http:\/\/repam.org.br\/?p=2807\"> Semin\u00e1rio de Estudo do Documento de Trabalho do S\u00ednodo dos Bispos sobre a Pan-Amaz\u00f4nia<\/a>, a ser realizado em outubro deste ano, no Vaticano. Participam 23 bispos, sendo 5 deles membros do Conselho Pr\u00e9-Sinodal, secret\u00e1rio Executivo da Rede Eclesial Pan-Amaz\u00f4nica\/REPAM, assessores e especialistas.<\/p>\n<div id=\"attachment_222895\" class=\"wp-caption alignright\"><a href=\"http:\/\/www.cnbb.org.br\/encontro-reune-especialistas-para-aprofundar-o-documento-de-trabalho-do-sinodo-dos-bispos-2019\/repam-4\/\"><img loading=\"lazy\" decoding=\"async\" class=\"wp-image-222895 size-medium\" src=\"http:\/\/www.cnbb.org.br\/wp-content\/uploads\/sites\/32\/2019\/07\/Repam-300x200.jpg\" srcset=\"http:\/\/www.cnbb.org.br\/wp-content\/uploads\/sites\/32\/2019\/07\/Repam-300x200.jpg 300w, http:\/\/www.cnbb.org.br\/wp-content\/uploads\/sites\/32\/2019\/07\/Repam-768x512.jpg 768w, http:\/\/www.cnbb.org.br\/wp-content\/uploads\/sites\/32\/2019\/07\/Repam.jpg 800w\" alt=\"Fotos: Repam\/Paulo Martins\" width=\"300\" height=\"200\" aria-describedby=\"caption-attachment-222895\" \/><\/a><\/p>\n<p id=\"caption-attachment-222895\" class=\"wp-caption-text\">Foto: REPAM Brasil\/Paulo Martins<\/p>\n<\/div>\n<p>No grupo de quase 50 participantes da atividade, al\u00e9m dos brasileiros residentes na Amaz\u00f4nia, o Semin\u00e1rio de Estudos re\u00fane participantes de outras regi\u00f5es do pa\u00eds e de outros pa\u00edses da Pan-Amaz\u00f4nia.\u00a0\u201cEste encontro \u00e9 importante porque nos permite sonhar com uma Igreja mais encarnada, que n\u00e3o tem medo de encarar os desafios que a Amaz\u00f4nia enfrenta, que se prop\u00f5e a dialogar com as diversidades variadas desse imenso territ\u00f3rio\u201d, afirmou dom Adriano Ciocca, bispo Prelado de S\u00e3o F\u00e9lix do Araguaia, um dos organizadores do evento, na abertura do Semin\u00e1rio.<\/p>\n<p>O objetivo do encontro \u00e9, a partir do contexto desafiador da Amaz\u00f4nia e da mem\u00f3ria do percurso sinodal realizado at\u00e9 agora, aprofundar coletivamente o estudo do Documento e Trabalho, para elaborar propostas concretas e fundamentadas em vista da Assembleia Sinodal de outubro.<\/p>\n<p>Para o secret\u00e1rio executivo da REPAM, Maur\u00edcio Lopez, o <a href=\"http:\/\/repam.org.br\/?page_id=2616\">Instrumento Laboris<\/a>, mesmo que ainda incompleto, permite que os povos se reconhecem nele. \u201cAgora, no S\u00ednodo, \u00e9 momento de defendermos a voz de Deus que veio por meio dos povos\u201d, disse.<\/p>\n<p>Durante os tr\u00eas dias, a proposta \u00e9 que o grupo se concentre em torno a tr\u00eas grandes eixos de estudo e propostas:<br \/>\n<strong>A realidade amaz\u00f4nica:<\/strong> como responder ao grito da terra e dos pobres no ch\u00e3o da Amaz\u00f4nia, terra em disputa entre, de um lado, os povos ind\u00edgenas, os quilombolas e comunidades tradicionais, com suas formas pr\u00f3prias de vida e, de outro, a voracidade do capital de mineradoras, madeireiras, agroneg\u00f3cio e grandes projetos de energia e infraestrutura?<br \/>\n<strong>Uma Igreja toda ela ministerial:<\/strong> como reconhecer, ampliar, consolidar e consagrar a diversidade dos minist\u00e9rios e o papel das mulheres, com especial aten\u00e7\u00e3o ao clamor das comunidades pela Eucaristia, como direito de todo o Povo de Deus?<br \/>\n<strong>Os desafios do mundo urbano<\/strong>, que concentra cerca de 80% da popula\u00e7\u00e3o da regi\u00e3o: como suscitar comunidades vivas e atuantes entre os moradores, em sua maioria, migrantes marginalizados na periferia das cidades, mas tamb\u00e9m entre os jovens nas escolas e universidades? Como lidar com a cultura secularizada e consumista difundida pelos meios de comunica\u00e7\u00e3o e com a grande diversidade de Igrejas e movimentos religiosos, desafio importante para o ecumenismo, o di\u00e1logo inter-religioso, a incultura\u00e7\u00e3o e a coopera\u00e7\u00e3o em busca da justi\u00e7a e do cuidado da com a Casa comum?<\/p>\n<p>O encontro \u00e9 organizado pelo Centro Ecum\u00eanico de Servi\u00e7os \u00e0 Evangeliza\u00e7\u00e3o e Educa\u00e7\u00e3o Popular\/CESEEP e pela REPAM-Brasil.<\/p>\n<p>Com informa\u00e7\u00f5es da REPAM Brasil \u2013 Colabora\u00e7\u00e3o: Paulo Martins<\/p>\n","protected":false},"excerpt":{"rendered":"<p>Teve in\u00edcio ontem, 16, e segue at\u00e9 o 18 de julho, na sede do Centro Cultural Mission\u00e1rio, em Bras\u00edlia-DF, o Semin\u00e1rio de Estudo do Documento de Trabalho do S\u00ednodo dos Bispos sobre a Pan-Amaz\u00f4nia, a ser realizado em outubro deste ano, no Vaticano. Participam 23 bispos, sendo 5 deles membros do Conselho Pr\u00e9-Sinodal, secret\u00e1rio Executivo [&hellip;]<\/p>\n","protected":false},"author":1,"featured_media":51235,"comment_status":"open","ping_status":"closed","sticky":false,"template":"","format":"standard","meta":{"footnotes":""},"categories":[7],"tags":[],"class_list":["post-51234","post","type-post","status-publish","format-standard","has-post-thumbnail","hentry","category-cnbb"],"_links":{"self":[{"href":"https:\/\/catolicanet.net\/wp-cnet\/wp-json\/wp\/v2\/posts\/51234","targetHints":{"allow":["GET"]}}],"collection":[{"href":"https:\/\/catolicanet.net\/wp-cnet\/wp-json\/wp\/v2\/posts"}],"about":[{"href":"https:\/\/catolicanet.net\/wp-cnet\/wp-json\/wp\/v2\/types\/post"}],"author":[{"embeddable":true,"href":"https:\/\/catolicanet.net\/wp-cnet\/wp-json\/wp\/v2\/users\/1"}],"replies":[{"embeddable":true,"href":"https:\/\/catolicanet.net\/wp-cnet\/wp-json\/wp\/v2\/comments?post=51234"}],"version-history":[{"count":1,"href":"https:\/\/catolicanet.net\/wp-cnet\/wp-json\/wp\/v2\/posts\/51234\/revisions"}],"predecessor-version":[{"id":51236,"href":"https:\/\/catolicanet.net\/wp-cnet\/wp-json\/wp\/v2\/posts\/51234\/revisions\/51236"}],"wp:featuredmedia":[{"embeddable":true,"href":"https:\/\/catolicanet.net\/wp-cnet\/wp-json\/wp\/v2\/media\/51235"}],"wp:attachment":[{"href":"https:\/\/catolicanet.net\/wp-cnet\/wp-json\/wp\/v2\/media?parent=51234"}],"wp:term":[{"taxonomy":"category","embeddable":true,"href":"https:\/\/catolicanet.net\/wp-cnet\/wp-json\/wp\/v2\/categories?post=51234"},{"taxonomy":"post_tag","embeddable":true,"href":"https:\/\/catolicanet.net\/wp-cnet\/wp-json\/wp\/v2\/tags?post=51234"}],"curies":[{"name":"wp","href":"https:\/\/api.w.org\/{rel}","templated":true}]}}