{"id":51231,"date":"2019-07-17T08:41:18","date_gmt":"2019-07-17T11:41:18","guid":{"rendered":"http:\/\/catolicanet.net\/wp-cnet\/?p=51231"},"modified":"2019-07-17T08:41:18","modified_gmt":"2019-07-17T11:41:18","slug":"regional-sul-2-acolhe-encontro-dos-secretarios-executivos-dos-18-regionais-da-cnbb-cnbb","status":"publish","type":"post","link":"https:\/\/catolicanet.net\/wp-cnet\/regional-sul-2-acolhe-encontro-dos-secretarios-executivos-dos-18-regionais-da-cnbb-cnbb\/","title":{"rendered":"Regional Sul 2 acolhe encontro dos secret\u00e1rios-executivos dos 18 regionais da CNBB CNBB"},"content":{"rendered":"<p>Iniciou no dia 15 de julho, em Curitiba (PR), o encontro dos secret\u00e1rios executivos dos 18 regionais da CNBB. A missa de abertura aconteceu no final da tarde na Catedral Metropolitana Nossa Senhora da Luz dos Pinhais\u00a0 e foi presidida pelo secret\u00e1rio-geral da CNBB, dom Joel Amado Portela, e concelebrada pelo arcebispo de Curitiba, dom Jos\u00e9 Ant\u00f4nio Peruzzo, que acolheu todos os participantes e os apresentou \u00e0 comunidade. <a href=\"http:\/\/www.cnbb.org.br\/regional-sul-2-acolhe-encontro-dos-secretarios-executivos-da-cnbb\/whatsapp-image-2019-07-16-at-09-57-04\/\"><img loading=\"lazy\" decoding=\"async\" class=\"size-medium wp-image-222877 alignright\" src=\"http:\/\/www.cnbb.org.br\/wp-content\/uploads\/sites\/32\/2019\/07\/WhatsApp-Image-2019-07-16-at-09.57.04-300x169.jpeg\" srcset=\"http:\/\/www.cnbb.org.br\/wp-content\/uploads\/sites\/32\/2019\/07\/WhatsApp-Image-2019-07-16-at-09.57.04-300x169.jpeg 300w, http:\/\/www.cnbb.org.br\/wp-content\/uploads\/sites\/32\/2019\/07\/WhatsApp-Image-2019-07-16-at-09.57.04-768x432.jpeg 768w, http:\/\/www.cnbb.org.br\/wp-content\/uploads\/sites\/32\/2019\/07\/WhatsApp-Image-2019-07-16-at-09.57.04-1024x576.jpeg 1024w, http:\/\/www.cnbb.org.br\/wp-content\/uploads\/sites\/32\/2019\/07\/WhatsApp-Image-2019-07-16-at-09.57.04.jpeg 1280w\" alt=\"\" width=\"300\" height=\"169\" \/><\/a><\/p>\n<p>Ap\u00f3s o jantar, o grupo deu in\u00edcio aos trabalhos. O presidente do Regional Sul 2, dom Geremias Steinmetz, acolheu os participantes e apresentou a realidade da Igreja do Paran\u00e1 desde sua pr\u00e9-hist\u00f3ria, com as redu\u00e7\u00f5es jesu\u00edticas, a funda\u00e7\u00e3o da primeira par\u00f3quia e das primeiras dioceses, os primeiros bispos e como come\u00e7ou o trabalho de integra\u00e7\u00e3o dos bispos do Paran\u00e1 at\u00e9 a cria\u00e7\u00e3o do regional Sul 2 em 1965.<\/p>\n<p>O arcebispo tamb\u00e9m falou sobre as grandes linhas de pensamento que guiaram o regional Sul 2 nesse tempo, como a quest\u00e3o vocacional, da catequese, do d\u00edzimo e quest\u00f5es sociais. Por fim, os desafios atuais que pedem uma resposta da igreja, especialmente a quest\u00e3o da cultura urbana, que est\u00e1 presente em todos os lugares. \u201cPara n\u00f3s \u00e9 uma alegria acolher este encontro, no qual os secret\u00e1rios t\u00eam a oportunidade de conversar entre si e com o secret\u00e1rio-geral, para que a comunica\u00e7\u00e3o possa continuar acontecendo e sendo pautada nas Novas Diretrizes da A\u00e7\u00e3o Evangelizadora\u201d, afirmou dom Geremias.<\/p>\n<p><a href=\"http:\/\/www.cnbb.org.br\/regional-sul-2-acolhe-encontro-dos-secretarios-executivos-da-cnbb\/whatsapp-image-2019-07-16-at-09-56-49\/\"><img loading=\"lazy\" decoding=\"async\" class=\"size-medium wp-image-222875 alignleft\" src=\"http:\/\/www.cnbb.org.br\/wp-content\/uploads\/sites\/32\/2019\/07\/WhatsApp-Image-2019-07-16-at-09.56.49-300x169.jpeg\" srcset=\"http:\/\/www.cnbb.org.br\/wp-content\/uploads\/sites\/32\/2019\/07\/WhatsApp-Image-2019-07-16-at-09.56.49-300x169.jpeg 300w, http:\/\/www.cnbb.org.br\/wp-content\/uploads\/sites\/32\/2019\/07\/WhatsApp-Image-2019-07-16-at-09.56.49-768x432.jpeg 768w, http:\/\/www.cnbb.org.br\/wp-content\/uploads\/sites\/32\/2019\/07\/WhatsApp-Image-2019-07-16-at-09.56.49-1024x576.jpeg 1024w, http:\/\/www.cnbb.org.br\/wp-content\/uploads\/sites\/32\/2019\/07\/WhatsApp-Image-2019-07-16-at-09.56.49.jpeg 1280w\" alt=\"\" width=\"300\" height=\"169\" \/><\/a>Nesta manh\u00e3, 16 de julho, dom Joel Portela trabalha com o grupo o texto das Novas Diretrizes. Na parte da tarde, os secret\u00e1rios visitaram a sede da Associa\u00e7\u00e3o Evangelizar, onde est\u00e3o a TV e a r\u00e1dio Evangelizar. \u00c0 noite, a celebra\u00e7\u00e3o eucar\u00edstica acontecer\u00e1 na par\u00f3quia S\u00e3o Francisco de Paula, que fica em frente \u00e0 sede do regional, e ser\u00e1 presidida por dom Geremias Steinmetz. \u00a0Os trabalhos do encontro seguem at\u00e9 quarta-feira, dia 17, na hora do almo\u00e7o. Depois, o grupo ter\u00e1 um momento de confraterniza\u00e7\u00e3o e passeio \u00e0 cidade de Foz do Igua\u00e7u (PR).<\/p>\n<h5><em><strong>(Texto e fotos: Karina Carvalho, jornalista do regional sul 2)<\/strong><\/em><\/h5>\n","protected":false},"excerpt":{"rendered":"<p>Iniciou no dia 15 de julho, em Curitiba (PR), o encontro dos secret\u00e1rios executivos dos 18 regionais da CNBB. A missa de abertura aconteceu no final da tarde na Catedral Metropolitana Nossa Senhora da Luz dos Pinhais\u00a0 e foi presidida pelo secret\u00e1rio-geral da CNBB, dom Joel Amado Portela, e concelebrada pelo arcebispo de Curitiba, dom [&hellip;]<\/p>\n","protected":false},"author":1,"featured_media":51232,"comment_status":"open","ping_status":"closed","sticky":false,"template":"","format":"standard","meta":{"footnotes":""},"categories":[7],"tags":[],"class_list":["post-51231","post","type-post","status-publish","format-standard","has-post-thumbnail","hentry","category-cnbb"],"_links":{"self":[{"href":"https:\/\/catolicanet.net\/wp-cnet\/wp-json\/wp\/v2\/posts\/51231","targetHints":{"allow":["GET"]}}],"collection":[{"href":"https:\/\/catolicanet.net\/wp-cnet\/wp-json\/wp\/v2\/posts"}],"about":[{"href":"https:\/\/catolicanet.net\/wp-cnet\/wp-json\/wp\/v2\/types\/post"}],"author":[{"embeddable":true,"href":"https:\/\/catolicanet.net\/wp-cnet\/wp-json\/wp\/v2\/users\/1"}],"replies":[{"embeddable":true,"href":"https:\/\/catolicanet.net\/wp-cnet\/wp-json\/wp\/v2\/comments?post=51231"}],"version-history":[{"count":1,"href":"https:\/\/catolicanet.net\/wp-cnet\/wp-json\/wp\/v2\/posts\/51231\/revisions"}],"predecessor-version":[{"id":51233,"href":"https:\/\/catolicanet.net\/wp-cnet\/wp-json\/wp\/v2\/posts\/51231\/revisions\/51233"}],"wp:featuredmedia":[{"embeddable":true,"href":"https:\/\/catolicanet.net\/wp-cnet\/wp-json\/wp\/v2\/media\/51232"}],"wp:attachment":[{"href":"https:\/\/catolicanet.net\/wp-cnet\/wp-json\/wp\/v2\/media?parent=51231"}],"wp:term":[{"taxonomy":"category","embeddable":true,"href":"https:\/\/catolicanet.net\/wp-cnet\/wp-json\/wp\/v2\/categories?post=51231"},{"taxonomy":"post_tag","embeddable":true,"href":"https:\/\/catolicanet.net\/wp-cnet\/wp-json\/wp\/v2\/tags?post=51231"}],"curies":[{"name":"wp","href":"https:\/\/api.w.org\/{rel}","templated":true}]}}