{"id":51228,"date":"2019-07-17T08:39:16","date_gmt":"2019-07-17T11:39:16","guid":{"rendered":"http:\/\/catolicanet.net\/wp-cnet\/?p=51228"},"modified":"2019-07-17T15:28:42","modified_gmt":"2019-07-17T18:28:42","slug":"papa-francisco-nomeia-bispo-para-a-diocese-de-bonfim-ba","status":"publish","type":"post","link":"https:\/\/catolicanet.net\/wp-cnet\/papa-francisco-nomeia-bispo-para-a-diocese-de-bonfim-ba\/","title":{"rendered":"Papa Francisco nomeia bispo para a diocese de Bonfim (BA)"},"content":{"rendered":"<p>O papa Francisco nomeou nesta quarta-feira, 17, para a vacante diocese de Bonfim, na Bahia, o padre Hernaldo Pinto Farias, membro da Congrega\u00e7\u00e3o do Sant\u00edssimo Sacramento.<\/p>\n<p>Padre Hernaldo nasceu em 24 de junho de 1964. \u00c9 bacharel em Teologia pelo Instituto Teol\u00f3gico S\u00e3o Paulo, ITESP, e licenciado em Filosofia pela Faculdade de Filosofia, Ci\u00eancias e Letras das Faculdades Associadas do Ipiranga, em S\u00e3o Paulo.<\/p>\n<p>Possui mestrado em Teologia Dogm\u00e1tica pela Pontif\u00edcia Faculdade de Teologia Nossa Senhora da Assun\u00e7\u00e3o e em Sagrada Liturgia pelo Pontif\u00edcio Ateneu Santo Anselmo de Roma. Tamb\u00e9m \u00e9 doutor em Sagrada Liturgia pelo Pontif\u00edcio Ateneu Santo Anselmo de Roma.<\/p>\n<p>Desde 1996 padre Hernaldo \u00e9 membro do Centro de Liturgia dom Clemente Isnard. Atualmente tamb\u00e9m \u00e9 membro da Associa\u00e7\u00e3o dos Liturgistas do Brasil (ASLI) e professor do curso de atualiza\u00e7\u00e3o e especializa\u00e7\u00e3o nordest\u00e3o de liturgia, em Crato (CE). Al\u00e9m dessas fun\u00e7\u00f5es, \u00e9 coordenador do curso de p\u00f3s-gradua\u00e7\u00e3o em Espa\u00e7o Lit\u00fargico e Arte Sacra do Centro de Liturgia Dom Clemente Isnard e membro da Comiss\u00e3o Internacional de Finan\u00e7as da Congrega\u00e7\u00e3o do Sant\u00edssimo Sacramento junto \u00e0 C\u00faria Geral.<\/p>\n<p>Confira, abaixo, a sauda\u00e7\u00e3o da Confer\u00eancia Nacional dos Bispos do Brasil ao novo bispo:<\/p>\n<p><strong>Sauda\u00e7\u00e3o da CNBB ao novo bispo de Bonfim<\/strong><\/p>\n<p>Prezado monsenhor Hernaldo Pinto Farias,<\/p>\n<p>A Confer\u00eancia Nacional dos Bispos do Brasil (CNBB) lhe envia sauda\u00e7\u00f5es fraternas pela nomea\u00e7\u00e3o, feita pelo papa Francisco, como bispo de Bonfim (BA).<\/p>\n<p>Em comunh\u00e3o com os fi\u00e9is de toda a diocese de Bonfim, o acolhemos, com alegria, como membro do episcopado e desejamos que sua miss\u00e3o seja fecunda e generosa em miseric\u00f3rdia, como pede o Santo Padre:\u00a0\u201ca verdade da miseric\u00f3rdia se confirma nos nossos gestos de cada dia, que tornam vis\u00edvel a a\u00e7\u00e3o de Deus no meio de n\u00f3s\u201d.<\/p>\n<p>Com nossas preces,<\/p>\n<p><strong>Dom Walmor Oliveira de Azevedo<\/strong><br \/>\nArcebispo de Belo Horizonte (MG)<br \/>\nPresidente da CNBB<\/p>\n<p><strong>Dom Jaime Spengler<\/strong><br \/>\nArcebispo de Porto Alegre (RS)<br \/>\nPrimeiro Vice-Presidente da CNBB<\/p>\n<p><strong>Dom M\u00e1rio Ant\u00f4nio da Silva<\/strong><br \/>\nBispo de Roraima (RR)<br \/>\nSegundo Vice-Presidente da CNBB<\/p>\n<p><strong>Dom Joel Portella Amado<\/strong><br \/>\nBispo auxiliar da arquidiocese de S\u00e3o Sebasti\u00e3o do Rio de Janeiro (RJ)<br \/>\nSecret\u00e1rio-geral da CNBB<\/p>\n","protected":false},"excerpt":{"rendered":"<p>O papa Francisco nomeou nesta quarta-feira, 17, para a vacante diocese de Bonfim, na Bahia, o padre Hernaldo Pinto Farias, membro da Congrega\u00e7\u00e3o do Sant\u00edssimo Sacramento. Padre Hernaldo nasceu em 24 de junho de 1964. \u00c9 bacharel em Teologia pelo Instituto Teol\u00f3gico S\u00e3o Paulo, ITESP, e licenciado em Filosofia pela Faculdade de Filosofia, Ci\u00eancias e [&hellip;]<\/p>\n","protected":false},"author":1,"featured_media":51229,"comment_status":"open","ping_status":"closed","sticky":false,"template":"","format":"standard","meta":{"footnotes":""},"categories":[7],"tags":[],"class_list":["post-51228","post","type-post","status-publish","format-standard","has-post-thumbnail","hentry","category-cnbb"],"_links":{"self":[{"href":"https:\/\/catolicanet.net\/wp-cnet\/wp-json\/wp\/v2\/posts\/51228","targetHints":{"allow":["GET"]}}],"collection":[{"href":"https:\/\/catolicanet.net\/wp-cnet\/wp-json\/wp\/v2\/posts"}],"about":[{"href":"https:\/\/catolicanet.net\/wp-cnet\/wp-json\/wp\/v2\/types\/post"}],"author":[{"embeddable":true,"href":"https:\/\/catolicanet.net\/wp-cnet\/wp-json\/wp\/v2\/users\/1"}],"replies":[{"embeddable":true,"href":"https:\/\/catolicanet.net\/wp-cnet\/wp-json\/wp\/v2\/comments?post=51228"}],"version-history":[{"count":1,"href":"https:\/\/catolicanet.net\/wp-cnet\/wp-json\/wp\/v2\/posts\/51228\/revisions"}],"predecessor-version":[{"id":51230,"href":"https:\/\/catolicanet.net\/wp-cnet\/wp-json\/wp\/v2\/posts\/51228\/revisions\/51230"}],"wp:featuredmedia":[{"embeddable":true,"href":"https:\/\/catolicanet.net\/wp-cnet\/wp-json\/wp\/v2\/media\/51229"}],"wp:attachment":[{"href":"https:\/\/catolicanet.net\/wp-cnet\/wp-json\/wp\/v2\/media?parent=51228"}],"wp:term":[{"taxonomy":"category","embeddable":true,"href":"https:\/\/catolicanet.net\/wp-cnet\/wp-json\/wp\/v2\/categories?post=51228"},{"taxonomy":"post_tag","embeddable":true,"href":"https:\/\/catolicanet.net\/wp-cnet\/wp-json\/wp\/v2\/tags?post=51228"}],"curies":[{"name":"wp","href":"https:\/\/api.w.org\/{rel}","templated":true}]}}