{"id":51201,"date":"2019-07-16T11:11:50","date_gmt":"2019-07-16T14:11:50","guid":{"rendered":"http:\/\/catolicanet.net\/wp-cnet\/?p=51201"},"modified":"2019-07-16T11:11:50","modified_gmt":"2019-07-16T14:11:50","slug":"igreja-e-alvo-de-vandalismo-e-sacrario-e-violado","status":"publish","type":"post","link":"https:\/\/catolicanet.net\/wp-cnet\/igreja-e-alvo-de-vandalismo-e-sacrario-e-violado\/","title":{"rendered":"Igreja \u00e9 alvo de vandalismo e sacr\u00e1rio \u00e9 violado"},"content":{"rendered":"<p>Na manh\u00e3 de segunda-feira, 15 de julho, a Capela Nossa Senhora do Ros\u00e1rio e Santo Ant\u00f4nio Galv\u00e3o, em Guapimirim (RJ), foi invadida, o sacr\u00e1rio foi violado e as h\u00f3stias consagradas ficaram espalhadas pelo ch\u00e3o.<\/p>\n<p><iframe loading=\"lazy\" src=\"https:\/\/www.facebook.com\/plugins\/post.php?href=https%3A%2F%2Fwww.facebook.com%2Fpnsajudaguapimirim%2Fposts%2F2840871112654451&amp;width=500\" width=\"500\" height=\"764\" frameborder=\"0\" scrolling=\"no\" data-mce-fragment=\"1\"><\/iframe><\/p>\n<p>Esta not\u00edcia \u201cencheu de tristeza a comunidade cat\u00f3lica da Par\u00f3quia Nossa Senhora da Ajuda de Guapimirim\u201d, \u00e0 qual pertence a capela vandalizada, conforme assinalaram em sua p\u00e1gina de Facebook.<\/p>\n<p>Em nota, a Diocese de Petr\u00f3polis, em cuja jurisdi\u00e7\u00e3o est\u00e1 a Par\u00f3quia de Nossa Senhora da Ajuda, manifestou \u201csua tristeza e solidariedade com a comunidade\u201d.<\/p>\n<p>\u201cO Bispo da Diocese de Petr\u00f3polis, Dom Greg\u00f3rio Paix\u00e3o, OSB, manifestou sua tristeza com o ocorrido, lamentando a profana\u00e7\u00e3o do sacr\u00e1rio e pedindo ao Administrador Paroquial da Par\u00f3quia de Guapimirim, Padre Marllon Eduard Gon\u00e7alves, que tome todas as provid\u00eancias para repara\u00e7\u00e3o e o retorno das celebra\u00e7\u00f5es para o bem da comunidade\u201d.<\/p>\n<p>O Prelado disse ainda \u201cque \u00e9 um momento triste para toda Diocese, mas um momento para se colocar em ora\u00e7\u00e3o e rezar por quem cometeu este ato com o Cristo vivo e presente na <a href=\"https:\/\/www.acidigital.com\/fiestas\/Eucaristia\/index.html\">Eucaristia<\/a> e a sua <a href=\"https:\/\/www.acidigital.com\/igreja\/index.html\">Igreja<\/a>\u201d.<\/p>\n<p>Al\u00e9m disso, segundo informou a Par\u00f3quia, \u201coutros objetos tamb\u00e9m foram danificados\u201d. No entanto, Pe. Marllon Eduard ressaltou ao site da Diocese que \u201co grande preju\u00edzo foi a profana\u00e7\u00e3o as h\u00f3stias consagradas, pois foram jogadas no ch\u00e3o\u201d.<\/p>\n<p>O sacerdote \u201cmanifestou toda sua tristeza, assim como os fi\u00e9is da Comunidade Capela Nossa Senhora do Ros\u00e1rio e Santo Ant\u00f4nio Galv\u00e3o\u201d.<\/p>\n","protected":false},"excerpt":{"rendered":"<p>Na manh\u00e3 de segunda-feira, 15 de julho, a Capela Nossa Senhora do Ros\u00e1rio e Santo Ant\u00f4nio Galv\u00e3o, em Guapimirim (RJ), foi invadida, o sacr\u00e1rio foi violado e as h\u00f3stias consagradas ficaram espalhadas pelo ch\u00e3o. Esta not\u00edcia \u201cencheu de tristeza a comunidade cat\u00f3lica da Par\u00f3quia Nossa Senhora da Ajuda de Guapimirim\u201d, \u00e0 qual pertence a capela [&hellip;]<\/p>\n","protected":false},"author":1,"featured_media":51202,"comment_status":"open","ping_status":"closed","sticky":false,"template":"","format":"standard","meta":{"footnotes":""},"categories":[4],"tags":[],"class_list":["post-51201","post","type-post","status-publish","format-standard","has-post-thumbnail","hentry","category-cotidiano"],"_links":{"self":[{"href":"https:\/\/catolicanet.net\/wp-cnet\/wp-json\/wp\/v2\/posts\/51201","targetHints":{"allow":["GET"]}}],"collection":[{"href":"https:\/\/catolicanet.net\/wp-cnet\/wp-json\/wp\/v2\/posts"}],"about":[{"href":"https:\/\/catolicanet.net\/wp-cnet\/wp-json\/wp\/v2\/types\/post"}],"author":[{"embeddable":true,"href":"https:\/\/catolicanet.net\/wp-cnet\/wp-json\/wp\/v2\/users\/1"}],"replies":[{"embeddable":true,"href":"https:\/\/catolicanet.net\/wp-cnet\/wp-json\/wp\/v2\/comments?post=51201"}],"version-history":[{"count":1,"href":"https:\/\/catolicanet.net\/wp-cnet\/wp-json\/wp\/v2\/posts\/51201\/revisions"}],"predecessor-version":[{"id":51203,"href":"https:\/\/catolicanet.net\/wp-cnet\/wp-json\/wp\/v2\/posts\/51201\/revisions\/51203"}],"wp:featuredmedia":[{"embeddable":true,"href":"https:\/\/catolicanet.net\/wp-cnet\/wp-json\/wp\/v2\/media\/51202"}],"wp:attachment":[{"href":"https:\/\/catolicanet.net\/wp-cnet\/wp-json\/wp\/v2\/media?parent=51201"}],"wp:term":[{"taxonomy":"category","embeddable":true,"href":"https:\/\/catolicanet.net\/wp-cnet\/wp-json\/wp\/v2\/categories?post=51201"},{"taxonomy":"post_tag","embeddable":true,"href":"https:\/\/catolicanet.net\/wp-cnet\/wp-json\/wp\/v2\/tags?post=51201"}],"curies":[{"name":"wp","href":"https:\/\/api.w.org\/{rel}","templated":true}]}}