{"id":51198,"date":"2019-07-16T10:48:24","date_gmt":"2019-07-16T13:48:24","guid":{"rendered":"http:\/\/catolicanet.net\/wp-cnet\/?p=51198"},"modified":"2019-07-16T10:48:24","modified_gmt":"2019-07-16T13:48:24","slug":"colombia-assim-um-bispo-abencoou-uma-das-cidades-mais-atingidas-pela-violencia","status":"publish","type":"post","link":"https:\/\/catolicanet.net\/wp-cnet\/colombia-assim-um-bispo-abencoou-uma-das-cidades-mais-atingidas-pela-violencia\/","title":{"rendered":"Col\u00f4mbia: Assim um bispo aben\u00e7oou uma das cidades mais atingidas pela viol\u00eancia"},"content":{"rendered":"<p>Dom Rub\u00e9n Dar\u00edo Jaramillo, Bispo de Buenaventura, aben\u00e7oou a cidade onde se encontra o porto mais importante do Pac\u00edfico colombiano e que tem sido muito atingida pela viol\u00eancia nos \u00faltimos anos.<\/p>\n<p>No s\u00e1bado, 13 de julho, o Bispo come\u00e7ou \u00e0s 10h a percorrer v\u00e1rias comunas (comunidades carentes) a bordo de um caminh\u00e3o de bombeiros, acompanhado de outros ve\u00edculos, para aben\u00e7oar os habitantes de Buenaventura.<\/p>\n<p>Com uma imagem de S\u00e3o Boaventura, padroeiro da diocese, o Prelado fez a &#8220;b\u00ean\u00e7\u00e3o solene&#8221; desde o Centro Recreativo de Comfamar at\u00e9 a Catedral local, na forma de esta\u00e7\u00f5es de 15 minutos nas quais havia uma ora\u00e7\u00e3o e o Bispo aben\u00e7oava os presentes com a \u00e1gua.<\/p>\n<p><img decoding=\"async\" src=\"https:\/\/www.aciprensa.com\/images\/buenaventura_1.jpg\" alt=\"\" \/><\/p>\n<h6><em>Fotos: Diocese de Buenaventura<\/em><\/h6>\n<p>&#8220;Vamos, com todo o desejo do nosso cora\u00e7\u00e3o, derramar \u00e1gua benta, \u00e1gua do c\u00e9u. Onde antes o sangue foi derramado, queremos que seja derramada \u00e1gua do c\u00e9u, para trazer conforto, trazer paz e trazer harmonia entre todos&#8221;, disse Dom Jaramillo durante o evento.<\/p>\n<p>&#8220;Aben\u00e7oa, Senhor, nossa cidade de Buenaventura e queremos construir entre todos uma cidade, um porto, uma comunidade em paz e que cesse a viol\u00eancia e saia de Buenaventura o \u00f3dio, o rancor, a viol\u00eancia e a morte, para que viva a paz , semeemos esperan\u00e7a e juntos construamos a Buenaventura que a Col\u00f4mbia precisa e que todos n\u00f3s queremos&#8221;, destacou o Bispo.<\/p>\n<p>Sandra Romero, que participou da solene b\u00ean\u00e7\u00e3o, comentou que, &#8220;com essas atividades, pretendemos semear esperan\u00e7a nos cora\u00e7\u00f5es que ficaram desolados, que perderam a esperan\u00e7a&#8221;.<\/p>\n<p><img decoding=\"async\" src=\"https:\/\/www.aciprensa.com\/images\/buenaventura_4.jpg\" alt=\"\" \/><\/p>\n<h6><em>Fotos: Diocese de Buenaventura<\/em><\/h6>\n<p>&#8220;Sabemos que Cristo nos d\u00e1 uma nova <a href=\"https:\/\/www.acidigital.com\/vida\/index.html\">vida<\/a> e com este sinal de aben\u00e7oar nossa cidade, queremos que pare a viol\u00eancia, que possamos viver em paz&#8221;, acrescentou.<\/p>\n<p>As b\u00ean\u00e7\u00e3os aconteceram nas comunas 1, 4, 5, 11 e 12 de Buenaventura, lugares atingidos pelo narcotr\u00e1fico, extors\u00e3o, roubos, acerto de contas e confronto de gangues rivais.<\/p>\n<p>Em meados de junho, o Prelado disse \u00e0 ag\u00eancia vaticana Fides que &#8220;j\u00e1 tivemos 54 mortes violentas neste ano, mas h\u00e1 muitas pessoas que desaparecem. E isso n\u00e3o \u00e9 informado. O problema \u00e9 que ainda n\u00e3o existe uma cultura de den\u00fancia porque existe medo, temos uma sociedade que tem medo de informar&#8221;.<\/p>\n<p><img decoding=\"async\" src=\"https:\/\/www.aciprensa.com\/images\/buenaventura_2.jpg\" alt=\"\" \/><\/p>\n<h6><em>Fotos: Diocese de Buenaventura<\/em><\/h6>\n<p>O Bispo tamb\u00e9m denunciou a exist\u00eancia das chamadas &#8220;casas de piques&#8221;, onde se tortura e assassina as pessoas sequestradas porque dificultam ou n\u00e3o apoiam as gangues e o crime organizado.<\/p>\n<p>Outro acontecimento que entristeceu Buenaventura e toda a Col\u00f4mbia foi o homic\u00eddio da menina Diana Tatiana Rodr\u00edguez, de 11 anos, torturada e assassinada pelo seu tio. Ap\u00f3s o homic\u00eddio, milhares de pessoas marcharam em recha\u00e7o \u00e0 viol\u00eancia contra crian\u00e7as e jovens.<\/p>\n<p>Segundo dados de Medicina Legal na Col\u00f4mbia, entre janeiro e abril de 2019, 213 menores foram assassinados no pa\u00eds e 7.142 crian\u00e7as e adolescentes foram v\u00edtimas de viol\u00eancia sexual.<\/p>\n<p><img decoding=\"async\" src=\"https:\/\/www.aciprensa.com\/images\/buenaventura_5.jpg\" alt=\"\" \/><\/p>\n","protected":false},"excerpt":{"rendered":"<p>Dom Rub\u00e9n Dar\u00edo Jaramillo, Bispo de Buenaventura, aben\u00e7oou a cidade onde se encontra o porto mais importante do Pac\u00edfico colombiano e que tem sido muito atingida pela viol\u00eancia nos \u00faltimos anos. No s\u00e1bado, 13 de julho, o Bispo come\u00e7ou \u00e0s 10h a percorrer v\u00e1rias comunas (comunidades carentes) a bordo de um caminh\u00e3o de bombeiros, acompanhado [&hellip;]<\/p>\n","protected":false},"author":1,"featured_media":51199,"comment_status":"open","ping_status":"closed","sticky":false,"template":"","format":"standard","meta":{"footnotes":""},"categories":[4],"tags":[],"class_list":["post-51198","post","type-post","status-publish","format-standard","has-post-thumbnail","hentry","category-cotidiano"],"_links":{"self":[{"href":"https:\/\/catolicanet.net\/wp-cnet\/wp-json\/wp\/v2\/posts\/51198","targetHints":{"allow":["GET"]}}],"collection":[{"href":"https:\/\/catolicanet.net\/wp-cnet\/wp-json\/wp\/v2\/posts"}],"about":[{"href":"https:\/\/catolicanet.net\/wp-cnet\/wp-json\/wp\/v2\/types\/post"}],"author":[{"embeddable":true,"href":"https:\/\/catolicanet.net\/wp-cnet\/wp-json\/wp\/v2\/users\/1"}],"replies":[{"embeddable":true,"href":"https:\/\/catolicanet.net\/wp-cnet\/wp-json\/wp\/v2\/comments?post=51198"}],"version-history":[{"count":1,"href":"https:\/\/catolicanet.net\/wp-cnet\/wp-json\/wp\/v2\/posts\/51198\/revisions"}],"predecessor-version":[{"id":51200,"href":"https:\/\/catolicanet.net\/wp-cnet\/wp-json\/wp\/v2\/posts\/51198\/revisions\/51200"}],"wp:featuredmedia":[{"embeddable":true,"href":"https:\/\/catolicanet.net\/wp-cnet\/wp-json\/wp\/v2\/media\/51199"}],"wp:attachment":[{"href":"https:\/\/catolicanet.net\/wp-cnet\/wp-json\/wp\/v2\/media?parent=51198"}],"wp:term":[{"taxonomy":"category","embeddable":true,"href":"https:\/\/catolicanet.net\/wp-cnet\/wp-json\/wp\/v2\/categories?post=51198"},{"taxonomy":"post_tag","embeddable":true,"href":"https:\/\/catolicanet.net\/wp-cnet\/wp-json\/wp\/v2\/tags?post=51198"}],"curies":[{"name":"wp","href":"https:\/\/api.w.org\/{rel}","templated":true}]}}