{"id":51159,"date":"2019-07-15T10:44:06","date_gmt":"2019-07-15T13:44:06","guid":{"rendered":"http:\/\/catolicanet.net\/wp-cnet\/?p=51159"},"modified":"2019-07-15T10:44:06","modified_gmt":"2019-07-15T13:44:06","slug":"oracao-e-acao","status":"publish","type":"post","link":"https:\/\/catolicanet.net\/wp-cnet\/oracao-e-acao\/","title":{"rendered":"Ora\u00e7\u00e3o e a\u00e7\u00e3o"},"content":{"rendered":"<p>O epis\u00f3dio ocorrido em Bet\u00e2nia onde moravam Maria e Marta leva a uma reflex\u00e3o sobre a ora\u00e7\u00e3o e a atua\u00e7\u00e3o nos afazeres di\u00e1rios (Luc 10,33-42). Cumpre conciliar os momentos dedicados \u00e0 prece e aos trabalhos cotidianos. Maria estava escutando Jesus, se imergindo na Palavra de Deus, e Marta agindo, preparando a refei\u00e7\u00e3o para o ilustre h\u00f3spede. Entre os disc\u00edpulos de Jesus uns s\u00e3o mais sens\u00edveis aos bens espirituais e outros aos bens materiais. \u00c9 preciso saber harmonizar uma e outra atitude. Jesus ao dizer a Marta que \u201cMaria tinha escolhido a melhor parte, esta n\u00e3o lhe ser\u00e1 tirada\u201d, mostrava que a ora\u00e7\u00e3o era superior \u00e0 a\u00e7\u00e3o. Jesus, ali\u00e1s, nas suas prega\u00e7\u00f5es sempre prescreveu uma caridade ativa. C\u00e9lebre sua advert\u00eancia: \u201cNem todo o que me diz: Senhor, Senhor entrar\u00e1 no reino dos c\u00e9us, mas o que faz a vontade de meu Pai que est\u00e1 nos c\u00e9us\u201d (Mt 7,21). Aos ap\u00f3stolos, aos ouvintes, cada qual segundo o seu estado e profiss\u00e3o, Ele ensinou que \u00e9 preciso cumprir os deveres que Deus lhes imp\u00f5e enquanto durar a vida, pois com a morte cessa o tempo favor\u00e1vel para conquista da felicidade eterna. Ele repreendeu Marta, n\u00e3o pelo fato de que ela estava trabalhando, mas porque estava agitada. H\u00e1 uma diferen\u00e7a enorme entre agir e se agitar. Como tamb\u00e9m n\u00e3o fazer nada n\u00e3o \u00e9 rezar e menos ainda ser um contemplativo. Muitos ficam de tal modo envoltos nas tarefas a serem feitas que n\u00e3o encontram momentos de ora\u00e7\u00e3o e acontece, igualmente, que h\u00e1 aqueles que n\u00e3o sabendo bem controlar o tempo descuram o cumprimento do dever de cada dia. O segredo do bem viver \u00e9 transformar as menores a\u00e7\u00f5es em atos de amor a Deus e ao pr\u00f3ximo. Assim sendo, nos instantes reservados \u00e0 prece se pode tranquilamente usufruir a presen\u00e7a divina. Jesus mostrou a Marta que ela estava inquieta e confusa com muitas coisas, imersa num materialismo insensato, tornando-se escrava de sua ocupa\u00e7\u00e3o. Escapava-lhe o sentido de seu servi\u00e7o e, agitada, ela perdia a alegria de poder servir a Jesus, tendo a paz interior. A maioria das distra\u00e7\u00f5es na ora\u00e7\u00e3o v\u00eam da preocupa\u00e7\u00e3o com as coisas materiais. A prece e os afazeres n\u00e3o se op\u00f5em, mas bem compreendidos levam \u00e0 fuga de toda mediocridade na ora\u00e7\u00e3o e na a\u00e7\u00e3o. O verdadeiro crist\u00e3o n\u00e3o pode definir o tempo da ora\u00e7\u00e3o como uma simples inatividade, como n\u00e3o deve fazer da a\u00e7\u00e3o uma agitamento desnecess\u00e1rio. Para conseguir este equil\u00edbrio a prioridade como salientou Jesus com rela\u00e7\u00e3o a Maria \u00e9 a escuta da Palavra, das inspira\u00e7\u00f5es divinas advindas da ora\u00e7\u00e3o. Desta \u00e9 que fluem a sabedoria e a for\u00e7a necess\u00e1rias para bem realizar as tarefas di\u00e1rias. Muitas vezes pode ocorrer que a inquieta\u00e7\u00e3o pela organiza\u00e7\u00e3o do trabalho leva a se perder o seu valor intr\u00ednseco. Com efeito, n\u00e3o se pode esquecer de que qualquer atividade em si \u00e9 um servi\u00e7o prestado ao pr\u00f3prio Mestre divino que disse: \u201cO que fizerdes ao menor de vossos irm\u00e3os, foi a mim que o fizestes\u201d. Portanto, continuamente se pode haurir os benef\u00edcios de tudo que se faz vendo no pr\u00f3ximo a figura de Cristo. Neste caso n\u00e3o se age como Marta submersa na amplid\u00e3o dos deveres. \u00c9 preciso como Maria parar para verificar o que Deus realmente quer e lhe solicitar a energia necess\u00e1ria para bem agir. Nunca se valoriza demais o tempo que se reserva \u00e0 ora\u00e7\u00e3o individual ou comunit\u00e1ria que deve ser uma pausa no meio da agita\u00e7\u00e3o cotidiana. Portanto, n\u00e3o se pode opor simplesmente uma Maria orante a uma Marta ativa; uma Maria piedosa a uma Marta agitada; uma Maria concentrada na ora\u00e7\u00e3o a uma Marta dispersiva nos afazeres. Esta diferen\u00e7a entre as duas irm\u00e3s \u00e9 tamb\u00e9m marcada pela postura delas perante Jesus.\u00a0 Marta est\u00e1 preocupada em agradar o h\u00f3spede divino com uma multid\u00e3o a\u00e7\u00f5es, enquanto Maria se liga a Jesus pela escuta. Marta recebeu Jesus, mas n\u00e3o O escutava. Maria O escutando, mostra a atitude da disc\u00edpula atenciosa e cort\u00eas. Marta queria que sua irm\u00e3 a ajudasse e se esquecia de que ela estava prestando uma grande homenagem a Jesus ouvindo-O e assimilando sua palavra. Marta. esperava que, diante da censura que ela fazia \u00e0 irm\u00e3, que Jesus ordenasse que esta fosse ajud\u00e1-la. Sua resposta n\u00e3o foi o que Marta desejava, pois e\u00a0\u00a0\u00a0\u00a0\u00a0\u00a0\u00a0\u00a0\u00a0\u00a0 Ele n\u00e3o se deixou manipular. N\u00e3o respondeu ao pedido de Marta, mas exp\u00f4s uma prioridade entre as a\u00e7\u00f5es de ambas, louvando a atitude de Maria. Mostrou a Marta que a perfei\u00e7\u00e3o dos atos humanos n\u00e3o consiste na multiplica\u00e7\u00e3o dos mesmos. De fato<u>,<\/u> verdadeira a\u00e7\u00e3o, impregnada de amor ao pr\u00f3ximo deve ser feita sempre numa uni\u00e3o \u00edntima com Deus, pois assim esta a\u00e7\u00e3o n\u00e3o se op\u00f5e \u00e0 ora\u00e7\u00e3o como pensava Marta. \u00c9 que a prece \u00e9 em si mesma uma a\u00e7\u00e3o na qual se apreende o verdadeiro servi\u00e7o aos outros. Apenas quem reza como Maria pode fazer suas a\u00e7\u00f5es inteiramente agrad\u00e1veis a Deus e \u00fateis ao pr\u00f3ximo, porque envoltas no mais profundo esp\u00edrito fraternal. Sejamos laboriosos como Marta, mas tudo fazendo como Maria \u00e0 luz da presen\u00e7a do Mestre divino.<\/p>\n","protected":false},"excerpt":{"rendered":"<p>O epis\u00f3dio ocorrido em Bet\u00e2nia onde moravam Maria e Marta leva a uma reflex\u00e3o sobre a ora\u00e7\u00e3o e a atua\u00e7\u00e3o nos afazeres di\u00e1rios (Luc 10,33-42). Cumpre conciliar os momentos dedicados \u00e0 prece e aos trabalhos cotidianos. Maria estava escutando Jesus, se imergindo na Palavra de Deus, e Marta agindo, preparando a refei\u00e7\u00e3o para o ilustre [&hellip;]<\/p>\n","protected":false},"author":7,"featured_media":32782,"comment_status":"open","ping_status":"closed","sticky":false,"template":"","format":"standard","meta":{"footnotes":""},"categories":[9],"tags":[],"class_list":["post-51159","post","type-post","status-publish","format-standard","has-post-thumbnail","hentry","category-artigos"],"_links":{"self":[{"href":"https:\/\/catolicanet.net\/wp-cnet\/wp-json\/wp\/v2\/posts\/51159","targetHints":{"allow":["GET"]}}],"collection":[{"href":"https:\/\/catolicanet.net\/wp-cnet\/wp-json\/wp\/v2\/posts"}],"about":[{"href":"https:\/\/catolicanet.net\/wp-cnet\/wp-json\/wp\/v2\/types\/post"}],"author":[{"embeddable":true,"href":"https:\/\/catolicanet.net\/wp-cnet\/wp-json\/wp\/v2\/users\/7"}],"replies":[{"embeddable":true,"href":"https:\/\/catolicanet.net\/wp-cnet\/wp-json\/wp\/v2\/comments?post=51159"}],"version-history":[{"count":1,"href":"https:\/\/catolicanet.net\/wp-cnet\/wp-json\/wp\/v2\/posts\/51159\/revisions"}],"predecessor-version":[{"id":51160,"href":"https:\/\/catolicanet.net\/wp-cnet\/wp-json\/wp\/v2\/posts\/51159\/revisions\/51160"}],"wp:featuredmedia":[{"embeddable":true,"href":"https:\/\/catolicanet.net\/wp-cnet\/wp-json\/wp\/v2\/media\/32782"}],"wp:attachment":[{"href":"https:\/\/catolicanet.net\/wp-cnet\/wp-json\/wp\/v2\/media?parent=51159"}],"wp:term":[{"taxonomy":"category","embeddable":true,"href":"https:\/\/catolicanet.net\/wp-cnet\/wp-json\/wp\/v2\/categories?post=51159"},{"taxonomy":"post_tag","embeddable":true,"href":"https:\/\/catolicanet.net\/wp-cnet\/wp-json\/wp\/v2\/tags?post=51159"}],"curies":[{"name":"wp","href":"https:\/\/api.w.org\/{rel}","templated":true}]}}