{"id":51129,"date":"2019-07-15T08:58:26","date_gmt":"2019-07-15T11:58:26","guid":{"rendered":"http:\/\/catolicanet.net\/wp-cnet\/?p=51129"},"modified":"2019-07-15T08:58:26","modified_gmt":"2019-07-15T11:58:26","slug":"hospitalidade-e-acolhimento","status":"publish","type":"post","link":"https:\/\/catolicanet.net\/wp-cnet\/hospitalidade-e-acolhimento\/","title":{"rendered":"Hospitalidade e acolhimento"},"content":{"rendered":"<p>As leituras deste domingo convidam-nos a refletir o tema da hospitalidade e do acolhimento. Para mim, no exerc\u00edcio do meu minist\u00e9rio presbiteral e episcopal, sempre pautei a minha a\u00e7\u00e3o pastoral pela hospitalidade e pelo acolhimento de todas as pessoas que batiam em minha porta, particularmente, dos mais pobres e humildes. Acolher o outro e dar-lhe a aten\u00e7\u00e3o necess\u00e1ria \u00e9 da ess\u00eancia do Evangelho.\u00a0 Sugerem, sobretudo, que a exist\u00eancia crist\u00e3 \u00e9 o acolhimento de Deus e das suas propostas; e que a a\u00e7\u00e3o (ainda que em favor dos irm\u00e3os) tem de partir de um verdadeiro encontro com Jesus e da escuta da Palavra de Jesus. \u00c9 isso que permite encontrar o sentido da nossa a\u00e7\u00e3o e da nossa miss\u00e3o.<\/p>\n<p>A primeira leitura(Cf. Gn 18,1-10a) prop\u00f5e-nos a figura patriarcal de Abra\u00e3o. Nessa figura apresenta-se o modelo do homem que est\u00e1 atento a quem passa, que partilha tudo o que tem com o irm\u00e3o que se atravessa no seu caminho e que encontra no h\u00f3spede que entra na sua tenda a figura do pr\u00f3prio Deus. Sugere-se, em consequ\u00eancia, que Deus n\u00e3o pode deixar de recompensar quem assim procede.<\/p>\n<p>No Evangelho(Cf. Lc 10,38-42), apresenta-se um outro quadro de hospitalidade e de acolhimento de Deus. Mas sugere-se que, para o crist\u00e3o, acolher Deus na sua casa n\u00e3o \u00e9 tanto embarcar num ativismo desenfreado, mas sentar-se aos p\u00e9s de Jesus, escutar as propostas que, n&#8217;Ele, o Pai nos faz e acolher a sua Palavra. \u201cMarta, Marta&#8230;uma s\u00f3 coisas \u00e9 necess\u00e1ria\u201d(Cf. Lc 10, 41-42). Vivemos num mundo globalizado, onde o n\u00famero de coisas \u2013 necess\u00e1rias e desnecess\u00e1rias \u2013 \u00e9 imenso. Mas as leituras de hoje insistem que \u201cquer comamos, quer bebamos, quer fa\u00e7amos qualquer outra coisa\u201d(Cf. 1Cor 10,31), devemos colocar Jesus no centro. Deus se manifesta no h\u00f3spede, no irm\u00e3o e na irm\u00e3. O pr\u00f3ximo que aparece em minha vida sem avisar \u2013 um pobre que bate \u00e0 nossa porta em dificuldades, um patr\u00e3o exigente \u2013 muitas vezes tem uma li\u00e7\u00e3o a nos ensinar \u2013 a de que devemos estar sempre prontos a dar-lhes o \u00fanico necess\u00e1rio, que \u00e9 aquele amor oblativo, que se entrega sem esperar nada em troca. Foi dando-se assim que sara veio a conceber(Cf. Gn 18,10), que Maria concebeu Jesus e que n\u00f3s podemos vir a ter nossas vidas transformadas tamb\u00e9m.<\/p>\n<p>A segunda leitura(Cf. Cl 1,24-28) apresenta-nos a figura de um ap\u00f3stolo (Paulo), para quem Cristo, as suas palavras e as suas propostas s\u00e3o a refer\u00eancia fundamental, o universo \u00e0 volta do qual se constr\u00f3i toda a vida. Para Paulo, o que \u00e9 necess\u00e1rio \u00e9 \u201cacolher Cristo\u201d e construir toda a vida \u00e0 volta dos seus valores. \u00c9 isso que \u00e9 preponderante na experi\u00eancia crist\u00e3.<\/p>\n","protected":false},"excerpt":{"rendered":"<p>As leituras deste domingo convidam-nos a refletir o tema da hospitalidade e do acolhimento. Para mim, no exerc\u00edcio do meu minist\u00e9rio presbiteral e episcopal, sempre pautei a minha a\u00e7\u00e3o pastoral pela hospitalidade e pelo acolhimento de todas as pessoas que batiam em minha porta, particularmente, dos mais pobres e humildes. Acolher o outro e dar-lhe [&hellip;]<\/p>\n","protected":false},"author":1,"featured_media":32785,"comment_status":"open","ping_status":"closed","sticky":false,"template":"","format":"standard","meta":{"footnotes":""},"categories":[9],"tags":[],"class_list":["post-51129","post","type-post","status-publish","format-standard","has-post-thumbnail","hentry","category-artigos"],"_links":{"self":[{"href":"https:\/\/catolicanet.net\/wp-cnet\/wp-json\/wp\/v2\/posts\/51129","targetHints":{"allow":["GET"]}}],"collection":[{"href":"https:\/\/catolicanet.net\/wp-cnet\/wp-json\/wp\/v2\/posts"}],"about":[{"href":"https:\/\/catolicanet.net\/wp-cnet\/wp-json\/wp\/v2\/types\/post"}],"author":[{"embeddable":true,"href":"https:\/\/catolicanet.net\/wp-cnet\/wp-json\/wp\/v2\/users\/1"}],"replies":[{"embeddable":true,"href":"https:\/\/catolicanet.net\/wp-cnet\/wp-json\/wp\/v2\/comments?post=51129"}],"version-history":[{"count":1,"href":"https:\/\/catolicanet.net\/wp-cnet\/wp-json\/wp\/v2\/posts\/51129\/revisions"}],"predecessor-version":[{"id":51130,"href":"https:\/\/catolicanet.net\/wp-cnet\/wp-json\/wp\/v2\/posts\/51129\/revisions\/51130"}],"wp:featuredmedia":[{"embeddable":true,"href":"https:\/\/catolicanet.net\/wp-cnet\/wp-json\/wp\/v2\/media\/32785"}],"wp:attachment":[{"href":"https:\/\/catolicanet.net\/wp-cnet\/wp-json\/wp\/v2\/media?parent=51129"}],"wp:term":[{"taxonomy":"category","embeddable":true,"href":"https:\/\/catolicanet.net\/wp-cnet\/wp-json\/wp\/v2\/categories?post=51129"},{"taxonomy":"post_tag","embeddable":true,"href":"https:\/\/catolicanet.net\/wp-cnet\/wp-json\/wp\/v2\/tags?post=51129"}],"curies":[{"name":"wp","href":"https:\/\/api.w.org\/{rel}","templated":true}]}}