{"id":51050,"date":"2019-07-11T15:44:42","date_gmt":"2019-07-11T18:44:42","guid":{"rendered":"http:\/\/catolicanet.net\/wp-cnet\/?p=51050"},"modified":"2019-07-11T15:44:42","modified_gmt":"2019-07-11T18:44:42","slug":"parolin-tratado-de-latrao-importante-para-a-missao-espiritual-da-igreja","status":"publish","type":"post","link":"https:\/\/catolicanet.net\/wp-cnet\/parolin-tratado-de-latrao-importante-para-a-missao-espiritual-da-igreja\/","title":{"rendered":"Parolin: Tratado de Latr\u00e3o importante para a miss\u00e3o espiritual da Igreja"},"content":{"rendered":"<div class=\"article__subTitle\">O cardeal Secret\u00e1rio de Estado Pietro Parolin escreveu o pref\u00e1cio do livro \u201cTratado de Latr\u00e3o por ocasi\u00e3o do 90\u00ba anivers\u00e1rio (1929-2019)\u201d organizado pelo padre Bernard Ardura. O livro, \u00e9 um estudo pluridisciplinar do acordo assinado entre a It\u00e1lia e a Santa S\u00e9 que reconhecia sua total soberania no Estado do Vaticano e que permitiu o desenvolvimento da sua miss\u00e3o universal<\/div>\n<div class=\"title__separator\"><\/div>\n<div class=\"article__text\">\n<p>\u00a0<b>Cidade do Vaticano<\/b><\/p>\n<p>\u201cA assinatura do Tratado e da Concordata, que regulava a posi\u00e7\u00e3o da religi\u00e3o cat\u00f3lica no Estado, marcaram oficialmente uma etapa decisiva na hist\u00f3ria da rela\u00e7\u00e3o entre It\u00e1lia e a Santa S\u00e9 que at\u00e9 ent\u00e3o eram bastante conflituais\u201d. S\u00e3o palavras do Secret\u00e1rio de Estado do Vaticano, cardeal Pietro Parolin no pref\u00e1cio do livro que recorda os noventa anos da assinatura do Tratado de Latr\u00e3o. O livro foi publicado pelo Pontif\u00edcio Comit\u00ea de Ci\u00eancias Hist\u00f3ricas e organizado pelo padre Bernard Ardura.<\/p>\n<div>\n<div class=\"article__embed article__embed--unwrap article__embed--dark\">\n<div class=\"article__innerTitle\">Ou\u00e7a e compartilhe!<\/div>\n<!--[if lt IE 9]><script>document.createElement('audio');<\/script><![endif]-->\n<audio class=\"wp-audio-shortcode\" id=\"audio-51050-1\" preload=\"none\" style=\"width: 100%;\" controls=\"controls\"><source type=\"audio\/mpeg\" src=\"https:\/\/media.vaticannews.va\/media\/audio\/s1\/2019\/07\/11\/15\/135128996_F135128996.mp3?_=1\" \/><a href=\"https:\/\/media.vaticannews.va\/media\/audio\/s1\/2019\/07\/11\/15\/135128996_F135128996.mp3\">https:\/\/media.vaticannews.va\/media\/audio\/s1\/2019\/07\/11\/15\/135128996_F135128996.mp3<\/a><\/audio>\n<\/div>\n<\/div>\n<h2><b>Consentida a miss\u00e3o universal<\/b><\/h2>\n<p>\u201cO Tratado de Latr\u00e3o [\u2026] concluiu de modo positivo a chamada \u2018quest\u00e3o romana\u2019 e permitiu ao Papa e \u00e0 Santa S\u00e9 a difus\u00e3o universal da miss\u00e3o espiritual que lhe \u00e9 pr\u00f3pria com a necess\u00e1ria e plena liberdade e independ\u00eancia em rela\u00e7\u00e3o a todo poder pol\u00edtico\u201d, escreve Parolin no pref\u00e1cio.<\/p>\n<h2><b>A volta no cen\u00e1rio intenacional<\/b><\/h2>\n<p>\u201cAl\u00e9m disso, com a assinatura do Tratado de Latr\u00e3o \u2013 escreve ainda o cardeal \u2013 a Santa S\u00e9 assume o seu lugar no cen\u00e1rio internacional das na\u00e7\u00f5es e refor\u00e7a a possibilidade de desenvolver a sua subjetividade internacional, j\u00e1 reconhecida de fato e de participar efetivamente nas negocia\u00e7\u00f5es internacionais\u201d. \u201cSe Pio XI foi definido justamente \u2018o Papa das miss\u00f5es\u2019 em parte deve isso \u00e0 possibilidade de agir oficialmente no cen\u00e1rio internacional\u201d.<\/p>\n<h2><b>O tema das rela\u00e7\u00f5es com o \u201cregime fascista\u201d<\/b><\/h2>\n<p>O Secret\u00e1rio de Estado enfrenta tamb\u00e9m a \u201cdelicada quest\u00e3o\u201d \u00e0 qual foi necess\u00e1ria dar uma resposta, \u201cse era o caso de assinar um tratado com a It\u00e1lia governada pelo regime fascista, mesmo com a certeza de que esta concilia\u00e7\u00e3o seria vantajosa para o pr\u00f3prio regime\u201d. Segundo Parolin, Pio XI e o seu secret\u00e1rio de Estado escolheram a ocasi\u00e3o oferecida pelo contexto hist\u00f3rico do momento e \u201capostaram em dar um ordenamento duradouro e org\u00e2nico \u00e0s rela\u00e7\u00f5es Estado-Igreja na It\u00e1lia\u201d. \u201cAmbos pretendiam favorecer um acordo geral com o Estado italiano e, por este motivo, n\u00e3o se deixaram condicionar por considera\u00e7\u00f5es e reservas \u2013 por outro lado compreens\u00edveis \u2013 sobre os reflexos do acordo nas conting\u00eancias daquele per\u00edodo pol\u00edtico, mas apostaram em dar um ordenamento duradouro e org\u00e2nico \u00e0s rela\u00e7\u00f5es Estado-Igreja na It\u00e1lia\u201d, escreve ainda o cardeal.<\/p>\n<h2><b>Tratado incorporado na Constitui\u00e7\u00e3o<\/b><\/h2>\n<p>O cardeal Parolin sublinha tamb\u00e9m que \u201cPio XI foi clarividente e realista\u201d, como confirma a hist\u00f3ria destes noventa anos. Com efeito, o Tratado de Latr\u00e3o foi incorporado na Constitui\u00e7\u00e3o da Rep\u00fablica Italiana, e encontra-se no artigo 7.<\/p>\n<\/div>\n","protected":false},"excerpt":{"rendered":"<p>O cardeal Secret\u00e1rio de Estado Pietro Parolin escreveu o pref\u00e1cio do livro \u201cTratado de Latr\u00e3o por ocasi\u00e3o do 90\u00ba anivers\u00e1rio (1929-2019)\u201d organizado pelo padre Bernard Ardura. O livro, \u00e9 um estudo pluridisciplinar do acordo assinado entre a It\u00e1lia e a Santa S\u00e9 que reconhecia sua total soberania no Estado do Vaticano e que permitiu o [&hellip;]<\/p>\n","protected":false},"author":1,"featured_media":51051,"comment_status":"open","ping_status":"closed","sticky":false,"template":"","format":"standard","meta":{"footnotes":""},"categories":[13],"tags":[],"class_list":["post-51050","post","type-post","status-publish","format-standard","has-post-thumbnail","hentry","category-featured"],"_links":{"self":[{"href":"https:\/\/catolicanet.net\/wp-cnet\/wp-json\/wp\/v2\/posts\/51050","targetHints":{"allow":["GET"]}}],"collection":[{"href":"https:\/\/catolicanet.net\/wp-cnet\/wp-json\/wp\/v2\/posts"}],"about":[{"href":"https:\/\/catolicanet.net\/wp-cnet\/wp-json\/wp\/v2\/types\/post"}],"author":[{"embeddable":true,"href":"https:\/\/catolicanet.net\/wp-cnet\/wp-json\/wp\/v2\/users\/1"}],"replies":[{"embeddable":true,"href":"https:\/\/catolicanet.net\/wp-cnet\/wp-json\/wp\/v2\/comments?post=51050"}],"version-history":[{"count":1,"href":"https:\/\/catolicanet.net\/wp-cnet\/wp-json\/wp\/v2\/posts\/51050\/revisions"}],"predecessor-version":[{"id":51052,"href":"https:\/\/catolicanet.net\/wp-cnet\/wp-json\/wp\/v2\/posts\/51050\/revisions\/51052"}],"wp:featuredmedia":[{"embeddable":true,"href":"https:\/\/catolicanet.net\/wp-cnet\/wp-json\/wp\/v2\/media\/51051"}],"wp:attachment":[{"href":"https:\/\/catolicanet.net\/wp-cnet\/wp-json\/wp\/v2\/media?parent=51050"}],"wp:term":[{"taxonomy":"category","embeddable":true,"href":"https:\/\/catolicanet.net\/wp-cnet\/wp-json\/wp\/v2\/categories?post=51050"},{"taxonomy":"post_tag","embeddable":true,"href":"https:\/\/catolicanet.net\/wp-cnet\/wp-json\/wp\/v2\/tags?post=51050"}],"curies":[{"name":"wp","href":"https:\/\/api.w.org\/{rel}","templated":true}]}}