{"id":51025,"date":"2019-07-11T09:30:56","date_gmt":"2019-07-11T12:30:56","guid":{"rendered":"http:\/\/catolicanet.net\/wp-cnet\/?p=51025"},"modified":"2019-07-11T09:30:56","modified_gmt":"2019-07-11T12:30:56","slug":"daniel-lanca-clipe-gravado-no-santuario-nacional","status":"publish","type":"post","link":"https:\/\/catolicanet.net\/wp-cnet\/daniel-lanca-clipe-gravado-no-santuario-nacional\/","title":{"rendered":"Daniel lan\u00e7a clipe gravado no Santu\u00e1rio Nacional"},"content":{"rendered":"<h2>M\u00fasica \u00e9 uma parceria da TV Aparecida com o artista<\/h2>\n<div class=\"image\" contenteditable=\"false\"><span class=\"image__subtitle\" data-subtitle-origin=\"0\">Clipe foi gravado durante Festival da Padroeira, em outubro do ano passado, em Aparecida<\/span><\/div>\n<p>O cantor Daniel lan\u00e7a nesta sexta-feira (12), nas plataformas digitais, um single gravado no Santu\u00e1rio Nacional, em 2018, durante o Festival da Padroeira. O show em homenagem a Nossa Senhora foi produzido pela TV Aparecida e ser\u00e1 lan\u00e7ado, em breve, como DVD do artista.<\/p>\n<p>Entre as 19 composi\u00e7\u00f5es que foram cantadas no espet\u00e1culo realizado no ano passado, durante o dia 12 de outubro, a can\u00e7\u00e3o Raridade, do compositor Anderson Freire, foi a escolhida para o primeiro lan\u00e7amento nos canais do artista no Youtube, Spotify e Deezer.<\/p>\n<p>Os clipes das demais m\u00fasicas ser\u00e3o apresentados gradativamente ao p\u00fablico, at\u00e9 outubro pr\u00f3ximo, quando o DVD ser\u00e1 lan\u00e7ado oficialmente, em meio \u00e0s festividades em comemora\u00e7\u00e3o pelo dia de Nossa Senhora Aparecida.<\/p>\n<p><b>Tributo \u2013<\/b> Nesta sexta-feira, mesmo dia do lan\u00e7amento do single, Daniel estar\u00e1 presente novamente em Aparecida. Desta vez para conduzir uma homenagem \u00e0 Padroeira do Brasil com a participa\u00e7\u00e3o de Padre Antonio Maria e Mariangela Zan, al\u00e9m dos artistas mirins Yasmin Giacomini e Guilherme Martinez.<\/p>\n<p>A apresenta\u00e7\u00e3o, com entrada gratuita, ser\u00e1 a primeira atividade do tipo realizada dentro da Bas\u00edlica, aos p\u00e9s da Imagem de Nossa Senhora Aparecida. Com in\u00edcio previsto para as 19h, o evento ser\u00e1 transmitido ao vivo pela TV Aparecida e faz parte da programa\u00e7\u00e3o da Romaria da Campanha dos Devotos, atividade que re\u00fane todos os anos os fi\u00e9is que contribuem voluntariamente para a manuten\u00e7\u00e3o do Santu\u00e1rio Nacional.<\/p>\n<p><b>Imprensa \u2013<\/b> Os profissionais de comunica\u00e7\u00e3o interessados na cobertura jornal\u00edstica do Tributo a Nossa Senhora Aparecida devem realizar seu credenciamento at\u00e9 \u00e0s 16h desta sexta-feira (12). O registro de interesse deve ser feito pelo e-mail sala.imprensa@santuarionacional.com, indicando o ve\u00edculo de comunica\u00e7\u00e3o e dados dos profissionais envolvidos na cobertura (nome, fun\u00e7\u00e3o e CPF). Os artistas atender\u00e3o os jornalistas em uma entrevista coletiva \u00e0s 17h, na Sala de Imprensa do Santu\u00e1rio Nacional.<\/p>\n","protected":false},"excerpt":{"rendered":"<p>M\u00fasica \u00e9 uma parceria da TV Aparecida com o artista Clipe foi gravado durante Festival da Padroeira, em outubro do ano passado, em Aparecida O cantor Daniel lan\u00e7a nesta sexta-feira (12), nas plataformas digitais, um single gravado no Santu\u00e1rio Nacional, em 2018, durante o Festival da Padroeira. O show em homenagem a Nossa Senhora foi [&hellip;]<\/p>\n","protected":false},"author":1,"featured_media":51026,"comment_status":"open","ping_status":"closed","sticky":false,"template":"","format":"standard","meta":{"footnotes":""},"categories":[13],"tags":[],"class_list":["post-51025","post","type-post","status-publish","format-standard","has-post-thumbnail","hentry","category-featured"],"_links":{"self":[{"href":"https:\/\/catolicanet.net\/wp-cnet\/wp-json\/wp\/v2\/posts\/51025","targetHints":{"allow":["GET"]}}],"collection":[{"href":"https:\/\/catolicanet.net\/wp-cnet\/wp-json\/wp\/v2\/posts"}],"about":[{"href":"https:\/\/catolicanet.net\/wp-cnet\/wp-json\/wp\/v2\/types\/post"}],"author":[{"embeddable":true,"href":"https:\/\/catolicanet.net\/wp-cnet\/wp-json\/wp\/v2\/users\/1"}],"replies":[{"embeddable":true,"href":"https:\/\/catolicanet.net\/wp-cnet\/wp-json\/wp\/v2\/comments?post=51025"}],"version-history":[{"count":1,"href":"https:\/\/catolicanet.net\/wp-cnet\/wp-json\/wp\/v2\/posts\/51025\/revisions"}],"predecessor-version":[{"id":51027,"href":"https:\/\/catolicanet.net\/wp-cnet\/wp-json\/wp\/v2\/posts\/51025\/revisions\/51027"}],"wp:featuredmedia":[{"embeddable":true,"href":"https:\/\/catolicanet.net\/wp-cnet\/wp-json\/wp\/v2\/media\/51026"}],"wp:attachment":[{"href":"https:\/\/catolicanet.net\/wp-cnet\/wp-json\/wp\/v2\/media?parent=51025"}],"wp:term":[{"taxonomy":"category","embeddable":true,"href":"https:\/\/catolicanet.net\/wp-cnet\/wp-json\/wp\/v2\/categories?post=51025"},{"taxonomy":"post_tag","embeddable":true,"href":"https:\/\/catolicanet.net\/wp-cnet\/wp-json\/wp\/v2\/tags?post=51025"}],"curies":[{"name":"wp","href":"https:\/\/api.w.org\/{rel}","templated":true}]}}