{"id":51019,"date":"2019-07-10T13:50:37","date_gmt":"2019-07-10T16:50:37","guid":{"rendered":"http:\/\/catolicanet.net\/wp-cnet\/?p=51019"},"modified":"2019-07-11T09:10:58","modified_gmt":"2019-07-11T12:10:58","slug":"jovens-forever","status":"publish","type":"post","link":"https:\/\/catolicanet.net\/wp-cnet\/jovens-forever\/","title":{"rendered":"Jovens forever"},"content":{"rendered":"<p>&nbsp;<\/p>\n<p>Uma \u201calma jovem\u201d \u00e9 aquela que nunca perde sua capacidade de acreditar, ter esperan\u00e7a, recome\u00e7ar, \u00a0sonhar e amar. Jovem \u00e9 aquele que todos os dias se encontra com Aquele que \u00e9 sempre jovem e que gera vida e uma vida em abund\u00e2ncia em n\u00f3s.<\/p>\n<p>A <em>Exorta\u00e7\u00e3o Apost\u00f3lica Christus Vivit<\/em> nos mostra claramente que \u201c<em>Cristo Vive: \u00e9 Ele a nossa esperan\u00e7a e a mais bela juventude deste mundo! Tudo o que toca torna-se jovem, fica novo, enche-se de vida. Por isso as primeiras palavras, que quero dirigir a cada jovem crist\u00e3o, s\u00e3o estas: Ele vive e quer-te vivo! Est\u00e1 em ti, est\u00e1 contigo e jamais te deixa. Por mais que te possas afastar, junto de ti est\u00e1 o Ressuscitado, que te chama e espera por ti para recome\u00e7ar. Quando te sentires envelhecido pela tristeza, os rancores, os medos, as d\u00favidas ou os fracassos, Jesus estar\u00e1 a teu lado para te devolver a for\u00e7a e a esperan\u00e7a.\u201d <\/em><\/p>\n<p>Cristo, de forma alguma quer que n\u00f3s deixemos de ser quem somos, mas sim que sejamos aut\u00eanticos, e n\u00e3o meros resultados de opini\u00f5es alheias, de marcas, conceitos e ideologias que querem nos descaracterizar. Cristo quer tirar de n\u00f3s os excessos, aqueles que v\u00e3o roubando nossa liberdade, nossas caracter\u00edsticas, que nos escravizam e nos condicionam. Do contr\u00e1rio, a\u00ed sim corremos o risco de \u201cenvelhecer\u201d, isto \u00e9, viver uma vida velha, que vai nos conduzindo em dire\u00e7\u00e3o a um caminho de morte eterna.<\/p>\n<p>Tamb\u00e9m na <em>Exorta\u00e7\u00e3o Apost\u00f3lica Chritus Vivit<\/em>, dirigida a n\u00f3s jovens, fica evidente o exemplo de tantos jovens da Sagrada Escritura que, como eu e voc\u00ea, tinham semelhantes conflitos, medos, sonhos, frustra\u00e7\u00f5es, desafios. A vida de cada um tem muito a nos ensinar. E Jesus Cristo, o sempre jovem, nos mostra o caminho que nos levar\u00e1 \u00e0 verdadeira realiza\u00e7\u00e3o, e ao encontro das aspira\u00e7\u00f5es mais profundas que trazemos em n\u00f3s.<\/p>\n<p>Precisamos reaprender a sonhar, a acreditar que n\u00f3s jovens somos o \u201cagora de Deus\u201d, e que por isso podemos nos comprometer, sendo corajosos, destemidos, uma juventude que n\u00e3o para e n\u00e3o se deixa paralisar.<\/p>\n<p>O segredo para uma vida frutuosa, fecunda, que flores\u00e7a e n\u00e3o esmore\u00e7a, \u00e9 termos ra\u00edzes, aquelas bem profundas, que nos garantem extrair tudo aquilo que precisamos para nos desenvolver, amadurecer, crescer e frutificar. Estar enraizados em Cristo, onde ent\u00e3o n\u00e3o seremos levados por qualquer ventania contr\u00e1ria que tente nos arrancar e lan\u00e7ar para longe. Deus conta conosco, a Igreja, o Papa confia em n\u00f3s:<\/p>\n<p><em>\u201cQueridos jovens, ficarei feliz vendo-vos correr mais r\u00e1pido do que os lentos e medrosos. Correi atra\u00eddos por aquele Rosto t\u00e3o amado, que adoramos na sagrada Eucaristia e reconhecemos na carne do irm\u00e3o que sofre. O Esp\u00edrito Santo vos impulsione nesta corrida para a frente. A Igreja precisa do vosso \u00edmpeto, das vossas intui\u00e7\u00f5es, da vossa f\u00e9. N\u00f3s temos necessidade disto! E quando chegardes aonde n\u00f3s ainda n\u00e3o chegamos, tende a paci\u00eancia de esperar por n\u00f3s.\u201d <\/em><\/p>\n<p><strong><em>* Tiago Marcon<\/em><\/strong><em> \u00e9 mission\u00e1rio celibat\u00e1rio da Comunidade Can\u00e7\u00e3o Nova, apresentador do programa de TV \u201cRevolu\u00e7\u00e3o Jesus\u201d e autor dos livros: \u201cEm busca do Reino de Uran\u00f4n\u201d, \u201cA normal vida secreta de um jovem\u201d e \u201cOs Castos e os Gastos \u2013 Descubra os ganhos e as perdas da castidade.<\/em><\/p>\n","protected":false},"excerpt":{"rendered":"<p>&nbsp; Uma \u201calma jovem\u201d \u00e9 aquela que nunca perde sua capacidade de acreditar, ter esperan\u00e7a, recome\u00e7ar, \u00a0sonhar e amar. Jovem \u00e9 aquele que todos os dias se encontra com Aquele que \u00e9 sempre jovem e que gera vida e uma vida em abund\u00e2ncia em n\u00f3s. A Exorta\u00e7\u00e3o Apost\u00f3lica Christus Vivit nos mostra claramente que \u201cCristo [&hellip;]<\/p>\n","protected":false},"author":1,"featured_media":51020,"comment_status":"open","ping_status":"closed","sticky":false,"template":"","format":"standard","meta":{"footnotes":""},"categories":[9],"tags":[],"class_list":["post-51019","post","type-post","status-publish","format-standard","has-post-thumbnail","hentry","category-artigos"],"_links":{"self":[{"href":"https:\/\/catolicanet.net\/wp-cnet\/wp-json\/wp\/v2\/posts\/51019","targetHints":{"allow":["GET"]}}],"collection":[{"href":"https:\/\/catolicanet.net\/wp-cnet\/wp-json\/wp\/v2\/posts"}],"about":[{"href":"https:\/\/catolicanet.net\/wp-cnet\/wp-json\/wp\/v2\/types\/post"}],"author":[{"embeddable":true,"href":"https:\/\/catolicanet.net\/wp-cnet\/wp-json\/wp\/v2\/users\/1"}],"replies":[{"embeddable":true,"href":"https:\/\/catolicanet.net\/wp-cnet\/wp-json\/wp\/v2\/comments?post=51019"}],"version-history":[{"count":1,"href":"https:\/\/catolicanet.net\/wp-cnet\/wp-json\/wp\/v2\/posts\/51019\/revisions"}],"predecessor-version":[{"id":51021,"href":"https:\/\/catolicanet.net\/wp-cnet\/wp-json\/wp\/v2\/posts\/51019\/revisions\/51021"}],"wp:featuredmedia":[{"embeddable":true,"href":"https:\/\/catolicanet.net\/wp-cnet\/wp-json\/wp\/v2\/media\/51020"}],"wp:attachment":[{"href":"https:\/\/catolicanet.net\/wp-cnet\/wp-json\/wp\/v2\/media?parent=51019"}],"wp:term":[{"taxonomy":"category","embeddable":true,"href":"https:\/\/catolicanet.net\/wp-cnet\/wp-json\/wp\/v2\/categories?post=51019"},{"taxonomy":"post_tag","embeddable":true,"href":"https:\/\/catolicanet.net\/wp-cnet\/wp-json\/wp\/v2\/tags?post=51019"}],"curies":[{"name":"wp","href":"https:\/\/api.w.org\/{rel}","templated":true}]}}