{"id":50994,"date":"2019-07-10T13:19:23","date_gmt":"2019-07-10T16:19:23","guid":{"rendered":"http:\/\/catolicanet.net\/wp-cnet\/?p=50994"},"modified":"2019-07-10T13:19:23","modified_gmt":"2019-07-10T16:19:23","slug":"a-incrivel-historia-da-mulher-do-milagre-que-fara-santo-o-cardeal-newman","status":"publish","type":"post","link":"https:\/\/catolicanet.net\/wp-cnet\/a-incrivel-historia-da-mulher-do-milagre-que-fara-santo-o-cardeal-newman\/","title":{"rendered":"A incr\u00edvel hist\u00f3ria da mulher do milagre que far\u00e1 santo o Cardeal Newman"},"content":{"rendered":"<p>Melissa Villalobos, uma mulher de Chicago (Estados Unidos), contou todos os detalhes sobre a cura milagrosa que recebeu por intercess\u00e3o do beato John Henry Newman, o famoso cardeal brit\u00e2nico que ser\u00e1 declarado santo em outubro.<\/p>\n<p>Em declara\u00e7\u00f5es ao jornal \u2018Chicago Catholic\u2019, a mulher de 42 anos conta que a sua primeira aproxima\u00e7\u00e3o ao Cardeal Newman aconteceu em 2000, quando viu o programa &#8220;Newman 2000&#8221;, de EWTN, que apresentava acad\u00eamicos e sacerdotes falando sobre o seu grande trabalho e legado. No entanto, sua devo\u00e7\u00e3o pelo Purpurado come\u00e7ou alguns anos depois.<\/p>\n<p>&#8220;Passando para o ano de 2011, meu marido trouxe para casa alguns santinhos com a foto do Cardeal Newman. Coloquei um na sala de estar e outro no nosso quarto. Fazia pequenas ora\u00e7\u00f5es pelas necessidades de nossa fam\u00edlia naquele momento: os filhos, meu marido e eu. Realmente comecei a desenvolver um di\u00e1logo muito constante com ele&#8221;, narrou a m\u00e3e de sete filhos e profissional da Faculdade de Direito da Universidade Northwestern.<\/p>\n<p>Aquelas ora\u00e7\u00f5es foram as que, em 2013, desencadeariam um milagre. Naquela \u00e9poca, Melissa come\u00e7ou a sofrer um sangramento durante o primeiro trimestre (da 1\u00aa \u00e0 12\u00aa semana) de uma gesta\u00e7\u00e3o. At\u00e9 ent\u00e3o, a m\u00e3e tinha filhos de 6, 5, 3 e 1 ano e havia sofrido um aborto espont\u00e2neo em uma gravidez anterior.<\/p>\n<p>&#8220;Comecei a sangrar na minha gravidez e estava perdendo muito sangue. Quando fui ao m\u00e9dico, ele fez uma ultrassonografia e disse que a placenta havia deslocado parcialmente da parede uterina, por isso havia um furo na placenta e esse orif\u00edcio permitia que o sangue escapasse\u201d, descreveu ao meio de comunica\u00e7\u00e3o local.<\/p>\n<p>Informou-se que Melissa tamb\u00e9m desenvolveu um hematoma cori\u00f4nico, um co\u00e1gulo de sangue na membrana ao redor do embri\u00e3o, que era duas vezes maior do que este. Devido \u00e0 sua condi\u00e7\u00e3o e fase da gravidez, os m\u00e9dicos recomendaram apenas repouso na cama.<\/p>\n<p>&#8220;N\u00e3o havia nenhum medicamento ou procedimento que pud\u00e9ssemos fazer para fechar isso. Definitivamente estava nervosa de que at\u00e9 mesmo um espirro fora de lugar pudesse acabar com a gravidez e com a vida do meu filho&#8221;, disse Melissa.<\/p>\n<p>A m\u00e3e conta que isso aconteceu em maio. O nascimento do beb\u00ea deveria ocorrer em janeiro do ano seguinte.<\/p>\n<p>\u2018Chicago Catholic\u2019 detalha que em uma sexta-feira, 10 de maio de 2013, Melissa foi para a sala de emerg\u00eancias porque o sangramento piorou e o m\u00e9dico pediu novamente um repouso absoluto. Tamb\u00e9m lhe indicou que era muito prov\u00e1vel que acontecesse um aborto espont\u00e2neo e que, se o beb\u00ea sobrevivesse, nasceria prematuro.<\/p>\n<p>Melissa voltou para casa e passou o fim de semana na cama, mas n\u00e3o houve melhora.<\/p>\n<p>&#8220;A hemorragia continuava. N\u00e3o estava diminuindo. Pensei: &#8216;Meu Deus, quanto mais eu posso resistir? O que mais posso fazer?\u2019&#8221;, recordou a m\u00e3e.<\/p>\n<p>Outra dificuldade surgiu quando o marido de Melissa, David, teve que fazer uma viagem de neg\u00f3cios por v\u00e1rios dias a partir da quarta-feira seguinte, 15 de maio de 2013.<\/p>\n<p>&#8220;Na quarta-feira de manh\u00e3 eu acordei na cama em uma po\u00e7a de sangue. Meu marido j\u00e1 estava em um avi\u00e3o a caminho de Atlanta&#8221;, contou Melissa.<\/p>\n<p>Ela n\u00e3o ligou para a ambul\u00e2ncia porque n\u00e3o sabia quem cuidaria de seus filhos se a internassem em um hospital.<\/p>\n<p>&#8220;Sabia em meu cora\u00e7\u00e3o que eu n\u00e3o tinha muitas op\u00e7\u00f5es aqui, mas eu faria o meu melhor esfor\u00e7o&#8221;, disse.<\/p>\n<p>Nas primeiras horas da manh\u00e3, Melissa levantou-se e preparou o caf\u00e9 da manh\u00e3 r\u00e1pido para seus filhos pequenos; depois, pediu para eles n\u00e3o se levantarem da mesa.<\/p>\n<p>&#8220;Meu medo era que sa\u00edssem de seus lugares e se machucassem. N\u00e3o estava em condi\u00e7\u00e3o de lhes dar aten\u00e7\u00e3o, ou que se aproximassem e me vissem sangrando tanto. N\u00e3o queria traumatiz\u00e1-los\u201d, narrou.<\/p>\n<p>Em seguida, Melissa subiu as escadas para o seu quarto, entrou no banheiro e fechou as portas de ambos os c\u00f4modos para esconder o novo sangramento.<\/p>\n<p>&#8220;O sangramento foi terr\u00edvel porque eu tinha acabado de subir as escadas, o que eu realmente n\u00e3o deveria ter feito. Eu ca\u00ed no ch\u00e3o do banheiro por causa da fraqueza e do desespero&#8221;, descreveu.<\/p>\n<p>Melissa ficou l\u00e1 pensando em chamar a ambul\u00e2ncia, mas percebeu que n\u00e3o tinha o celular. Tamb\u00e9m sabia que a for\u00e7a que faria quando gritasse causaria mais dano e sangramento. Nenhum de seus filhos podia escutar e levar seu celular para pedir ajuda.<\/p>\n<p>Diante do terror que vivia, Melissa optou por uma ora\u00e7\u00e3o.<\/p>\n<p>&#8220;Ent\u00e3o eu disse: &#8216;Por favor, Cardeal Newman, detenha o sangramento&#8217;. Essas foram minhas palavras exatas. Nesse momento, assim que terminei a frase, o sangramento parou\u201d.<\/p>\n<p>Melissa se levantou do ch\u00e3o e verificou que n\u00e3o havia mais sangramento e disse: \u201cObrigada, Cardeal Newman. Obrigada&#8221;. Naquele momento, a m\u00e3e afirmou que um aroma muito forte de rosas se espalhou pelo banheiro.<\/p>\n<p>&#8220;Ent\u00e3o o cheiro parou e eu disse retoricamente: &#8216;Cardeal Newman, voc\u00ea fez essas rosas? Obrigada\u2019. E ent\u00e3o houve uma segunda explos\u00e3o de rosas. Eu sabia que era ele&#8221;, disse.<\/p>\n<p>Melissa explicou que, instintivamente, sabia que ela e seu beb\u00ea estavam bem. Imediatamente, se apressou e desceu para ver seus outros filhos. Ficaram quietos e os viu ainda sentados \u00e0 mesa.<\/p>\n<p>&#8220;Eu pensei naquele momento: &#8216;Oh meu Deus! Meu beb\u00ea est\u00e1 bem. Estou bem. Meus quatro filhos est\u00e3o bem. Estamos todos bem&#8217;. E eu disse: \u2018Obrigada, Cardeal Newman\u2019&#8221;, narrou.<\/p>\n<p>Ent\u00e3o, foi quando sentiu o cheiro das rosas pela terceira vez e perguntou aos seus filhos se eles tamb\u00e9m podiam sentir o aroma, mas eles n\u00e3o podiam.<\/p>\n<p>Naquela tarde, a cura de Melissa foi confirmada em um ultrassom. O m\u00e9dico lhe disse que tudo estava &#8220;perfeito&#8221; e que n\u00e3o havia mais buracos na placenta.<\/p>\n<p>&#8220;Eu pude retomar minha vida ativa como m\u00e3e. Tinha deixado de ser uma m\u00e3e normal. Sentia saudades de meus filhos, especialmente de meu filho de um ano\u201d, continuou.<\/p>\n<p>O beb\u00ea que levava em seu ventre acabou sendo uma menininha, a quem colocou o nome de Gemma. Nasceu em 27 de dezembro de 2013, completamente saud\u00e1vel.<\/p>\n<p>Melissa esperou at\u00e9 que Gemma nascesse para informar seu caso \u00e0 causa de canoniza\u00e7\u00e3o do Cardeal Newman. Em 2014, representantes da causa visitaram Chicago e se encontraram com a fam\u00edlia.<\/p>\n<p>A causa iniciou o processo formal com os funcion\u00e1rios da Arquidiocese de Chicago e continuou em Roma com novas investiga\u00e7\u00f5es. O resultado foi revelado em 13 de fevereiro, quando o Papa Francisco anunciou que esse milagre foi aceito e que o Cardeal Newman seria canonizado.<\/p>\n<p>&#8220;Isso faz com que eu me sinta cheia de alegria e gratid\u00e3o, mas tamb\u00e9m quero ter certeza de que sirvo a Deus tanto quanto posso em minha vida, sabendo que Ele me deu essa cura, n\u00e3o quero desperdi\u00e7\u00e1-la. Quero estar a servi\u00e7o dos outros e de meus filhos e marido, e realmente expressar meu amor por eles e pelas pessoas em minha vida, tanto quanto posso e sempre que posso&#8221;, expressou Melissa.<\/p>\n<p>Finalmente, afirma que foi curada &#8220;pela intercess\u00e3o de Newman para poder continuar uma vida ordin\u00e1ria, se assim o deseja, mas ao mesmo tempo ser completamente dedicada a ele e especialmente a Deus e \u00e0 nossa igreja&#8221;.<\/p>\n","protected":false},"excerpt":{"rendered":"<p>Melissa Villalobos, uma mulher de Chicago (Estados Unidos), contou todos os detalhes sobre a cura milagrosa que recebeu por intercess\u00e3o do beato John Henry Newman, o famoso cardeal brit\u00e2nico que ser\u00e1 declarado santo em outubro. Em declara\u00e7\u00f5es ao jornal \u2018Chicago Catholic\u2019, a mulher de 42 anos conta que a sua primeira aproxima\u00e7\u00e3o ao Cardeal Newman [&hellip;]<\/p>\n","protected":false},"author":1,"featured_media":50995,"comment_status":"open","ping_status":"closed","sticky":false,"template":"","format":"standard","meta":{"footnotes":""},"categories":[4],"tags":[],"class_list":["post-50994","post","type-post","status-publish","format-standard","has-post-thumbnail","hentry","category-cotidiano"],"_links":{"self":[{"href":"https:\/\/catolicanet.net\/wp-cnet\/wp-json\/wp\/v2\/posts\/50994","targetHints":{"allow":["GET"]}}],"collection":[{"href":"https:\/\/catolicanet.net\/wp-cnet\/wp-json\/wp\/v2\/posts"}],"about":[{"href":"https:\/\/catolicanet.net\/wp-cnet\/wp-json\/wp\/v2\/types\/post"}],"author":[{"embeddable":true,"href":"https:\/\/catolicanet.net\/wp-cnet\/wp-json\/wp\/v2\/users\/1"}],"replies":[{"embeddable":true,"href":"https:\/\/catolicanet.net\/wp-cnet\/wp-json\/wp\/v2\/comments?post=50994"}],"version-history":[{"count":1,"href":"https:\/\/catolicanet.net\/wp-cnet\/wp-json\/wp\/v2\/posts\/50994\/revisions"}],"predecessor-version":[{"id":50996,"href":"https:\/\/catolicanet.net\/wp-cnet\/wp-json\/wp\/v2\/posts\/50994\/revisions\/50996"}],"wp:featuredmedia":[{"embeddable":true,"href":"https:\/\/catolicanet.net\/wp-cnet\/wp-json\/wp\/v2\/media\/50995"}],"wp:attachment":[{"href":"https:\/\/catolicanet.net\/wp-cnet\/wp-json\/wp\/v2\/media?parent=50994"}],"wp:term":[{"taxonomy":"category","embeddable":true,"href":"https:\/\/catolicanet.net\/wp-cnet\/wp-json\/wp\/v2\/categories?post=50994"},{"taxonomy":"post_tag","embeddable":true,"href":"https:\/\/catolicanet.net\/wp-cnet\/wp-json\/wp\/v2\/tags?post=50994"}],"curies":[{"name":"wp","href":"https:\/\/api.w.org\/{rel}","templated":true}]}}