{"id":50967,"date":"2019-07-10T09:31:40","date_gmt":"2019-07-10T12:31:40","guid":{"rendered":"http:\/\/catolicanet.net\/wp-cnet\/?p=50967"},"modified":"2019-07-10T09:31:40","modified_gmt":"2019-07-10T12:31:40","slug":"colombia-centenario-da-coroacao-da-padroeira","status":"publish","type":"post","link":"https:\/\/catolicanet.net\/wp-cnet\/colombia-centenario-da-coroacao-da-padroeira\/","title":{"rendered":"Col\u00f4mbia: centen\u00e1rio da coroa\u00e7\u00e3o da Padroeira"},"content":{"rendered":"<div class=\"article__subTitle\">Celebra-se nestes dias na Col\u00f4mbia o centen\u00e1rio da coroa\u00e7\u00e3o de \u201cNossa Senhora do Ros\u00e1rio de Chiquinquir\u00e1\u201d Padroeira da Col\u00f4mbia. O Enviado Especial do Papa \u00e9 o cardeal Raymundo Damasceno Assis, arcebispo em\u00e9rito de Aparecida<\/div>\n<div class=\"title__separator\"><\/div>\n<div class=\"article__text\">\n<p><b>Cidade do Vaticano<\/b><\/p>\n<p>Nossa Senhora do Ros\u00e1rio de Chiquinquir\u00e1: esse \u00e9 o nome com o qual \u00e9 venerada Maria em v\u00e1rias localidades da Am\u00e9rica Latina. O nome est\u00e1 ligado \u00e0 pintura conservada na Bas\u00edlica de Nossa Senhora do Ros\u00e1rio de Chiquinquir\u00e1, na diocese colombiana do mesmo nome. Realizado por Alonso de Narv\u00e1ez sobre uma tela de algod\u00e3o segundo as t\u00e9cnicas usadas pelos \u00edndios entre 1560 e 1562, representa um dos mais antigos testemunhos da arte religiosa crist\u00e3 na Col\u00f4mbia.<\/p>\n<div>\n<div class=\"article__embed article__embed--unwrap article__embed--dark\">\n<div class=\"article__innerTitle\">Ou\u00e7a e compartilhe!<\/div>\n<!--[if lt IE 9]><script>document.createElement('audio');<\/script><![endif]-->\n<audio class=\"wp-audio-shortcode\" id=\"audio-50967-1\" preload=\"none\" style=\"width: 100%;\" controls=\"controls\"><source type=\"audio\/mpeg\" src=\"https:\/\/media.vaticannews.va\/media\/audio\/s1\/2019\/07\/10\/08\/135126447_F135126447.mp3?_=1\" \/><a href=\"https:\/\/media.vaticannews.va\/media\/audio\/s1\/2019\/07\/10\/08\/135126447_F135126447.mp3\">https:\/\/media.vaticannews.va\/media\/audio\/s1\/2019\/07\/10\/08\/135126447_F135126447.mp3<\/a><\/audio>\n<\/div>\n<\/div>\n<h2><b>A origem da devo\u00e7\u00e3o<\/b><\/h2>\n<p>A hist\u00f3ria da devo\u00e7\u00e3o remonta ao s\u00e9culo XVI, in\u00edcio das expedi\u00e7\u00f5es dos conquistadores no Novo Mundo. Em 1560, o espanhol Antonio de Santana recebeu em \u201cencomienda\u201d \u2013 um sistema com o qual eram confiados a um colono espanhol inteiros vilarejos e territ\u00f3rios \u2013 a \u00e1rea ao redor da cidade de Chiquinquir\u00e1. Santana mandou construir v\u00e1rios edif\u00edcios, habita\u00e7\u00f5es para os \u00edndios e escravos e uma capela para as fun\u00e7\u00f5es religiosas.<\/p>\n<p>Na ocasi\u00e3o pediu ao frade dominicano, Andres Jadraque, uma imagem da Virgem Maria. O dominicano encarregou o pintor espanhol Alonso Narv\u00e1ez de pintar uma imagem da Virgem do Ros\u00e1rio. Em 1563 a imagem sacra, pintada em tela de algod\u00e3o segundo a arte \u00edndia, foi colocada na capela.<\/p>\n<h2><b>O milagre da tela<\/b><\/h2>\n<p>O pequeno edif\u00edcio, com o teto de palha, depois de poucos anos foi se deteriorando assim como a tela. No dia 26 de dezembro de 1586 verificou-se o evento prodigioso conhecido como \u201cRenovaci\u00f3n\u201d. Mar\u00eda Ramos propriet\u00e1ria da tela por heran\u00e7a, junto com a \u00edndia crist\u00e3 Isabel, conduzindo seu filho o menino mesti\u00e7o Miguel, s\u00e3o testemunhas da Virgem espargindo um esplendor celestial que enchia toda a capela e com assombro viram a transforma\u00e7\u00e3o que se havia operado na pintura, \u201ct\u00e3o l\u00facida e renovada de cores alegres e celestiais, que era uma gl\u00f3ria v\u00ea-la\u201d. Tudo isso sem qualquer interven\u00e7\u00e3o humana de restaura\u00e7\u00e3o.<\/p>\n<p>O fato prodigioso se espalhou pela vizinhan\u00e7a. Come\u00e7ou a afluir gente de todas as partes. A informa\u00e7\u00e3o n\u00e3o tardou a chegar aos ouvidos da autoridade eclesi\u00e1stica. O arcebispo de Bogot\u00e1 Lu\u00eds Zapata de C\u00e1rdenas, ordenou a constru\u00e7\u00e3o de uma igreja em Renovaci\u00f3n. No in\u00edcio do s\u00e9culo XIX, decidiram construir em um local menos exposto aos frequentes terremotos, uma igreja para a imagem milagrosa. Trata-se da atual Bas\u00edlica de Nossa Senhora do Ros\u00e1rio. A coroa\u00e7\u00e3o can\u00f4nica da sagrada imagem ocorreu em 1919.<\/p>\n<h2><b>Os Papas<\/b><\/h2>\n<p>Em 1829, Papa Pio VII a declarou Padroeira da Col\u00f4mbia. Noventa anos mais tarde, a pintura de Nossa Senhora de Chiquinquir\u00e1 foi coroada solene e canonicamente, era o dia 9 de julho de 1919 na catedral de Bogot\u00e1, na presen\u00e7a do presidente da Rep\u00fablica, de autoridades eclesi\u00e1sticas, civis e militares, bem como de multid\u00e3o incalcul\u00e1vel de fi\u00e9is. Em 1927, Pio XI concedeu ao santu\u00e1rio o t\u00edtulo e os privil\u00e9gios de Bas\u00edlica Menor.<\/p>\n<p>Em 1968 o Papa Paulo VI visitou o Santu\u00e1rio e em 1977 a S\u00e9 Apost\u00f3lica erigiu a cidade de Chiquinquir\u00e1 como diocese.<\/p>\n<p>Em 1986 o Papa Jo\u00e3o Paulo II esteve na Col\u00f4mbia, ocasi\u00e3o em que visitou o santu\u00e1rio como peregrino. Papa Francisco foi o terceiro Pont\u00edfice a visitar o Santu\u00e1rio consagrando a na\u00e7\u00e3o \u00e0 Nossa Senhora do Ros\u00e1rio de Chiquinquir\u00e1.<\/p>\n<p>&nbsp;<\/p>\n<\/div>\n","protected":false},"excerpt":{"rendered":"<p>Celebra-se nestes dias na Col\u00f4mbia o centen\u00e1rio da coroa\u00e7\u00e3o de \u201cNossa Senhora do Ros\u00e1rio de Chiquinquir\u00e1\u201d Padroeira da Col\u00f4mbia. O Enviado Especial do Papa \u00e9 o cardeal Raymundo Damasceno Assis, arcebispo em\u00e9rito de Aparecida Cidade do Vaticano Nossa Senhora do Ros\u00e1rio de Chiquinquir\u00e1: esse \u00e9 o nome com o qual \u00e9 venerada Maria em v\u00e1rias [&hellip;]<\/p>\n","protected":false},"author":1,"featured_media":50968,"comment_status":"open","ping_status":"closed","sticky":false,"template":"","format":"standard","meta":{"footnotes":""},"categories":[3],"tags":[],"class_list":["post-50967","post","type-post","status-publish","format-standard","has-post-thumbnail","hentry","category-vaticano"],"_links":{"self":[{"href":"https:\/\/catolicanet.net\/wp-cnet\/wp-json\/wp\/v2\/posts\/50967","targetHints":{"allow":["GET"]}}],"collection":[{"href":"https:\/\/catolicanet.net\/wp-cnet\/wp-json\/wp\/v2\/posts"}],"about":[{"href":"https:\/\/catolicanet.net\/wp-cnet\/wp-json\/wp\/v2\/types\/post"}],"author":[{"embeddable":true,"href":"https:\/\/catolicanet.net\/wp-cnet\/wp-json\/wp\/v2\/users\/1"}],"replies":[{"embeddable":true,"href":"https:\/\/catolicanet.net\/wp-cnet\/wp-json\/wp\/v2\/comments?post=50967"}],"version-history":[{"count":1,"href":"https:\/\/catolicanet.net\/wp-cnet\/wp-json\/wp\/v2\/posts\/50967\/revisions"}],"predecessor-version":[{"id":50969,"href":"https:\/\/catolicanet.net\/wp-cnet\/wp-json\/wp\/v2\/posts\/50967\/revisions\/50969"}],"wp:featuredmedia":[{"embeddable":true,"href":"https:\/\/catolicanet.net\/wp-cnet\/wp-json\/wp\/v2\/media\/50968"}],"wp:attachment":[{"href":"https:\/\/catolicanet.net\/wp-cnet\/wp-json\/wp\/v2\/media?parent=50967"}],"wp:term":[{"taxonomy":"category","embeddable":true,"href":"https:\/\/catolicanet.net\/wp-cnet\/wp-json\/wp\/v2\/categories?post=50967"},{"taxonomy":"post_tag","embeddable":true,"href":"https:\/\/catolicanet.net\/wp-cnet\/wp-json\/wp\/v2\/tags?post=50967"}],"curies":[{"name":"wp","href":"https:\/\/api.w.org\/{rel}","templated":true}]}}