{"id":50964,"date":"2019-07-10T09:27:02","date_gmt":"2019-07-10T12:27:02","guid":{"rendered":"http:\/\/catolicanet.net\/wp-cnet\/?p=50964"},"modified":"2019-07-10T09:27:02","modified_gmt":"2019-07-10T12:27:02","slug":"jmj-lisboa-2022-ira-promover-o-respeito-pelo-meio-ambiente","status":"publish","type":"post","link":"https:\/\/catolicanet.net\/wp-cnet\/jmj-lisboa-2022-ira-promover-o-respeito-pelo-meio-ambiente\/","title":{"rendered":"JMJ Lisboa 2022 ir\u00e1 promover o respeito pelo meio ambiente"},"content":{"rendered":"<p>A Jornada Mundial da Juventude (JMJ) 2022, que acontecer\u00e1 em Lisboa, Portugal, j\u00e1 tem definido, al\u00e9m do local e tema, tamb\u00e9m aquilo que ser\u00e1 \u201cum marco\u201d para este evento, isto \u00e9, o respeito pelo meio ambiente.<\/p>\n<p>Em entrevista \u00e0 Ag\u00eancia Ecclesia, do episcopado portugu\u00eas, o Bispo auxiliar de Lisboa e coordenador-geral do Comit\u00e9 Organizador Local da JMJ 2022, Dom Am\u00e9rico Aguiar, expressou o desejo de que \u201ca Jornada Mundial da Juventude seja \u00edcone, seja uma refer\u00eancia, um marco para tudo aquilo que possa desenvolver e colocar ao servi\u00e7o de todos\u201d em rela\u00e7\u00e3o \u201cao respeito pela ecologia\u201d.<\/p>\n<p>Desse modo, explicou que, para a JMJ Lisboa 2022, j\u00e1 est\u00e3o trabalhando algumas possibilidades, como por exemplo, \u201cnaquilo que significam as bebidas\u201d que ser\u00e3o consumidas pelos jovens.<\/p>\n<p>\u201cN\u00f3s queremos trabalhar, quer com as empresas de embalagens, quer com as empresas que produzem as bebidas, para que em agosto de 2022 possamos ter novidades para o mundo inteiro, aplicadas exatamente \u00e0 Jornada Mundial da Juventude, sem pl\u00e1sticos\u201d, indicou.<\/p>\n<p>Al\u00e9m disso, contou que \u201ca Santa S\u00e9 deseja e n\u00f3s acolhemos esse prop\u00f3sito de, por exemplo, os eventos principais serem em um \u00fanico espa\u00e7o, para n\u00e3o duplicarmos gastos nem duplicarmos tamb\u00e9m ecologicamente mais peso \u00e0quilo que \u00e9 a acolhida a todas as centenas de milhares de pessoas\u201d.<\/p>\n<p>Dom Am\u00e9rico Aguiar assinalou que \u201co Papa recolocou na agenda mundial midi\u00e1tica a quest\u00e3o do ambiente, com a Laudato si\u201d, dando espa\u00e7o e \u201ccoragem\u201d para que \u201coutros agentes pudessem retomar essa bandeira da luta pela defesa do ambiente\u201d.<\/p>\n<p>Tamb\u00e9m \u00e0 Ag\u00eancia Ecclesia, em 22 de junho, Dom Am\u00e9rico j\u00e1 havia ressaltado esse car\u00e1ter da Jornada, ao destacar o \u201cgrito profundo da juventude\u201d no que diz respeito \u00e0s mudan\u00e7as clim\u00e1ticas.<\/p>\n<p>\u201cA quest\u00e3o ambiental, que estava t\u00e3o esquecida, foi o pr\u00f3prio Papa que a colocou no \u2018prime-time\u2019 das preocupa\u00e7\u00f5es mundiais. A juventude acolheu com muito carinho essa audi\u00eancia e toma como sua essa mensagem, de cuidado pela casa comum\u201d, declarou.<\/p>\n<p>Nesse sentido, sublinhou que a JMJ Lisboa 2022 \u201cter\u00e1 de ser, obrigatoriamente, significativa e exemplar no que diz respeito ao cuidado pela casa comum e a sinais muito significativos, da parte dessas centenas de milhares de jovens\u201d.<\/p>\n","protected":false},"excerpt":{"rendered":"<p>A Jornada Mundial da Juventude (JMJ) 2022, que acontecer\u00e1 em Lisboa, Portugal, j\u00e1 tem definido, al\u00e9m do local e tema, tamb\u00e9m aquilo que ser\u00e1 \u201cum marco\u201d para este evento, isto \u00e9, o respeito pelo meio ambiente. Em entrevista \u00e0 Ag\u00eancia Ecclesia, do episcopado portugu\u00eas, o Bispo auxiliar de Lisboa e coordenador-geral do Comit\u00e9 Organizador Local [&hellip;]<\/p>\n","protected":false},"author":1,"featured_media":50965,"comment_status":"open","ping_status":"closed","sticky":false,"template":"","format":"standard","meta":{"footnotes":""},"categories":[13],"tags":[],"class_list":["post-50964","post","type-post","status-publish","format-standard","has-post-thumbnail","hentry","category-featured"],"_links":{"self":[{"href":"https:\/\/catolicanet.net\/wp-cnet\/wp-json\/wp\/v2\/posts\/50964","targetHints":{"allow":["GET"]}}],"collection":[{"href":"https:\/\/catolicanet.net\/wp-cnet\/wp-json\/wp\/v2\/posts"}],"about":[{"href":"https:\/\/catolicanet.net\/wp-cnet\/wp-json\/wp\/v2\/types\/post"}],"author":[{"embeddable":true,"href":"https:\/\/catolicanet.net\/wp-cnet\/wp-json\/wp\/v2\/users\/1"}],"replies":[{"embeddable":true,"href":"https:\/\/catolicanet.net\/wp-cnet\/wp-json\/wp\/v2\/comments?post=50964"}],"version-history":[{"count":1,"href":"https:\/\/catolicanet.net\/wp-cnet\/wp-json\/wp\/v2\/posts\/50964\/revisions"}],"predecessor-version":[{"id":50966,"href":"https:\/\/catolicanet.net\/wp-cnet\/wp-json\/wp\/v2\/posts\/50964\/revisions\/50966"}],"wp:featuredmedia":[{"embeddable":true,"href":"https:\/\/catolicanet.net\/wp-cnet\/wp-json\/wp\/v2\/media\/50965"}],"wp:attachment":[{"href":"https:\/\/catolicanet.net\/wp-cnet\/wp-json\/wp\/v2\/media?parent=50964"}],"wp:term":[{"taxonomy":"category","embeddable":true,"href":"https:\/\/catolicanet.net\/wp-cnet\/wp-json\/wp\/v2\/categories?post=50964"},{"taxonomy":"post_tag","embeddable":true,"href":"https:\/\/catolicanet.net\/wp-cnet\/wp-json\/wp\/v2\/tags?post=50964"}],"curies":[{"name":"wp","href":"https:\/\/api.w.org\/{rel}","templated":true}]}}