{"id":50958,"date":"2019-07-10T09:20:40","date_gmt":"2019-07-10T12:20:40","guid":{"rendered":"http:\/\/catolicanet.net\/wp-cnet\/?p=50958"},"modified":"2019-07-10T09:20:40","modified_gmt":"2019-07-10T12:20:40","slug":"comissao-para-cultura-e-educacao-atua-na-articulacao-das-atividades-evangelizadoras-da-igreja","status":"publish","type":"post","link":"https:\/\/catolicanet.net\/wp-cnet\/comissao-para-cultura-e-educacao-atua-na-articulacao-das-atividades-evangelizadoras-da-igreja\/","title":{"rendered":"Comiss\u00e3o para Cultura e Educa\u00e7\u00e3o atua na articula\u00e7\u00e3o das atividades evangelizadoras da Igreja"},"content":{"rendered":"<p>A Comiss\u00e3o Episcopal Pastoral para a Cultura e Educa\u00e7\u00e3o da Confer\u00eancia Nacional dos Bispos do Brasil (CNBB) tem a miss\u00e3o de evangelizar no mundo da cultura e da educa\u00e7\u00e3o no pa\u00eds. As atividades desenvolvidas s\u00e3o baseadas em cinco eixos de atua\u00e7\u00e3o, os Setores da Educa\u00e7\u00e3o, Cultura, Universidades, Ensino Religioso e os Bens Culturais.<\/p>\n<p>Cada setor \u00e9 respons\u00e1vel por fazer a articula\u00e7\u00e3o junto as arqui\/dioceses para que as atividades evangelizadoras nos \u00e2mbitos de a\u00e7\u00e3o da Comiss\u00e3o possam se expandir. Presidida pelo arcebispo de Montes Claros (MG), dom Jo\u00e3o Justino de Medeiros Silva, reeleito presidente para o quadri\u00eanio 2019-203, a Comiss\u00e3o tem a tarefa de articular com todos os envolvidos \u2013 bispos e assessores \u2013 para que os projetos se efetivem.<\/p>\n<p><em><strong>\u201cA miss\u00e3o do presidente \u00e9 liderar processos, sempre atento \u00e0s avalia\u00e7\u00f5es e, por vezes, redefinindo caminhos em raz\u00e3o do ritmo poss\u00edvel\u201d, enfatiza.<\/strong><\/em><\/p>\n<h3><strong>Setores<\/strong><\/h3>\n<p><strong>Setor Cultura, <\/strong>busca estimular e intensificar o di\u00e1logo com as diversas express\u00f5es da cultura, especialmente a latino-americana, tanto popular quanto do campo geral das artes, da vida acad\u00eamica e do meio intelectual, resgatando e valorizando tamb\u00e9m as tradi\u00e7\u00f5es culturais cat\u00f3licas. Al\u00e9m disso, cabe ao setor promover, nesse \u00e2mbito, a presen\u00e7a pastoral junto aos empres\u00e1rios, dirigentes crist\u00e3os de empresas e empreendedores crist\u00e3os.<\/p>\n<p><strong>Setor Educa\u00e7\u00e3o<\/strong>, promove encontros para a partilha de experi\u00eancias, de articula\u00e7\u00e3o e de forma\u00e7\u00e3o de educadores. Elabora subs\u00eddios formativos sobre temas relacionados \u00e0 Pastoral da Educa\u00e7\u00e3o e sua import\u00e2ncia. Estimula a cria\u00e7\u00e3o da Pastoral da Educa\u00e7\u00e3o nas dioceses onde ainda n\u00e3o exista e acompanha as escolas gerenciadas por institui\u00e7\u00f5es cat\u00f3licas, sejam as vinculadas \u00e0 Associa\u00e7\u00e3o Nacional de Educa\u00e7\u00e3o Cat\u00f3lica do Brasil (ANEC) sejam outras. Al\u00e9m de estimular o acompanhamento das pol\u00edticas p\u00fablicas de educa\u00e7\u00e3o e a participa\u00e7\u00e3o nas inst\u00e2ncias municipal, estadual e federal.<\/p>\n<p><strong>Setor Ensino Religioso<\/strong>, mantem o servi\u00e7o de assessoria permanente ao episcopado, professores e pesquisadores da \u00e1rea. Para isso, acompanha a reflex\u00e3o e pr\u00e1tica sobre esta \u00e1rea de conhecimento na rede p\u00fablica e rede particular de ensino, tomando como foco principal os estudantes, seus interesses e necessidades; e as metodologias que lhes possibilitem o ensino-aprendizagem, considerando a linguagem como instrumento de aproxima\u00e7\u00e3o entre todos; as atitudes de respeito, abertura, compreens\u00e3o, acolhida m\u00fatua no exerc\u00edcio da liberdade religiosa, em ambiente escolar e al\u00e9m dele.<\/p>\n<p><strong>Setor Universidades<\/strong>, articula a a\u00e7\u00e3o evangelizadora nesse meio, partindo da valoriza\u00e7\u00e3o da pessoa e do fortalecimento da vida de comunh\u00e3o, favorecendo o an\u00fancio de Jesus Cristo, o atendimento pastoral a estudantes, professores, funcion\u00e1rios e familiares, resgatando assim a hist\u00f3rica presen\u00e7a prof\u00e9tica da Igreja nesse meio.<\/p>\n<p><strong>Setor Bens Culturais<\/strong>, colabora atrav\u00e9s de parcerias, com os Regionais e, atrav\u00e9s deles, com Igrejas particulares em seus projetos relativos \u00e0 preserva\u00e7\u00e3o da cultura popular e sua mem\u00f3ria, intermediando, quando necess\u00e1rio, o relacionamento com os organismos do Estado relacionados a esse tema. Al\u00e9m de articular com i Instituto do Patrim\u00f4nio Hist\u00f3rico e Art\u00edstico nacional (IPHAN), em vista do apoio as Igrejas e institutos de vida consagrada em suas a\u00e7\u00f5es relativas aos bens culturais da Igreja, em sintonia com o setor correspondente da Comiss\u00e3o episcopal para Liturgia da CNBB.<\/p>\n<h3><strong>Composi\u00e7\u00e3o da Comiss\u00e3o<\/strong><\/h3>\n<div id=\"attachment_219694\" class=\"wp-caption alignright\"><a href=\"http:\/\/www.cnbb.org.br\/dom-joao-justino-e-reeleito-presidente-da-comissao-para-cultura-e-educacao-da-cnbb\/domjustiono\/\"><img loading=\"lazy\" decoding=\"async\" class=\"wp-image-219694 \" src=\"http:\/\/www.cnbb.org.br\/wp-content\/uploads\/sites\/32\/2019\/05\/domJustiono-300x200.jpg\" srcset=\"http:\/\/www.cnbb.org.br\/wp-content\/uploads\/sites\/32\/2019\/05\/domJustiono-300x200.jpg 300w, http:\/\/www.cnbb.org.br\/wp-content\/uploads\/sites\/32\/2019\/05\/domJustiono-768x512.jpg 768w, http:\/\/www.cnbb.org.br\/wp-content\/uploads\/sites\/32\/2019\/05\/domJustiono-1024x683.jpg 1024w, http:\/\/www.cnbb.org.br\/wp-content\/uploads\/sites\/32\/2019\/05\/domJustiono.jpg 1075w\" alt=\"\" width=\"275\" height=\"183\" aria-describedby=\"caption-attachment-219694\" \/><\/a><\/p>\n<p id=\"caption-attachment-219694\" class=\"wp-caption-text\"><em>Dom Jo\u00e3o Justino de Medeiros. Foto: Daniel Flores\/CNBB<\/em><\/p>\n<\/div>\n<p><strong>Dom Jo\u00e3o Justino de Medeiros Silva \u2013 Presidente<br \/>\n<\/strong>Dom Jo\u00e3o Justino de Medeiros Silva \u00e9 natural de Juiz de Fora (MG), onde foi ordenado sacerdote em 13 de dezembro de 1992. Foi nomeado bispo auxiliar de Belo Horizonte (MG), em 21 de dezembro de 2011, e recebeu a ordena\u00e7\u00e3o episcopal em 11 de fevereiro de 2012. Em 2017, foi nomeado por Francisco arcebispo coadjutor de Montes Claros (MG). Assumiu definitivamente a arquidiocese, em 21 em novembro de 2018. Dom Jo\u00e3o foi eleito presidente da comiss\u00e3o pela primeira vez em 2015, durante a 53\u00aa AG.<\/p>\n<p><strong>Bispos Referenciais:<\/strong><\/p>\n<div id=\"attachment_172810\" class=\"wp-caption alignleft\"><a href=\"http:\/\/www.cnbb.org.br\/encontro-reune-bispos-e-coordenadores-regionais-de-comunicacao\/domdimas24042013\/\"><img loading=\"lazy\" decoding=\"async\" class=\"wp-image-172810 \" src=\"http:\/\/www.cnbb.org.br\/wp-content\/uploads\/sites\/32\/2018\/04\/DomDimas24042013-300x217.jpg\" srcset=\"http:\/\/www.cnbb.org.br\/wp-content\/uploads\/sites\/32\/2018\/04\/DomDimas24042013-300x217.jpg 300w, http:\/\/www.cnbb.org.br\/wp-content\/uploads\/sites\/32\/2018\/04\/DomDimas24042013.jpg 448w\" alt=\"\" width=\"253\" height=\"183\" aria-describedby=\"caption-attachment-172810\" \/><\/a><\/p>\n<p id=\"caption-attachment-172810\" class=\"wp-caption-text\"><em>Dom Dimas Lara Barbosa<\/em><\/p>\n<\/div>\n<p><strong>Dom Dimas Lara Barbosa, arcebispo de Campo Grande (MS)<br \/>\n<\/strong>Nascido em primeiro de abril de 1956, dom Dimas Lara Barbosa, foi ordenado padre em 1988. De 2000 a 2003, a servi\u00e7o da CNBB em Bras\u00edlia, dom Dimas atuou como Secret\u00e1rio do Instituto Nacional de Pastoral (INP) e Secret\u00e1rio da Comiss\u00e3o Episcopal de Doutrina da F\u00e9. Em agosto de 2003 foi ordenado bispo-auxiliar de S\u00e3o Sebasti\u00e3o do Rio de Janeiro, sendo ordenado no dia 2 de agosto de 2003. Atuou como secret\u00e1rio geral da CNBB de 2007 a 2011 e em julho de 2011 tomou posse como arcebispo da Arquidiocese de Campo Grande.<\/p>\n<div id=\"attachment_222573\" class=\"wp-caption alignright\"><a href=\"http:\/\/www.cnbb.org.br\/comissao-para-cultura-e-educacao-da-cnbb-atua-na-articulacao-e-expansao-das-atividades-evangelizadoras-da-igreja\/dom-paulo-cezar-costa\/\"><img loading=\"lazy\" decoding=\"async\" class=\"wp-image-222573\" src=\"http:\/\/www.cnbb.org.br\/wp-content\/uploads\/sites\/32\/2019\/07\/Dom-Paulo-Cezar-Costa-300x273.jpg\" srcset=\"http:\/\/www.cnbb.org.br\/wp-content\/uploads\/sites\/32\/2019\/07\/Dom-Paulo-Cezar-Costa-300x273.jpg 300w, http:\/\/www.cnbb.org.br\/wp-content\/uploads\/sites\/32\/2019\/07\/Dom-Paulo-Cezar-Costa.jpg 681w\" alt=\"\" width=\"208\" height=\"190\" aria-describedby=\"caption-attachment-222573\" \/><\/a><\/p>\n<p id=\"caption-attachment-222573\" class=\"wp-caption-text\"><em>Dom Paulo Cezar Costa. Foto: Diocese de S\u00e3o Carlos (SP)<\/em><\/p>\n<\/div>\n<p>&nbsp;<\/p>\n<p><strong>Dom Paulo Cezar Costa, bispo de S\u00e3o Carlos (SP)<br \/>\n<\/strong>Dom Paulo Cezar Costa nasceu\u00a0 em Valen\u00e7a (RJ), em 20 de julho de 1967. Foi ordenado sacerdote em 05 de dezembro de 1992. Em 24 de novembro de 2010 foi nomeado bispo auxiliar de S\u00e3o Sebasti\u00e3o do Rio de Janeiro e sua ordena\u00e7\u00e3o episcopal ocorreu em 05 de fevereiro de 2011. Cinco anos depois em 22 de junho 2016 foi eleito bispo diocesano de S\u00e3o Carlos (SP).<\/p>\n<div id=\"attachment_222574\" class=\"wp-caption alignleft\"><a href=\"http:\/\/www.cnbb.org.br\/comissao-para-cultura-e-educacao-da-cnbb-atua-na-articulacao-e-expansao-das-atividades-evangelizadoras-da-igreja\/dom-vicente-de-paula-ferreira\/\"><img loading=\"lazy\" decoding=\"async\" class=\"wp-image-222574\" src=\"http:\/\/www.cnbb.org.br\/wp-content\/uploads\/sites\/32\/2019\/07\/Dom-Vicente-de-Paula-Ferreira-240x300.jpg\" srcset=\"http:\/\/www.cnbb.org.br\/wp-content\/uploads\/sites\/32\/2019\/07\/Dom-Vicente-de-Paula-Ferreira-240x300.jpg 240w, http:\/\/www.cnbb.org.br\/wp-content\/uploads\/sites\/32\/2019\/07\/Dom-Vicente-de-Paula-Ferreira.jpg 345w\" alt=\"\" width=\"185\" height=\"231\" aria-describedby=\"caption-attachment-222574\" \/><\/a><\/p>\n<p id=\"caption-attachment-222574\" class=\"wp-caption-text\"><em>Dom Vicente de Paula Ferreira. Foto: Arquidiocese BH<\/em><\/p>\n<\/div>\n<p><strong>Dom Vicente de Paula Ferreira, bispo auxiliar de Belo Horizonte (MG)<br \/>\n<\/strong>Dom Vicente de Paula Ferreira nasceu em Alegre (ES), no dia 27 de outubro de 1970. Tornou-se religioso da Congrega\u00e7\u00e3o Redentorista, na Prov\u00edncia do Rio de Janeiro, em 1992. Ordenou-se sacerdote em 1996. Em 8 de mar\u00e7o de 2017 foi nomeado pelo papa Francisco bispo auxiliar da arquidiocese de Belo Horizonte (MG). A ordena\u00e7\u00e3o episcopal foi celebrada no dia 27 de maio do mesmo ano.<\/p>\n<div id=\"attachment_187962\" class=\"wp-caption alignright\"><a href=\"http:\/\/www.cnbb.org.br\/dom-gregorio-paixao-bispo-de-petropolis-rj-fala-sobre-os-bens-culturais-da-igreja\/bens-culturais\/\"><img loading=\"lazy\" decoding=\"async\" class=\"wp-image-187962 \" src=\"http:\/\/www.cnbb.org.br\/wp-content\/uploads\/sites\/32\/2018\/04\/Bens-culturais-300x200.jpg\" srcset=\"http:\/\/www.cnbb.org.br\/wp-content\/uploads\/sites\/32\/2018\/04\/Bens-culturais-300x200.jpg 300w, http:\/\/www.cnbb.org.br\/wp-content\/uploads\/sites\/32\/2018\/04\/Bens-culturais-768x511.jpg 768w, http:\/\/www.cnbb.org.br\/wp-content\/uploads\/sites\/32\/2018\/04\/Bens-culturais.jpg 1000w\" alt=\"\" width=\"305\" height=\"204\" aria-describedby=\"caption-attachment-187962\" \/><\/a><\/p>\n<p id=\"caption-attachment-187962\" class=\"wp-caption-text\"><em>Dom Greg\u00f3rio Paix\u00e3o. Foto: Matheus Oliveira\/CNBB<\/em><\/p>\n<\/div>\n<p><strong>Dom Greg\u00f3rio Ben Lamed Paix\u00e3o, bispo de Petr\u00f3polis (RJ)<br \/>\n<\/strong>Dom Greg\u00f3rio Paix\u00e3o nasceu em Aracaju (Sergipe) em 03 de novembro de 1964. Ingressou no Mosteiro de S\u00e3o Bento da Bahia em 1983, professando em 1989. Em 21 de mar\u00e7o de 1993, foi ordenado sacerdote. Em 29 de julho de 2006 foi eleito bispo auxiliar da arquidiocese de S\u00e3o Salvador da Bahia, sendo tamb\u00e9m Secret\u00e1rio Geral do Regional Nordeste 3 da CNBB. No dia 10 de outubro de 2012 foi nomeado bispo da diocese de Petr\u00f3polis (RJ), tomando posse no dia 16 de dezembro de 2012.<\/p>\n<p><strong>Assessores:<\/strong><\/p>\n<p><strong>Educa\u00e7\u00e3o:<\/strong> Padre J\u00falio C\u00e9sar Evangelista Resende<br \/>\n<strong>Universidades e bens culturais:<\/strong> Padre Danilo Pinto dos Santos<br \/>\n<strong>Ensino religioso:<\/strong> Padre Eduardo Rocha<br \/>\n<strong>Cultura:<\/strong> Padre Luciano da Silva Roberto<\/p>\n","protected":false},"excerpt":{"rendered":"<p>A Comiss\u00e3o Episcopal Pastoral para a Cultura e Educa\u00e7\u00e3o da Confer\u00eancia Nacional dos Bispos do Brasil (CNBB) tem a miss\u00e3o de evangelizar no mundo da cultura e da educa\u00e7\u00e3o no pa\u00eds. As atividades desenvolvidas s\u00e3o baseadas em cinco eixos de atua\u00e7\u00e3o, os Setores da Educa\u00e7\u00e3o, Cultura, Universidades, Ensino Religioso e os Bens Culturais. Cada setor [&hellip;]<\/p>\n","protected":false},"author":1,"featured_media":50959,"comment_status":"open","ping_status":"closed","sticky":false,"template":"","format":"standard","meta":{"footnotes":""},"categories":[7],"tags":[],"class_list":["post-50958","post","type-post","status-publish","format-standard","has-post-thumbnail","hentry","category-cnbb"],"_links":{"self":[{"href":"https:\/\/catolicanet.net\/wp-cnet\/wp-json\/wp\/v2\/posts\/50958","targetHints":{"allow":["GET"]}}],"collection":[{"href":"https:\/\/catolicanet.net\/wp-cnet\/wp-json\/wp\/v2\/posts"}],"about":[{"href":"https:\/\/catolicanet.net\/wp-cnet\/wp-json\/wp\/v2\/types\/post"}],"author":[{"embeddable":true,"href":"https:\/\/catolicanet.net\/wp-cnet\/wp-json\/wp\/v2\/users\/1"}],"replies":[{"embeddable":true,"href":"https:\/\/catolicanet.net\/wp-cnet\/wp-json\/wp\/v2\/comments?post=50958"}],"version-history":[{"count":1,"href":"https:\/\/catolicanet.net\/wp-cnet\/wp-json\/wp\/v2\/posts\/50958\/revisions"}],"predecessor-version":[{"id":50960,"href":"https:\/\/catolicanet.net\/wp-cnet\/wp-json\/wp\/v2\/posts\/50958\/revisions\/50960"}],"wp:featuredmedia":[{"embeddable":true,"href":"https:\/\/catolicanet.net\/wp-cnet\/wp-json\/wp\/v2\/media\/50959"}],"wp:attachment":[{"href":"https:\/\/catolicanet.net\/wp-cnet\/wp-json\/wp\/v2\/media?parent=50958"}],"wp:term":[{"taxonomy":"category","embeddable":true,"href":"https:\/\/catolicanet.net\/wp-cnet\/wp-json\/wp\/v2\/categories?post=50958"},{"taxonomy":"post_tag","embeddable":true,"href":"https:\/\/catolicanet.net\/wp-cnet\/wp-json\/wp\/v2\/tags?post=50958"}],"curies":[{"name":"wp","href":"https:\/\/api.w.org\/{rel}","templated":true}]}}