{"id":50933,"date":"2019-07-05T15:33:37","date_gmt":"2019-07-05T18:33:37","guid":{"rendered":"http:\/\/catolicanet.net\/wp-cnet\/?p=50933"},"modified":"2019-07-05T15:33:37","modified_gmt":"2019-07-05T18:33:37","slug":"atentado-contra-migrantes-na-libia-e-um-ato-de-total-desumanidade-afirma-bispo","status":"publish","type":"post","link":"https:\/\/catolicanet.net\/wp-cnet\/atentado-contra-migrantes-na-libia-e-um-ato-de-total-desumanidade-afirma-bispo\/","title":{"rendered":"Atentado contra migrantes na L\u00edbia \u00e9 &#8220;um ato de total desumanidade&#8221;, afirma Bispo"},"content":{"rendered":"<p>O presidente da Comiss\u00e3o Episcopal da Confer\u00eancia Episcopal Italiana (CEI) para as Migra\u00e7\u00f5es, Dom Guerino Di Tora, condenou o atentado ocorrido na ter\u00e7a-feira, 2 de julho, contra um centro de deten\u00e7\u00e3o para migrantes em Tr\u00edpoli (L\u00edbia), que deixou mais de 40 mortos.<\/p>\n<p>&#8220;\u00c9 um ato de desumanidade deplor\u00e1vel contra pessoas que j\u00e1 sofrem persegui\u00e7\u00e3o nesses campos de deten\u00e7\u00e3o. Isso realmente se torna algo que beira a loucura&#8221;, expressou o Prelado \u00e0 edi\u00e7\u00e3o em italiano de Vatican News. Ele tamb\u00e9m exortou a &#8220;nos colocarmos novamente em uma atitude n\u00e3o apenas de aten\u00e7\u00e3o, mas de compreens\u00e3o diante de certos problemas que preocupam toda a humanidade&#8221;.<\/p>\n<p>No bombardeio, 40 pessoas morreram, enquanto 35 ficaram feridas, entre as quais havia mulheres e crian\u00e7as. Segundo o jornal espanhol ABC, a Organiza\u00e7\u00e3o das Na\u00e7\u00f5es Unidas (ONU) denunciou que esta \u00e9 a segunda vez que o centro de deten\u00e7\u00e3o Tajura \u00e9 atacado desde abril.<\/p>\n<p>Nesse sentido, Dom Guerino denunciou que atacar os migrantes que est\u00e3o confinados nesses campos, onde s\u00e3o massacrados como em verdadeiros &#8220;campos de concentra\u00e7\u00e3o&#8221;, \u00e9 &#8220;um ato de total desumanidade&#8221;.<\/p>\n<p>&#8220;Chegar ao ponto do bombardeio, por mais que esse ataque tamb\u00e9m tenha atingido outros alvos, realmente significa um ato de total desumanidade diante do qual a consci\u00eancia n\u00e3o pode recuar&#8221;, assegurou.<\/p>\n<p>Da mesma forma, o Prelado fez um chamado a sentir que &#8220;somos parte desta realidade&#8221; e que ningu\u00e9m deveria dizer que este &#8220;\u00e9 um problema dos outros, que \u00e9 culpa da guerra na L\u00edbia&#8221;. &#8220;Todos n\u00f3s devemos nos conscientizar disso e sentir essa realidade em nossa pr\u00f3pria carne&#8221;, expressou.<\/p>\n<p>Tamb\u00e9m lembrou que o fen\u00f4meno da migra\u00e7\u00e3o desafia todos, n\u00e3o s\u00f3 aqueles que &#8220;fogem da guerra, da fome, da seca e da desertifica\u00e7\u00e3o&#8221;. Assim, \u00e9 preciso se sentir &#8220;correspons\u00e1veis&#8221; para conquistar uma consci\u00eancia humana, \u201cinclusive antes que crist\u00e3\u201d.<\/p>\n<p>&#8220;Certamente, para n\u00f3s, os crist\u00e3os, representa algo a mais: o chamado que o Senhor nos faz nessas situa\u00e7\u00f5es, a n\u00e3o deixar o outro, nosso pr\u00f3ximo, em realidades desumanas, socorr\u00ea-lo, acolh\u00ea-lo&#8221;, enfatizou.<\/p>\n<p>O Bispo tamb\u00e9m mencionou que este conflito \u201cabarca todos os problemas que afetam o Norte da \u00c1frica e que envolve, mesmo indiretamente, todos esses migrantes que est\u00e3o detidos nesses \u2018campos de concentra\u00e7\u00e3o\u2019&#8221;.<\/p>\n<p>Al\u00e9m disso, deve &#8220;despertar a consci\u00eancia de outras na\u00e7\u00f5es&#8221;, a fim de encontrar formas de media\u00e7\u00e3o &#8220;para voltar a um equil\u00edbrio de paz e estabilidade&#8221;.<\/p>\n<p>&#8220;Precisamos de uma consci\u00eancia mundial. Porque, enquanto n\u00e3o houver estabilidade e paz, todo o Oriente M\u00e9dio sofrer\u00e1 e tamb\u00e9m a Europa&#8221;. Da mesma forma, encorajou a que este fato n\u00e3o seja uma not\u00edcia \u201cque lemos e esquecemos\u201d, mas \u201calgo que deve entrar em nossa cultura para que todos possam mover \u00e0queles que est\u00e3o no poder e governam as na\u00e7\u00f5es, toda a Europa, todas as Na\u00e7\u00f5es Unidas, para que esta realidade cesse o mais r\u00e1pido poss\u00edvel, de modo que possamos encontrar as condi\u00e7\u00f5es e m\u00e9todos para que essa paz passe a ser um bem comum de todo o mundo\u201d.<\/p>\n","protected":false},"excerpt":{"rendered":"<p>O presidente da Comiss\u00e3o Episcopal da Confer\u00eancia Episcopal Italiana (CEI) para as Migra\u00e7\u00f5es, Dom Guerino Di Tora, condenou o atentado ocorrido na ter\u00e7a-feira, 2 de julho, contra um centro de deten\u00e7\u00e3o para migrantes em Tr\u00edpoli (L\u00edbia), que deixou mais de 40 mortos. &#8220;\u00c9 um ato de desumanidade deplor\u00e1vel contra pessoas que j\u00e1 sofrem persegui\u00e7\u00e3o nesses [&hellip;]<\/p>\n","protected":false},"author":1,"featured_media":50934,"comment_status":"open","ping_status":"closed","sticky":false,"template":"","format":"standard","meta":{"footnotes":""},"categories":[4],"tags":[],"class_list":["post-50933","post","type-post","status-publish","format-standard","has-post-thumbnail","hentry","category-cotidiano"],"_links":{"self":[{"href":"https:\/\/catolicanet.net\/wp-cnet\/wp-json\/wp\/v2\/posts\/50933","targetHints":{"allow":["GET"]}}],"collection":[{"href":"https:\/\/catolicanet.net\/wp-cnet\/wp-json\/wp\/v2\/posts"}],"about":[{"href":"https:\/\/catolicanet.net\/wp-cnet\/wp-json\/wp\/v2\/types\/post"}],"author":[{"embeddable":true,"href":"https:\/\/catolicanet.net\/wp-cnet\/wp-json\/wp\/v2\/users\/1"}],"replies":[{"embeddable":true,"href":"https:\/\/catolicanet.net\/wp-cnet\/wp-json\/wp\/v2\/comments?post=50933"}],"version-history":[{"count":1,"href":"https:\/\/catolicanet.net\/wp-cnet\/wp-json\/wp\/v2\/posts\/50933\/revisions"}],"predecessor-version":[{"id":50935,"href":"https:\/\/catolicanet.net\/wp-cnet\/wp-json\/wp\/v2\/posts\/50933\/revisions\/50935"}],"wp:featuredmedia":[{"embeddable":true,"href":"https:\/\/catolicanet.net\/wp-cnet\/wp-json\/wp\/v2\/media\/50934"}],"wp:attachment":[{"href":"https:\/\/catolicanet.net\/wp-cnet\/wp-json\/wp\/v2\/media?parent=50933"}],"wp:term":[{"taxonomy":"category","embeddable":true,"href":"https:\/\/catolicanet.net\/wp-cnet\/wp-json\/wp\/v2\/categories?post=50933"},{"taxonomy":"post_tag","embeddable":true,"href":"https:\/\/catolicanet.net\/wp-cnet\/wp-json\/wp\/v2\/tags?post=50933"}],"curies":[{"name":"wp","href":"https:\/\/api.w.org\/{rel}","templated":true}]}}