{"id":50913,"date":"2019-07-05T09:15:51","date_gmt":"2019-07-05T12:15:51","guid":{"rendered":"http:\/\/catolicanet.net\/wp-cnet\/?p=50913"},"modified":"2019-07-05T09:15:51","modified_gmt":"2019-07-05T12:15:51","slug":"naufragio-de-barco-perto-da-tunisia-80-migrantes-desaparecidos","status":"publish","type":"post","link":"https:\/\/catolicanet.net\/wp-cnet\/naufragio-de-barco-perto-da-tunisia-80-migrantes-desaparecidos\/","title":{"rendered":"Naufr\u00e1gio de barco perto da Tun\u00edsia: 80 migrantes desaparecidos"},"content":{"rendered":"<div class=\"article__subTitle\">Pelo menos 80 pessoas est\u00e3o desaparecidos depois do naufr\u00e1gio de uma embarca\u00e7\u00e3o no largo de Zarzis, na Tun\u00edsia. As informa\u00e7\u00f5es s\u00e3o de Alarm Phone, citando Chamseddine Marzoug, ativista e volunt\u00e1rio do Crescente vermelho do pa\u00eds<\/div>\n<div class=\"title__separator\"><\/div>\n<div class=\"article__text\">\n<p>Provavelmente \u00e9 mais um massacre de inocentes no mar. Segundo a ag\u00eancia de not\u00edcias da <i>Ansa<\/i>, o navio havia partido dois dias antes da cidade de Zuara, na L\u00edbia. Ele estava \u00e0 deriva, e foi localizado por um barco de pescadores. Foram eles que alertaram a Guarda Costeira.<\/p>\n<div>\n<div class=\"article__embed article__embed--unwrap article__embed--dark\">\n<div class=\"article__innerTitle\">Ou\u00e7a e compartilhe!<\/div>\n<!--[if lt IE 9]><script>document.createElement('audio');<\/script><![endif]-->\n<audio class=\"wp-audio-shortcode\" id=\"audio-50913-1\" preload=\"none\" style=\"width: 100%;\" controls=\"controls\"><source type=\"audio\/mpeg\" src=\"https:\/\/media.vaticannews.va\/media\/audio\/s1\/2019\/07\/05\/09\/135119285_F135119285.mp3?_=1\" \/><a href=\"https:\/\/media.vaticannews.va\/media\/audio\/s1\/2019\/07\/05\/09\/135119285_F135119285.mp3\">https:\/\/media.vaticannews.va\/media\/audio\/s1\/2019\/07\/05\/09\/135119285_F135119285.mp3<\/a><\/audio>\n<\/div>\n<\/div>\n<p>No momento est\u00e3o desaparecidas 80 pessoas, enquanto que um dos cinco sobreviventes, proveniente da Costa do Marfim, morreu no hospital, informa Chamseddine Marzoug, do Crescente Vermelho.<\/p>\n<\/div>\n","protected":false},"excerpt":{"rendered":"<p>Pelo menos 80 pessoas est\u00e3o desaparecidos depois do naufr\u00e1gio de uma embarca\u00e7\u00e3o no largo de Zarzis, na Tun\u00edsia. As informa\u00e7\u00f5es s\u00e3o de Alarm Phone, citando Chamseddine Marzoug, ativista e volunt\u00e1rio do Crescente vermelho do pa\u00eds Provavelmente \u00e9 mais um massacre de inocentes no mar. Segundo a ag\u00eancia de not\u00edcias da Ansa, o navio havia partido [&hellip;]<\/p>\n","protected":false},"author":1,"featured_media":50914,"comment_status":"open","ping_status":"closed","sticky":false,"template":"","format":"standard","meta":{"footnotes":""},"categories":[3],"tags":[],"class_list":["post-50913","post","type-post","status-publish","format-standard","has-post-thumbnail","hentry","category-vaticano"],"_links":{"self":[{"href":"https:\/\/catolicanet.net\/wp-cnet\/wp-json\/wp\/v2\/posts\/50913","targetHints":{"allow":["GET"]}}],"collection":[{"href":"https:\/\/catolicanet.net\/wp-cnet\/wp-json\/wp\/v2\/posts"}],"about":[{"href":"https:\/\/catolicanet.net\/wp-cnet\/wp-json\/wp\/v2\/types\/post"}],"author":[{"embeddable":true,"href":"https:\/\/catolicanet.net\/wp-cnet\/wp-json\/wp\/v2\/users\/1"}],"replies":[{"embeddable":true,"href":"https:\/\/catolicanet.net\/wp-cnet\/wp-json\/wp\/v2\/comments?post=50913"}],"version-history":[{"count":1,"href":"https:\/\/catolicanet.net\/wp-cnet\/wp-json\/wp\/v2\/posts\/50913\/revisions"}],"predecessor-version":[{"id":50915,"href":"https:\/\/catolicanet.net\/wp-cnet\/wp-json\/wp\/v2\/posts\/50913\/revisions\/50915"}],"wp:featuredmedia":[{"embeddable":true,"href":"https:\/\/catolicanet.net\/wp-cnet\/wp-json\/wp\/v2\/media\/50914"}],"wp:attachment":[{"href":"https:\/\/catolicanet.net\/wp-cnet\/wp-json\/wp\/v2\/media?parent=50913"}],"wp:term":[{"taxonomy":"category","embeddable":true,"href":"https:\/\/catolicanet.net\/wp-cnet\/wp-json\/wp\/v2\/categories?post=50913"},{"taxonomy":"post_tag","embeddable":true,"href":"https:\/\/catolicanet.net\/wp-cnet\/wp-json\/wp\/v2\/tags?post=50913"}],"curies":[{"name":"wp","href":"https:\/\/api.w.org\/{rel}","templated":true}]}}