{"id":50888,"date":"2019-07-05T08:16:11","date_gmt":"2019-07-05T11:16:11","guid":{"rendered":"http:\/\/catolicanet.net\/wp-cnet\/?p=50888"},"modified":"2019-07-05T08:16:11","modified_gmt":"2019-07-05T11:16:11","slug":"saiba-quem-serao-os-responsaveis-por-orientar-a-caminhada-biblico-catequetica-no-pais","status":"publish","type":"post","link":"https:\/\/catolicanet.net\/wp-cnet\/saiba-quem-serao-os-responsaveis-por-orientar-a-caminhada-biblico-catequetica-no-pais\/","title":{"rendered":"Saiba quem ser\u00e3o os respons\u00e1veis por orientar a caminhada b\u00edblico-catequ\u00e9tica no pa\u00eds"},"content":{"rendered":"<p>A Comiss\u00e3o Episcopal Pastoral para Anima\u00e7\u00e3o B\u00edblico-Catequ\u00e9tica\u00a0da Confer\u00eancia Nacional dos Bispos do Brasil (CNBB) tem a miss\u00e3o de animar, acompanhar, promover e orientar a caminhada B\u00edblico-Catequ\u00e9tica no pa\u00eds.<\/p>\n<p>Ela atua para promover tudo o que est\u00e1 ligado \u00e0 evangeliza\u00e7\u00e3o no \u00e2mbito da difus\u00e3o da Palavra de Deus e no campo do aprimoramento e do aprofundamento na busca de caminhos para a vida catequ\u00e9tica em tempos culturais agitados e em processo de mudan\u00e7a t\u00e3o grande.<\/p>\n<p>Para este quadri\u00eanio (2019 a 2023), a Comiss\u00e3o conta com uma nova composi\u00e7\u00e3o. S\u00e3o eles:<\/p>\n<p><strong>Presidente (reeleito na 57\u00aa Assembleia Geral da CNBB):<\/strong><\/p>\n<ul>\n<li><strong>Dom Jos\u00e9 Ant\u00f4nio Peruzzo\u00a0\u00a0\u00a0\u00a0\u00a0\u00a0 <\/strong><\/li>\n<\/ul>\n<p>Dom Peruzzo, que atualmente \u00e9 o arcebispo de Curitiba (PR), tem como lema episcopal \u201cFazei disc\u00edpulos\u2026 Ensinai\u201d. Nascido em 19 de abril de 1960, na cidade de Cascavel, \u00e9 mestre em Ci\u00eancias B\u00edblicas pelo Pontif\u00edcio Instituto B\u00edblico e doutor em Teologia B\u00edblica pela Pontif\u00edcia Universidade S\u00e3o Tom\u00e1s de Aquino, ambas em Roma. Em 24 de agosto de 2005 foi nomeado, pelo Papa Bento XVI, como bispo de Palmas-Francisco Beltr\u00e3o. Em 7 de janeiro de 2015 o Papa Francisco nomeou dom Peruzzo como arcebispo de Curitiba. A posse aconteceu no dia 19 de mar\u00e7o do mesmo ano, na Catedral Bas\u00edlica Menor Nossa Senhora da Luz dos Pinhais. Atualmente \u00e9 o vice-presidente do regional Sul 2 da CNBB.<\/p>\n<p><strong>Bispos referenciais:<\/strong><\/p>\n<ul>\n<li><strong>Dom Armando Bucciol<\/strong><\/li>\n<\/ul>\n<p>Dom Armando nasceu em Villanova de Motta de Livenza, na It\u00e1lia, em 1946, e ordenou-se presb\u00edtero em 1971, na It\u00e1lia. \u00c9 formado em Teologia por Vittorio Veneto, p\u00f3s-graduado em Ensino Religioso Catequ\u00e9tico e cursou doutorado em Roma, tornando-se doutor em Sagrada Teologia com especializa\u00e7\u00e3o em Liturgia Pastoral, no Instituto Liturgia Pastoral em Santa Justina, Padova. Em 2004 foi nomeado bispo de Livramento pelo papa Bento XVI. De 2001 a 2018 dom Armando conduziu a Comiss\u00e3o para a Liturgia da CNBB. Seu lema episcopal \u00e9 \u201cCharitas Christi urget nos!\u201d \u2013 O amor de Cristo nos impulsiona.<\/p>\n<ul>\n<li><strong>Dom Waldemar Passini Dalbello <\/strong><\/li>\n<\/ul>\n<p>Dom Waldemar foi nomeado bispo auxiliar de Goi\u00e2nia (GO) em 30 de dezembro de 2009 e ordenado em mar\u00e7o de 2010. J\u00e1 em 2011, foi nomeado pela Congrega\u00e7\u00e3o para os Bispos como Administrador Apost\u00f3lico da Arquidiocese de Bras\u00edlia (DF) no per\u00edodo at\u00e9 a posse do arcebispo de Bras\u00edlia, dom Sergio da Rocha, que ocorreu aos 6 de agosto de 2011. Foi nomeado bispo coadjutor de Luzi\u00e2nia em 3 de dezembro de 2014.<\/p>\n<p>Nomeado pelo Conselho Episcopal Latino Americano (Celam) membro do Departamento de Miss\u00e3o e Espiritualidade, para o quadri\u00eanio 2015-2019, dom Waldemar representa a Regi\u00e3o Cone Sul, que compreende, al\u00e9m do Brasil, o Uruguai, o Paraguai, a Argentina e o Chile. E na CNBB j\u00e1 serviu na Comiss\u00e3o para Minist\u00e9rios Ordenados e Vida Consagrada de 2011 a 2015. Atualmente \u00e9 presidente do regional Centro-Oeste da CNBB.<\/p>\n<p><strong>Assessor:<\/strong><\/p>\n<p>Pe. J\u00e2nison de S\u00e1 Santos \u2013 Propri\u00e1 (SE)<\/p>\n","protected":false},"excerpt":{"rendered":"<p>A Comiss\u00e3o Episcopal Pastoral para Anima\u00e7\u00e3o B\u00edblico-Catequ\u00e9tica\u00a0da Confer\u00eancia Nacional dos Bispos do Brasil (CNBB) tem a miss\u00e3o de animar, acompanhar, promover e orientar a caminhada B\u00edblico-Catequ\u00e9tica no pa\u00eds. Ela atua para promover tudo o que est\u00e1 ligado \u00e0 evangeliza\u00e7\u00e3o no \u00e2mbito da difus\u00e3o da Palavra de Deus e no campo do aprimoramento e do aprofundamento [&hellip;]<\/p>\n","protected":false},"author":1,"featured_media":50889,"comment_status":"open","ping_status":"closed","sticky":false,"template":"","format":"standard","meta":{"footnotes":""},"categories":[7],"tags":[],"class_list":["post-50888","post","type-post","status-publish","format-standard","has-post-thumbnail","hentry","category-cnbb"],"_links":{"self":[{"href":"https:\/\/catolicanet.net\/wp-cnet\/wp-json\/wp\/v2\/posts\/50888","targetHints":{"allow":["GET"]}}],"collection":[{"href":"https:\/\/catolicanet.net\/wp-cnet\/wp-json\/wp\/v2\/posts"}],"about":[{"href":"https:\/\/catolicanet.net\/wp-cnet\/wp-json\/wp\/v2\/types\/post"}],"author":[{"embeddable":true,"href":"https:\/\/catolicanet.net\/wp-cnet\/wp-json\/wp\/v2\/users\/1"}],"replies":[{"embeddable":true,"href":"https:\/\/catolicanet.net\/wp-cnet\/wp-json\/wp\/v2\/comments?post=50888"}],"version-history":[{"count":1,"href":"https:\/\/catolicanet.net\/wp-cnet\/wp-json\/wp\/v2\/posts\/50888\/revisions"}],"predecessor-version":[{"id":50890,"href":"https:\/\/catolicanet.net\/wp-cnet\/wp-json\/wp\/v2\/posts\/50888\/revisions\/50890"}],"wp:featuredmedia":[{"embeddable":true,"href":"https:\/\/catolicanet.net\/wp-cnet\/wp-json\/wp\/v2\/media\/50889"}],"wp:attachment":[{"href":"https:\/\/catolicanet.net\/wp-cnet\/wp-json\/wp\/v2\/media?parent=50888"}],"wp:term":[{"taxonomy":"category","embeddable":true,"href":"https:\/\/catolicanet.net\/wp-cnet\/wp-json\/wp\/v2\/categories?post=50888"},{"taxonomy":"post_tag","embeddable":true,"href":"https:\/\/catolicanet.net\/wp-cnet\/wp-json\/wp\/v2\/tags?post=50888"}],"curies":[{"name":"wp","href":"https:\/\/api.w.org\/{rel}","templated":true}]}}