{"id":50881,"date":"2019-07-04T15:15:18","date_gmt":"2019-07-04T18:15:18","guid":{"rendered":"http:\/\/catolicanet.net\/wp-cnet\/?p=50881"},"modified":"2019-07-04T15:15:18","modified_gmt":"2019-07-04T18:15:18","slug":"exercicios-espirituais-para-sacerdotes-catolicos-na-terra-santa","status":"publish","type":"post","link":"https:\/\/catolicanet.net\/wp-cnet\/exercicios-espirituais-para-sacerdotes-catolicos-na-terra-santa\/","title":{"rendered":"Exerc\u00edcios Espirituais para sacerdotes cat\u00f3licos na Terra Santa"},"content":{"rendered":"<div class=\"article__subTitle\">Os Exerc\u00edcios &#8211; dedicados em particular \u00e0 figura e \u00e0 espiritualidade de S\u00e3o Francisco de Assis &#8211; s\u00e3o pregados no lago de Tiber\u00edades pelo bispo C\u00e9sar Essayan OFMConv, Vig\u00e1rio Apost\u00f3lico de Beirute para os cat\u00f3licos do rito latino.<\/div>\n<div class=\"title__separator\"><\/div>\n<div class=\"article__text\">\n<p><b>Cidade do Vaticano<\/b><\/p>\n<p>Sacerdotes cat\u00f3licos pertencentes a diferentes comunidades e ritos est\u00e3o participando de alguns dias de Exerc\u00edcios Espirituais dedicados, em particular, \u00e0 figura e \u00e0 espiritualidade de S\u00e3o Francisco \u2013 no contexto dos \u00a0800 anos do hist\u00f3rico encontro entre o Pobrezinho de Assis e o Sult\u00e3o Melek al Kamil &#8211; e tamb\u00e9m a reflex\u00e3o sobre o M\u00eas Mission\u00e1rio Extraordin\u00e1rio,\u00a0 em outubro pr\u00f3ximo.<\/p>\n<div>\n<div class=\"article__embed article__embed--unwrap article__embed--dark\">\n<div class=\"article__innerTitle\">Ou\u00e7a e compartilhe!<\/div>\n<!--[if lt IE 9]><script>document.createElement('audio');<\/script><![endif]-->\n<audio class=\"wp-audio-shortcode\" id=\"audio-50881-1\" preload=\"none\" style=\"width: 100%;\" controls=\"controls\"><source type=\"audio\/mpeg\" src=\"https:\/\/media.vaticannews.va\/media\/audio\/s1\/2019\/07\/04\/09\/135116178_F135116178.mp3?_=1\" \/><a href=\"https:\/\/media.vaticannews.va\/media\/audio\/s1\/2019\/07\/04\/09\/135116178_F135116178.mp3\">https:\/\/media.vaticannews.va\/media\/audio\/s1\/2019\/07\/04\/09\/135116178_F135116178.mp3<\/a><\/audio>\n<\/div>\n<\/div>\n<p>Os Exerc\u00edcios s\u00e3o pregados em uma Casa de Retiros \u00e0s margens do Lago de Tiber\u00edades pelo bispo C\u00e9sar Essayan OFMConv, Vig\u00e1rio Apost\u00f3lico de Beirute para os cat\u00f3licos do rito latino.<\/p>\n<p>As medita\u00e7\u00f5es propostas por Dom C\u00e9sar tamb\u00e9m s\u00e3o inspiradas na ora\u00e7\u00e3o de S\u00e3o Francisco, em sua espiritualidade eucar\u00edstica e devo\u00e7\u00e3o \u00e0 Virgem Maria.<\/p>\n<p>No contexto de ora\u00e7\u00e3o e reflex\u00e3o dos Exerc\u00edcios Espirituais \u2013 refere o site em \u00e1rabe <a href=\"http:\/\/abouna.org\/\" rel=\"external nofollow\">abouna.org<\/a> \u00a0&#8211; os sacerdotes pertencentes a diferentes Igrejas Cat\u00f3licas poder\u00e3o tamb\u00e9m falar sobre os conte\u00fados e o impacto do <a href=\"http:\/\/w2.vatican.va\/content\/francesco\/pt\/travels\/2019\/outside\/documents\/papa-francesco_20190204_documento-fratellanza-umana.html\" rel=\"external nofollow\">Documento sobre a Fraternidade Humana em prol da Paz Mundial e a Conviv\u00eancia Comum<\/a> assinado em 4 de fevereiro, em Abu Dhabi, pelo Papa Francisco e pelo Gr\u00e3o Imame de Al Azhar.<\/p>\n<p>Al\u00e9m disso, um encontro ser\u00e1 dedicado a uma troca de considera\u00e7\u00f5es sobre o M\u00eas Mission\u00e1rio Extraordin\u00e1rio, convocado pelo Papa Francisco para o pr\u00f3ximo m\u00eas de outubro.<\/p>\n<p>Em particular, os participantes dos Exerc\u00edcios Espirituais poder\u00e3o oferecer propostas e contribui\u00e7\u00f5es sobre iniciativas a serem implementadas para encorajar uma frut\u00edfera participa\u00e7\u00e3o dos cat\u00f3licos da Terra Santa no M\u00eas Mission\u00e1rio.<\/p>\n<\/div>\n","protected":false},"excerpt":{"rendered":"<p>Os Exerc\u00edcios &#8211; dedicados em particular \u00e0 figura e \u00e0 espiritualidade de S\u00e3o Francisco de Assis &#8211; s\u00e3o pregados no lago de Tiber\u00edades pelo bispo C\u00e9sar Essayan OFMConv, Vig\u00e1rio Apost\u00f3lico de Beirute para os cat\u00f3licos do rito latino. Cidade do Vaticano Sacerdotes cat\u00f3licos pertencentes a diferentes comunidades e ritos est\u00e3o participando de alguns dias de [&hellip;]<\/p>\n","protected":false},"author":1,"featured_media":50882,"comment_status":"open","ping_status":"closed","sticky":false,"template":"","format":"standard","meta":{"footnotes":""},"categories":[3],"tags":[],"class_list":["post-50881","post","type-post","status-publish","format-standard","has-post-thumbnail","hentry","category-vaticano"],"_links":{"self":[{"href":"https:\/\/catolicanet.net\/wp-cnet\/wp-json\/wp\/v2\/posts\/50881","targetHints":{"allow":["GET"]}}],"collection":[{"href":"https:\/\/catolicanet.net\/wp-cnet\/wp-json\/wp\/v2\/posts"}],"about":[{"href":"https:\/\/catolicanet.net\/wp-cnet\/wp-json\/wp\/v2\/types\/post"}],"author":[{"embeddable":true,"href":"https:\/\/catolicanet.net\/wp-cnet\/wp-json\/wp\/v2\/users\/1"}],"replies":[{"embeddable":true,"href":"https:\/\/catolicanet.net\/wp-cnet\/wp-json\/wp\/v2\/comments?post=50881"}],"version-history":[{"count":1,"href":"https:\/\/catolicanet.net\/wp-cnet\/wp-json\/wp\/v2\/posts\/50881\/revisions"}],"predecessor-version":[{"id":50883,"href":"https:\/\/catolicanet.net\/wp-cnet\/wp-json\/wp\/v2\/posts\/50881\/revisions\/50883"}],"wp:featuredmedia":[{"embeddable":true,"href":"https:\/\/catolicanet.net\/wp-cnet\/wp-json\/wp\/v2\/media\/50882"}],"wp:attachment":[{"href":"https:\/\/catolicanet.net\/wp-cnet\/wp-json\/wp\/v2\/media?parent=50881"}],"wp:term":[{"taxonomy":"category","embeddable":true,"href":"https:\/\/catolicanet.net\/wp-cnet\/wp-json\/wp\/v2\/categories?post=50881"},{"taxonomy":"post_tag","embeddable":true,"href":"https:\/\/catolicanet.net\/wp-cnet\/wp-json\/wp\/v2\/tags?post=50881"}],"curies":[{"name":"wp","href":"https:\/\/api.w.org\/{rel}","templated":true}]}}