{"id":50872,"date":"2019-07-04T14:12:57","date_gmt":"2019-07-04T17:12:57","guid":{"rendered":"http:\/\/catolicanet.net\/wp-cnet\/?p=50872"},"modified":"2019-07-04T15:07:05","modified_gmt":"2019-07-04T18:07:05","slug":"papa-na-intencao-de-oracao-de-julho-rezar-pelos-que-administram-a-justica","status":"publish","type":"post","link":"https:\/\/catolicanet.net\/wp-cnet\/papa-na-intencao-de-oracao-de-julho-rezar-pelos-que-administram-a-justica\/","title":{"rendered":"Papa na inten\u00e7\u00e3o de ora\u00e7\u00e3o de julho: rezar pelos que administram a justi\u00e7a"},"content":{"rendered":"<p><iframe loading=\"lazy\" width=\"696\" height=\"392\" src=\"https:\/\/www.youtube.com\/embed\/SPo67m719AY?feature=oembed\" frameborder=\"0\" allow=\"accelerometer; autoplay; encrypted-media; gyroscope; picture-in-picture\" allowfullscreen><\/iframe><\/p>\n<div class=\"article__subTitle\">O Pont\u00edfice nos pede para rezar pelos magistrados, ju\u00edzes e advogados que administram a justi\u00e7a em todo o mundo, a fim de que possam trabalhar com integridade e respeitar a dignidade humana.<\/div>\n<div class=\"title__separator\"><\/div>\n<div class=\"article__text\">\n<p><b>Cidade do Vaticano<\/b><\/p>\n<p>Foi divulgada, nesta quinta-feira (04\/07), a v\u00eddeo mensagem do Papa Francisco com a inten\u00e7\u00e3o de ora\u00e7\u00e3o para o m\u00eas de julho.<\/p>\n<p>O Pont\u00edfice nos pede para rezar pelos magistrados, ju\u00edzes e advogados que administram a justi\u00e7a em todo o mundo, a fim de que possam trabalhar com integridade e respeitar a dignidade humana, sem interesses pessoais ego\u00edstas ou agendas ocultas, num contexto de transpar\u00eancia e imparcialidade.<\/p>\n<p>\u201cDos ju\u00edzes dependem decis\u00f5es que influenciam os direitos e os bens das pessoas. Sua independ\u00eancia deve ajud\u00e1-los a serem isentos de favoritismos e de press\u00f5es que possam contaminar as decis\u00f5es que devem tomar\u201d, ressalta o Papa na mensagem de v\u00eddeo.<\/p>\n<div>\n<div class=\"article__embed article__embed--unwrap article__embed--dark\">\n<div class=\"article__innerTitle\">Ou\u00e7a a reportagem<\/div>\n<!--[if lt IE 9]><script>document.createElement('audio');<\/script><![endif]-->\n<audio class=\"wp-audio-shortcode\" id=\"audio-50872-1\" preload=\"none\" style=\"width: 100%;\" controls=\"controls\"><source type=\"audio\/mpeg\" src=\"https:\/\/media.vaticannews.va\/media\/audio\/s1\/2019\/07\/04\/16\/135117485_F135117485.mp3?_=1\" \/><a href=\"https:\/\/media.vaticannews.va\/media\/audio\/s1\/2019\/07\/04\/16\/135117485_F135117485.mp3\">https:\/\/media.vaticannews.va\/media\/audio\/s1\/2019\/07\/04\/16\/135117485_F135117485.mp3<\/a><\/audio>\n<\/div>\n<\/div>\n<p>Segundo Francisco, \u201cos ju\u00edzes devem seguir o exemplo de Jesus, que nunca negocia a verdade\u201d.<\/p>\n<p>\u201cRezemos para que todos aqueles que administram a justi\u00e7a trabalhem com integridade e para que a injusti\u00e7a que atravessa o mundo n\u00e3o tenha a \u00faltima palavra\u201d, exorta o Papa.<\/p>\n<h2>A integridade da justi\u00e7a \u00e9 uma das v\u00edtimas da corrup\u00e7\u00e3o<\/h2>\n<p>O fen\u00f4meno maligno da corrup\u00e7\u00e3o da justi\u00e7a \u00e9 um obst\u00e1culo para as pessoas e na\u00e7\u00f5es que vivem juntas em paz e prosperidade. Isso cria rachaduras no tecido social.<\/p>\n<p>De acordo com a Conven\u00e7\u00e3o das Na\u00e7\u00f5es Unidas contra a Corrup\u00e7\u00e3o, a integridade da justi\u00e7a \u00e9 uma das v\u00edtimas mais significativas do flagelo da corrup\u00e7\u00e3o. Al\u00e9m disso, a corrup\u00e7\u00e3o da justi\u00e7a afeta fortemente os mais pobres, pois fomenta a desigualdade.<\/p>\n<p>Quando o meio social \u00e9 afetado pela pobreza, fome e sofrimento, aqueles cuja profiss\u00e3o \u00e9 defender e garantir a justi\u00e7a tornam-se indispens\u00e1veis, trabalhando para impedir que essas condi\u00e7\u00f5es criem o que o Papa Francisco chamou de \u201cterreno f\u00e9rtil para a ilegalidade\u201d. S\u00f3 o valor fundamental da justi\u00e7a pode garantir o funcionamento correto da vida p\u00fablica.<\/p>\n<p>Para o Santo Padre, a justi\u00e7a n\u00e3o pode ser apenas um \u201ctraje extra\u201d ou um disfarce que s\u00f3 usamos para ir \u00e0s festas. \u00c9 por isso que ele nos pede para rezar especialmente, neste m\u00eas de julho, para que os respons\u00e1veis por transmitir a justi\u00e7a realizem seu trabalho com integridade.<\/p>\n<\/div>\n","protected":false},"excerpt":{"rendered":"<p>O Pont\u00edfice nos pede para rezar pelos magistrados, ju\u00edzes e advogados que administram a justi\u00e7a em todo o mundo, a fim de que possam trabalhar com integridade e respeitar a dignidade humana. Cidade do Vaticano Foi divulgada, nesta quinta-feira (04\/07), a v\u00eddeo mensagem do Papa Francisco com a inten\u00e7\u00e3o de ora\u00e7\u00e3o para o m\u00eas de [&hellip;]<\/p>\n","protected":false},"author":1,"featured_media":50873,"comment_status":"open","ping_status":"closed","sticky":false,"template":"","format":"standard","meta":{"footnotes":""},"categories":[13],"tags":[],"class_list":["post-50872","post","type-post","status-publish","format-standard","has-post-thumbnail","hentry","category-featured"],"_links":{"self":[{"href":"https:\/\/catolicanet.net\/wp-cnet\/wp-json\/wp\/v2\/posts\/50872","targetHints":{"allow":["GET"]}}],"collection":[{"href":"https:\/\/catolicanet.net\/wp-cnet\/wp-json\/wp\/v2\/posts"}],"about":[{"href":"https:\/\/catolicanet.net\/wp-cnet\/wp-json\/wp\/v2\/types\/post"}],"author":[{"embeddable":true,"href":"https:\/\/catolicanet.net\/wp-cnet\/wp-json\/wp\/v2\/users\/1"}],"replies":[{"embeddable":true,"href":"https:\/\/catolicanet.net\/wp-cnet\/wp-json\/wp\/v2\/comments?post=50872"}],"version-history":[{"count":1,"href":"https:\/\/catolicanet.net\/wp-cnet\/wp-json\/wp\/v2\/posts\/50872\/revisions"}],"predecessor-version":[{"id":50874,"href":"https:\/\/catolicanet.net\/wp-cnet\/wp-json\/wp\/v2\/posts\/50872\/revisions\/50874"}],"wp:featuredmedia":[{"embeddable":true,"href":"https:\/\/catolicanet.net\/wp-cnet\/wp-json\/wp\/v2\/media\/50873"}],"wp:attachment":[{"href":"https:\/\/catolicanet.net\/wp-cnet\/wp-json\/wp\/v2\/media?parent=50872"}],"wp:term":[{"taxonomy":"category","embeddable":true,"href":"https:\/\/catolicanet.net\/wp-cnet\/wp-json\/wp\/v2\/categories?post=50872"},{"taxonomy":"post_tag","embeddable":true,"href":"https:\/\/catolicanet.net\/wp-cnet\/wp-json\/wp\/v2\/tags?post=50872"}],"curies":[{"name":"wp","href":"https:\/\/api.w.org\/{rel}","templated":true}]}}