{"id":50869,"date":"2019-07-04T14:07:35","date_gmt":"2019-07-04T17:07:35","guid":{"rendered":"http:\/\/catolicanet.net\/wp-cnet\/?p=50869"},"modified":"2019-07-04T14:07:35","modified_gmt":"2019-07-04T17:07:35","slug":"audiencia-do-papa-ao-presidente-russo-putin-cerca-de-uma-hora-de-conversa","status":"publish","type":"post","link":"https:\/\/catolicanet.net\/wp-cnet\/audiencia-do-papa-ao-presidente-russo-putin-cerca-de-uma-hora-de-conversa\/","title":{"rendered":"Audi\u00eancia do Papa ao presidente russo Putin: cerca de uma hora de conversa"},"content":{"rendered":"<div class=\"article__subTitle\">Francisco recebeu o presidente russo Vladimir Putin no Vaticano. Ap\u00f3s a acolhida, a conversa privada, depois a sauda\u00e7\u00e3o \u00e0 delega\u00e7\u00e3o russa e a troca de presentes. No final, os encontros com o Cardeal Parolin e o Arcebispo Gallagher.<\/div>\n<div class=\"title__separator\"><\/div>\n<div class=\"article__text\">\n<p><b>Cidade do Vaticano<\/b><\/p>\n<p>Durou cerca de uma hora a audi\u00eancia do Papa Francisco ao presidente da Federa\u00e7\u00e3o Russa, Vladimir Putin, recebido hoje no Vaticano com uma comitiva. A conversa privada teve lugar na Sala da Biblioteca, ap\u00f3s a chegada do chefe do Kremlin, pouco depois das 14h00 (hora de Roma), ao Pal\u00e1cio Apost\u00f3lico, precedido pelo Ministro do Exterior russo, Serghei Lavrov.<\/p>\n<div>\n<div class=\"article__embed article__embed--unwrap article__embed--dark\">\n<div class=\"article__innerTitle\">Ou\u00e7a e compartilhe!<\/div>\n<!--[if lt IE 9]><script>document.createElement('audio');<\/script><![endif]-->\n<audio class=\"wp-audio-shortcode\" id=\"audio-50869-1\" preload=\"none\" style=\"width: 100%;\" controls=\"controls\"><source type=\"audio\/mpeg\" src=\"https:\/\/media.vaticannews.va\/media\/audio\/s1\/2019\/07\/04\/17\/135117913_F135117913.mp3?_=1\" \/><a href=\"https:\/\/media.vaticannews.va\/media\/audio\/s1\/2019\/07\/04\/17\/135117913_F135117913.mp3\">https:\/\/media.vaticannews.va\/media\/audio\/s1\/2019\/07\/04\/17\/135117913_F135117913.mp3<\/a><\/audio>\n<\/div>\n<\/div>\n<p>Em um comunicado, a Sala de Imprensa da Santa S\u00e9 informa que durante as cordiais conversa\u00e7\u00f5es, ambas as partes expressaram a sua satisfa\u00e7\u00e3o pelo desenvolvimento das rela\u00e7\u00f5es bilaterais, que foram ainda mais refor\u00e7adas com a assinatura hoje de um protocolo de entendimento relativo \u00e0 colabora\u00e7\u00e3o entre o Hospital &#8220;Bambino Ges\u00f9&#8221; e os Hospitais Infantis da Federa\u00e7\u00e3o Russa. Foram tamb\u00e9m abordadas algumas quest\u00f5es importantes para a vida da Igreja Cat\u00f3lica na R\u00fassia.<\/p>\n<p>Durante o col\u00f3quio foi discutida a quest\u00e3o ecol\u00f3gica, como tamb\u00e9m algumas quest\u00f5es internacionais, com particular refer\u00eancia \u00e0 S\u00edria, Ucr\u00e2nia e Venezuela.<\/p>\n<h2>A troca de presentes<\/h2>\n<p>Na conclus\u00e3o do encontro a sauda\u00e7\u00e3o \u00e0 delega\u00e7\u00e3o russa e a troca de presentes. O Pont\u00edfice ilustrou ao Chefe de Estado uma medalha do fim da Primeira Guerra Mundial. Depois entregou uma c\u00f3pia da Mensagem para o Dia Mundial da Paz de 1\u00ba de janeiro passado, assinada hoje para Putin, depois as exorta\u00e7\u00f5es apost\u00f3licas <i>Gaudete et Exultate<\/i> sobre o chamado \u00e0 santidade no mundo contempor\u00e2neo e <i>Christus Vivit<\/i> aos jovens e a todo o Povo de Deus, enfim, um exemplar do Documento de Abu Dhabi sobre a fraternidade humana para a paz mundial e a conviv\u00eancia comum. O Presidente Putin doou ao Papa um \u00edcone, um livro e a c\u00f3pia de um filme.<\/p>\n<h2>Terceira audi\u00eancia do Papa a Putin<\/h2>\n<p>Em seguida, o encontro com o cardeal Secret\u00e1rio de Estado Pietro Parolin e o arcebispo Paul Richard Gallagher, Secret\u00e1rio para as Rela\u00e7\u00f5es com os Estados. A audi\u00eancia de hoje foi a terceira do Papa Francisco ao Presidente da Federa\u00e7\u00e3o Russa, depois dos encontros de 2013 e 2015.<\/p>\n<div class=\"article__text\">\n<p>&nbsp;<\/p>\n<\/div>\n<\/div>\n","protected":false},"excerpt":{"rendered":"<p>Francisco recebeu o presidente russo Vladimir Putin no Vaticano. Ap\u00f3s a acolhida, a conversa privada, depois a sauda\u00e7\u00e3o \u00e0 delega\u00e7\u00e3o russa e a troca de presentes. No final, os encontros com o Cardeal Parolin e o Arcebispo Gallagher. Cidade do Vaticano Durou cerca de uma hora a audi\u00eancia do Papa Francisco ao presidente da Federa\u00e7\u00e3o [&hellip;]<\/p>\n","protected":false},"author":1,"featured_media":50870,"comment_status":"open","ping_status":"closed","sticky":false,"template":"","format":"standard","meta":{"footnotes":""},"categories":[13],"tags":[],"class_list":["post-50869","post","type-post","status-publish","format-standard","has-post-thumbnail","hentry","category-featured"],"_links":{"self":[{"href":"https:\/\/catolicanet.net\/wp-cnet\/wp-json\/wp\/v2\/posts\/50869","targetHints":{"allow":["GET"]}}],"collection":[{"href":"https:\/\/catolicanet.net\/wp-cnet\/wp-json\/wp\/v2\/posts"}],"about":[{"href":"https:\/\/catolicanet.net\/wp-cnet\/wp-json\/wp\/v2\/types\/post"}],"author":[{"embeddable":true,"href":"https:\/\/catolicanet.net\/wp-cnet\/wp-json\/wp\/v2\/users\/1"}],"replies":[{"embeddable":true,"href":"https:\/\/catolicanet.net\/wp-cnet\/wp-json\/wp\/v2\/comments?post=50869"}],"version-history":[{"count":1,"href":"https:\/\/catolicanet.net\/wp-cnet\/wp-json\/wp\/v2\/posts\/50869\/revisions"}],"predecessor-version":[{"id":50871,"href":"https:\/\/catolicanet.net\/wp-cnet\/wp-json\/wp\/v2\/posts\/50869\/revisions\/50871"}],"wp:featuredmedia":[{"embeddable":true,"href":"https:\/\/catolicanet.net\/wp-cnet\/wp-json\/wp\/v2\/media\/50870"}],"wp:attachment":[{"href":"https:\/\/catolicanet.net\/wp-cnet\/wp-json\/wp\/v2\/media?parent=50869"}],"wp:term":[{"taxonomy":"category","embeddable":true,"href":"https:\/\/catolicanet.net\/wp-cnet\/wp-json\/wp\/v2\/categories?post=50869"},{"taxonomy":"post_tag","embeddable":true,"href":"https:\/\/catolicanet.net\/wp-cnet\/wp-json\/wp\/v2\/tags?post=50869"}],"curies":[{"name":"wp","href":"https:\/\/api.w.org\/{rel}","templated":true}]}}