{"id":5085,"date":"2014-09-05T19:38:49","date_gmt":"2014-09-05T22:38:49","guid":{"rendered":"http:\/\/catolicanet.net\/wp-cnet\/a-forca-de-madre-teresa-estava-na-oracao-diz-pe-vazhakala\/"},"modified":"2017-04-06T14:05:55","modified_gmt":"2017-04-06T17:05:55","slug":"a-forca-de-madre-teresa-estava-na-oracao-diz-pe-vazhakala","status":"publish","type":"post","link":"https:\/\/catolicanet.net\/wp-cnet\/a-forca-de-madre-teresa-estava-na-oracao-diz-pe-vazhakala\/","title":{"rendered":"A for\u00e7a de Madre Teresa estava na ora\u00e7\u00e3o, diz Pe. Vazhakala"},"content":{"rendered":"<p style=\"text-align: justify;\"><img decoding=\"async\" src=\"http:\/\/catolicanet.com.br\/images\/stories\/madreterezasorrindo.jpg\" border=\"0\" align=\"left\" \/>A Igreja celebra neste dia 5 de setembro a mem\u00f3ria da Beata Madre Teresa de Calcut\u00e1, uma das figuras mais amadas pelo seu incans\u00e1vel trabalho em favor dos necessitados e Pr\u00eamio Nobel da Paz 1979. Justamente em um 5 de setembro, h\u00e1 17 anos, Madre Teresa vinha a falecer entre seus pobres de Calcut\u00e1. Sobre este modelo de santidade, a R\u00e1dio Vaticano entrevistou Padre Sebastian Vazhakala, Superior Geral dos Mission\u00e1rios Contemplativos da Caridade, Congrega\u00e7\u00e3o fundada em 1979 junto com Madre Teresa:<\/p>\n<p><strong>Pe. Vazhakala:<\/strong> \u201cEla desejava com todo o cora\u00e7\u00e3o amar o pr\u00f3ximo, amar a Deus e amar a Deus no pr\u00f3ximo. Ela sentia tudo isto com todo o cora\u00e7\u00e3o, a tal ponto que n\u00f3s sempre, cada vez que celebramos uma festa deste tipo, fazemos uma esp\u00e9cie de exame de consci\u00eancia importante. Deste modo, envolve quase todos, pois ela envolveu todo o mundo com a obra de caridade, da miss\u00e3o, da compaix\u00e3o. Tamb\u00e9m o Papa Francisco agora fala de miseric\u00f3rdia, de compaix\u00e3o n\u00e3o somente com palavras, mas com a a\u00e7\u00e3o. Assim, a cada festa de Madre Teresa de Calcut\u00e1 renova-se, para n\u00f3s, o seu esp\u00edrito\u201d.<\/p>\n<p><strong>RV:<\/strong> O senhor, obviamente, tem muitas recorda\u00e7\u00f5es. Alguma em particular para partilhar com nossos ouvintes?<\/p>\n<p><strong>Pe. Vazhakala:<\/strong> \u201cAs recorda\u00e7\u00f5es s\u00e3o muitas. Quando me encontrava na \u201cCasa dos Moribundos\u201d, em Calcut\u00e1, vi uma vez chegar uma ambul\u00e2ncia trazendo uma pessoa que vinha da rua. Olhando para ele me dei conta que j\u00e1 havia estado conosco mais de dez vezes. Ent\u00e3o eu disse a Madre Teresa: \u201cMadre, \u00e9 in\u00fatil ficar com este homem, porque quando se sentir\u00e1 um pouco melhor, vai embora\u201d. E ela me disse: \u201cOu\u00e7a Padre Sebastiano, n\u00e3o \u00e9 quest\u00e3o de quem este homem foi ontem, ou se ir\u00e1 embora amanh\u00e3: a quest\u00e3o \u00e9 que \u00e9 necess\u00e1rio sempre viver o presente, porque muitas vezes perdemos muito tempo vivendo no ontem, ou em um amanh\u00e3 que ainda n\u00e3o temos. Assim hoje, quando vem uma pessoa ao nosso port\u00e3o, mesmo aqui em Roma, no Largo Prenestre na Casa Serena, o meu pensamento \u00e9 sempre este\u201d.<\/p>\n<p><strong>RV:<\/strong> Uma vez perguntaram a Madre Teresa qual era o seu segredo e ela respondeu simplesmente: rezo!<\/p>\n<p><strong>Pe. Vazhakala:<\/strong> \u201cMil vezes eu ouvi as pessoas fazendo esta pergunta: \u201cDe onde vem esta for\u00e7a de Madre Teresa?\u201d. E ela sempre indicava o Tabern\u00e1culo: \u201cDal\u00ed, de Jesus no Sant\u00edssimo Sacramento\u201d. Ela sentia isto porque sem a Missa di\u00e1ria, sem a Comunh\u00e3o \u2013 dizia sempre \u2013 n\u00e3o se pode prosseguir. Tamb\u00e9m para n\u00f3s \u00e9 o mesmo. Portanto, a Adora\u00e7\u00e3o Eucar\u00edstica, a Missa, a Comunh\u00e3o, a ora\u00e7\u00e3o di\u00e1ria que recitava por v\u00e1rias horas durante o dia&#8230;esta era a sua for\u00e7a\u201d.<\/p>\n<p style=\"text-align: justify;\">\u00a0<\/p>\n<p style=\"text-align: justify;\"><strong>Fonte:<\/strong> R\u00e1dio Vaticano<br \/><strong>Local:<\/strong> Cidade do Vaticano<\/p>\n","protected":false},"excerpt":{"rendered":"<p>A Igreja celebra neste dia 5 de setembro a mem\u00f3ria da Beata Madre Teresa de Calcut\u00e1, uma das figuras mais amadas pelo seu incans\u00e1vel trabalho em favor dos necessitados e Pr\u00eamio Nobel da Paz 1979. Justamente em um 5 de setembro, h\u00e1 17 anos, Madre Teresa vinha a falecer entre seus pobres de Calcut\u00e1. Sobre [&hellip;]<\/p>\n","protected":false},"author":1,"featured_media":0,"comment_status":"closed","ping_status":"closed","sticky":false,"template":"","format":"standard","meta":{"footnotes":""},"categories":[3],"tags":[],"class_list":["post-5085","post","type-post","status-publish","format-standard","hentry","category-vaticano"],"_links":{"self":[{"href":"https:\/\/catolicanet.net\/wp-cnet\/wp-json\/wp\/v2\/posts\/5085","targetHints":{"allow":["GET"]}}],"collection":[{"href":"https:\/\/catolicanet.net\/wp-cnet\/wp-json\/wp\/v2\/posts"}],"about":[{"href":"https:\/\/catolicanet.net\/wp-cnet\/wp-json\/wp\/v2\/types\/post"}],"author":[{"embeddable":true,"href":"https:\/\/catolicanet.net\/wp-cnet\/wp-json\/wp\/v2\/users\/1"}],"replies":[{"embeddable":true,"href":"https:\/\/catolicanet.net\/wp-cnet\/wp-json\/wp\/v2\/comments?post=5085"}],"version-history":[{"count":1,"href":"https:\/\/catolicanet.net\/wp-cnet\/wp-json\/wp\/v2\/posts\/5085\/revisions"}],"predecessor-version":[{"id":9968,"href":"https:\/\/catolicanet.net\/wp-cnet\/wp-json\/wp\/v2\/posts\/5085\/revisions\/9968"}],"wp:attachment":[{"href":"https:\/\/catolicanet.net\/wp-cnet\/wp-json\/wp\/v2\/media?parent=5085"}],"wp:term":[{"taxonomy":"category","embeddable":true,"href":"https:\/\/catolicanet.net\/wp-cnet\/wp-json\/wp\/v2\/categories?post=5085"},{"taxonomy":"post_tag","embeddable":true,"href":"https:\/\/catolicanet.net\/wp-cnet\/wp-json\/wp\/v2\/tags?post=5085"}],"curies":[{"name":"wp","href":"https:\/\/api.w.org\/{rel}","templated":true}]}}