{"id":5083,"date":"2014-09-05T19:27:07","date_gmt":"2014-09-05T22:27:07","guid":{"rendered":"http:\/\/catolicanet.net\/wp-cnet\/papa-recebe-presidente-do-panama-no-centro-dos-coloquios-o-combate-a-pobreza\/"},"modified":"2017-04-06T14:05:13","modified_gmt":"2017-04-06T17:05:13","slug":"papa-recebe-presidente-do-panama-no-centro-dos-coloquios-o-combate-a-pobreza","status":"publish","type":"post","link":"https:\/\/catolicanet.net\/wp-cnet\/papa-recebe-presidente-do-panama-no-centro-dos-coloquios-o-combate-a-pobreza\/","title":{"rendered":"Papa recebe Presidente do Panam\u00e1: no centro dos col\u00f3quios, o combate \u00e0 pobreza"},"content":{"rendered":"<p style=\"text-align: justify;\"><img decoding=\"async\" src=\"http:\/\/catolicanet.com.br\/images\/stories\/papas\/papapresidentepanama.jpg\" border=\"0\" align=\"left\" \/>O Papa Francisco recebeu em audi\u00eancia na manh\u00e3 desta sexta-feira, no Vaticano, o presidente da Rep\u00fablica do Panam\u00e1, Juan Carlos Varela Rodr\u00edguez, que em seguida foi recebido pelo Cardeal Secret\u00e1rio de Estado, Pietro Parolin, e pelo Secret\u00e1rio das Rela\u00e7\u00f5es com os Estados, Dom Dominique Mamberti.<\/p>\n<p>Segundo comunicado da Sala de Imprensa da Santa Se, &#8220;durante os col\u00f3quios, que se realizaram num clima de cordialidade, se detiveram sobre a colabora\u00e7\u00e3o entre a Igreja e o Estado no enfrentamento de algumas problem\u00e1ticas sociais, de modo particular, atinentes \u00e0 juventude, aos pobres e aos mais vulner\u00e1veis&#8221;.<\/p>\n<p>Por fim, &#8220;mencionaram v\u00e1rias quest\u00f5es regionais na perspectiva do VII Encontro de C\u00fapula das Am\u00e9ricas, a realizar-se proximamente, bem como algumas problem\u00e1ticas internacionais, destacando o empenho do pa\u00eds em favor da constru\u00e7\u00e3o da paz&#8221;.<\/p>\n<p><strong>Fonte:<\/strong> R\u00e1dio Vaticano<br \/><strong>Local:<\/strong> Cidade do Vaticano<\/p>\n","protected":false},"excerpt":{"rendered":"<p>O Papa Francisco recebeu em audi\u00eancia na manh\u00e3 desta sexta-feira, no Vaticano, o presidente da Rep\u00fablica do Panam\u00e1, Juan Carlos Varela Rodr\u00edguez, que em seguida foi recebido pelo Cardeal Secret\u00e1rio de Estado, Pietro Parolin, e pelo Secret\u00e1rio das Rela\u00e7\u00f5es com os Estados, Dom Dominique Mamberti. Segundo comunicado da Sala de Imprensa da Santa Se, &#8220;durante [&hellip;]<\/p>\n","protected":false},"author":1,"featured_media":0,"comment_status":"closed","ping_status":"closed","sticky":false,"template":"","format":"standard","meta":{"footnotes":""},"categories":[4],"tags":[],"class_list":["post-5083","post","type-post","status-publish","format-standard","hentry","category-cotidiano"],"_links":{"self":[{"href":"https:\/\/catolicanet.net\/wp-cnet\/wp-json\/wp\/v2\/posts\/5083","targetHints":{"allow":["GET"]}}],"collection":[{"href":"https:\/\/catolicanet.net\/wp-cnet\/wp-json\/wp\/v2\/posts"}],"about":[{"href":"https:\/\/catolicanet.net\/wp-cnet\/wp-json\/wp\/v2\/types\/post"}],"author":[{"embeddable":true,"href":"https:\/\/catolicanet.net\/wp-cnet\/wp-json\/wp\/v2\/users\/1"}],"replies":[{"embeddable":true,"href":"https:\/\/catolicanet.net\/wp-cnet\/wp-json\/wp\/v2\/comments?post=5083"}],"version-history":[{"count":1,"href":"https:\/\/catolicanet.net\/wp-cnet\/wp-json\/wp\/v2\/posts\/5083\/revisions"}],"predecessor-version":[{"id":9966,"href":"https:\/\/catolicanet.net\/wp-cnet\/wp-json\/wp\/v2\/posts\/5083\/revisions\/9966"}],"wp:attachment":[{"href":"https:\/\/catolicanet.net\/wp-cnet\/wp-json\/wp\/v2\/media?parent=5083"}],"wp:term":[{"taxonomy":"category","embeddable":true,"href":"https:\/\/catolicanet.net\/wp-cnet\/wp-json\/wp\/v2\/categories?post=5083"},{"taxonomy":"post_tag","embeddable":true,"href":"https:\/\/catolicanet.net\/wp-cnet\/wp-json\/wp\/v2\/tags?post=5083"}],"curies":[{"name":"wp","href":"https:\/\/api.w.org\/{rel}","templated":true}]}}