{"id":50790,"date":"2019-07-03T08:55:45","date_gmt":"2019-07-03T11:55:45","guid":{"rendered":"http:\/\/catolicanet.net\/wp-cnet\/?p=50790"},"modified":"2019-07-03T08:55:45","modified_gmt":"2019-07-03T11:55:45","slug":"novo-secretario-para-o-pontificio-conselho-para-o-dialogo-inter-religioso","status":"publish","type":"post","link":"https:\/\/catolicanet.net\/wp-cnet\/novo-secretario-para-o-pontificio-conselho-para-o-dialogo-inter-religioso\/","title":{"rendered":"Novo secret\u00e1rio para o Pontif\u00edcio Conselho para o Di\u00e1logo Inter-religioso"},"content":{"rendered":"<div class=\"article__subTitle\">Na manh\u00e3 desta quarta-feira (03\/07) a Sala de Imprensa da Santa S\u00e9 comunicou duas novas nomea\u00e7\u00f5es para a C\u00faria Romana<\/div>\n<div class=\"title__separator\"><\/div>\n<div class=\"article__text\">\n<p>Cidade do Vaticano<\/p>\n<p>O Papa Francisco nomeou Secret\u00e1rio do Pontif\u00edcio Conselho para o Di\u00e1logo Inter-religioso, <b>Dom Indunil Janakaratne Kodithuwakku Kankanamalage<\/b>, do clero da Diocese de Badulla (Sri Lanka).<\/p>\n<p>O Bispo de Sri Lanka ocupava o cargo de Subsecret\u00e1rio do mesmo Pontif\u00edcio Conselho para o Di\u00e1logo Inter-religioso.<\/p>\n<p>Tamb\u00e9m foi nomeado pelo Papa Francisco o novo Chefe de Departamento para a Congrega\u00e7\u00e3o para a Doutrina da F\u00e9. Trata-se do sacerdote Johannes F\u00fcrnkranz, at\u00e9 agora Oficial do mesmo Dicast\u00e9rio.<\/p>\n<\/div>\n","protected":false},"excerpt":{"rendered":"<p>Na manh\u00e3 desta quarta-feira (03\/07) a Sala de Imprensa da Santa S\u00e9 comunicou duas novas nomea\u00e7\u00f5es para a C\u00faria Romana Cidade do Vaticano O Papa Francisco nomeou Secret\u00e1rio do Pontif\u00edcio Conselho para o Di\u00e1logo Inter-religioso, Dom Indunil Janakaratne Kodithuwakku Kankanamalage, do clero da Diocese de Badulla (Sri Lanka). O Bispo de Sri Lanka ocupava o [&hellip;]<\/p>\n","protected":false},"author":1,"featured_media":50791,"comment_status":"open","ping_status":"closed","sticky":false,"template":"","format":"standard","meta":{"footnotes":""},"categories":[3],"tags":[],"class_list":["post-50790","post","type-post","status-publish","format-standard","has-post-thumbnail","hentry","category-vaticano"],"_links":{"self":[{"href":"https:\/\/catolicanet.net\/wp-cnet\/wp-json\/wp\/v2\/posts\/50790","targetHints":{"allow":["GET"]}}],"collection":[{"href":"https:\/\/catolicanet.net\/wp-cnet\/wp-json\/wp\/v2\/posts"}],"about":[{"href":"https:\/\/catolicanet.net\/wp-cnet\/wp-json\/wp\/v2\/types\/post"}],"author":[{"embeddable":true,"href":"https:\/\/catolicanet.net\/wp-cnet\/wp-json\/wp\/v2\/users\/1"}],"replies":[{"embeddable":true,"href":"https:\/\/catolicanet.net\/wp-cnet\/wp-json\/wp\/v2\/comments?post=50790"}],"version-history":[{"count":1,"href":"https:\/\/catolicanet.net\/wp-cnet\/wp-json\/wp\/v2\/posts\/50790\/revisions"}],"predecessor-version":[{"id":50792,"href":"https:\/\/catolicanet.net\/wp-cnet\/wp-json\/wp\/v2\/posts\/50790\/revisions\/50792"}],"wp:featuredmedia":[{"embeddable":true,"href":"https:\/\/catolicanet.net\/wp-cnet\/wp-json\/wp\/v2\/media\/50791"}],"wp:attachment":[{"href":"https:\/\/catolicanet.net\/wp-cnet\/wp-json\/wp\/v2\/media?parent=50790"}],"wp:term":[{"taxonomy":"category","embeddable":true,"href":"https:\/\/catolicanet.net\/wp-cnet\/wp-json\/wp\/v2\/categories?post=50790"},{"taxonomy":"post_tag","embeddable":true,"href":"https:\/\/catolicanet.net\/wp-cnet\/wp-json\/wp\/v2\/tags?post=50790"}],"curies":[{"name":"wp","href":"https:\/\/api.w.org\/{rel}","templated":true}]}}